{"id":36849,"date":"2026-09-02T09:52:54","date_gmt":"2026-09-02T12:52:54","guid":{"rendered":"https:\/\/www.adufpb.org.br\/site\/?p=36849"},"modified":"2026-09-02T09:52:54","modified_gmt":"2026-09-02T12:52:54","slug":"encontro-para-assuntos-de-aposentadoria-debatera-temas-como-conjuntura-politica-e-saude-no-proximo-dia-11","status":"publish","type":"post","link":"https:\/\/www.adufpb.org.br\/site\/encontro-para-assuntos-de-aposentadoria-debatera-temas-como-conjuntura-politica-e-saude-no-proximo-dia-11\/","title":{"rendered":"Encontro para Assuntos de Aposentadoria debater\u00e1 temas como conjuntura pol\u00edtica e sa\u00fade no pr\u00f3ximo dia 11"},"content":{"rendered":"<p><a class=\"dt-pswp-item\" href=\"https:\/\/www.adufpb.org.br\/site\/wp-content\/uploads\/2026\/09\/CARD-ENCONTRO-SOBRE-ASSUNTOS-DE-APOSENTADORIA-SET-2026.png\" data-dt-img-description=\"\" data-large_image_width=\"1078\" data-large_image_height=\"1077\"><img loading=\"lazy\" decoding=\"async\" class=\"alignright size-medium wp-image-36850\" src=\"https:\/\/www.adufpb.org.br\/site\/wp-content\/uploads\/2026\/09\/CARD-ENCONTRO-SOBRE-ASSUNTOS-DE-APOSENTADORIA-SET-2026-300x300.png\" alt=\"\" width=\"300\" height=\"300\" srcset=\"https:\/\/www.adufpb.org.br\/site\/wp-content\/uploads\/2026\/09\/CARD-ENCONTRO-SOBRE-ASSUNTOS-DE-APOSENTADORIA-SET-2026-300x300.png 300w, https:\/\/www.adufpb.org.br\/site\/wp-content\/uploads\/2026\/09\/CARD-ENCONTRO-SOBRE-ASSUNTOS-DE-APOSENTADORIA-SET-2026-1024x1024.png 1024w, https:\/\/www.adufpb.org.br\/site\/wp-content\/uploads\/2026\/09\/CARD-ENCONTRO-SOBRE-ASSUNTOS-DE-APOSENTADORIA-SET-2026-150x150.png 150w, https:\/\/www.adufpb.org.br\/site\/wp-content\/uploads\/2026\/09\/CARD-ENCONTRO-SOBRE-ASSUNTOS-DE-APOSENTADORIA-SET-2026-768x767.png 768w, https:\/\/www.adufpb.org.br\/site\/wp-content\/uploads\/2026\/09\/CARD-ENCONTRO-SOBRE-ASSUNTOS-DE-APOSENTADORIA-SET-2026-250x250.png 250w, https:\/\/www.adufpb.org.br\/site\/wp-content\/uploads\/2026\/09\/CARD-ENCONTRO-SOBRE-ASSUNTOS-DE-APOSENTADORIA-SET-2026.png 1078w\" sizes=\"auto, (max-width: 300px) 100vw, 300px\" \/><\/a>A ADUFPB realiza no dia 11 de setembro mais uma edi\u00e7\u00e3o do Encontro para Assuntos de Aposentadoria, evento que tem como objetivo dialogar com a categoria a respeito de temas como conjuntura pol\u00edtica, Previd\u00eancia Social, ataque aos direitos dos(as) aposentados(as), sa\u00fade, seguran\u00e7a cibern\u00e9tica e propostas culturais.<\/p>\n<p>Com o tema \u201cNovos tempos, novos desafios: aposentadoria no mundo de hoje\u201d, o encontro ser\u00e1 realizado na Sede Sociocultural do sindicato, localizada no bairro do Cabo Branco, das 8h30 ao meio-dia. A programa\u00e7\u00e3o de atividades e os(as) palestrantes convidados ainda est\u00e3o sendo definidos e devem ser divulgados nos pr\u00f3ximos dias.<\/p>\n<p>Conforme o presidente da ADUFPB, professor Leonildo Santos, o Encontro de Aposentados ser\u00e1 principalmente um momento de di\u00e1logo com os(as) docentes que j\u00e1 n\u00e3o est\u00e3o em sala de aula, por\u00e9m se mant\u00eam na luta por melhorias, tanto para a categoria como para a educa\u00e7\u00e3o p\u00fablica como um todo.<\/p>\n<p>\u201cA Diretoria vai ouvir as professoras e os professores sobre as propostas para trabalhar em prol dos aposentados. Convidaremos o p\u00fablico a apresentar suas demandas e sugest\u00f5es a fim de que possamos atuar melhor na defesa dos direitos da categoria\u201d, afirma o presidente da ADUFPB.<\/p>\n<p>Embora tenha foco nos(as) aposentados(as), o evento \u00e9 aberto a todos(as) que t\u00eam interesse nos temas em discuss\u00e3o. Portanto, professores(as) da ativa que j\u00e1 est\u00e3o planejando a aposentadoria, ou mesmo que est\u00e3o longe de se aposentar, mas querem contribuir com os debates, tamb\u00e9m podem participar do evento.<\/p>\n<p>A fim de organizar o espa\u00e7o e garantir o conforto de todos(as), a ADUFPB disponibilizou um formul\u00e1rio de inscri\u00e7\u00e3o para o evento. <a href=\"https:\/\/forms.gle\/6DGJAWyADtTxtAuF6\" target=\"_blank\" rel=\"noopener\">Clique aqui para preench\u00ea-lo.<\/a><\/p>\n<p><em>Fonte: Ascom ADUFPB<\/em><\/p>\n","protected":false},"excerpt":{"rendered":"<p>A ADUFPB realiza no dia 11 de setembro mais uma edi\u00e7\u00e3o do Encontro para Assuntos de Aposentadoria, evento que tem como objetivo dialogar com a categoria a respeito de temas como conjuntura pol\u00edtica, Previd\u00eancia Social, ataque aos direitos dos(as) aposentados(as), sa\u00fade, seguran\u00e7a cibern\u00e9tica e propostas culturais. Com o tema \u201cNovos tempos, novos desafios: aposentadoria no&hellip;<\/p>\n","protected":false},"author":3,"featured_media":36850,"comment_status":"closed","ping_status":"closed","sticky":false,"template":"","format":"standard","meta":{"footnotes":""},"categories":[1405],"tags":[262,63,1625,57],"class_list":["post-36849","post","type-post","status-publish","format-standard","has-post-thumbnail","hentry","category-chamada-principal","tag-aposentadoria","tag-aposentados","tag-encontro-de-aposentados","tag-eventos","category-1405","description-off"],"_links":{"self":[{"href":"https:\/\/www.adufpb.org.br\/site\/wp-json\/wp\/v2\/posts\/36849","targetHints":{"allow":["GET"]}}],"collection":[{"href":"https:\/\/www.adufpb.org.br\/site\/wp-json\/wp\/v2\/posts"}],"about":[{"href":"https:\/\/www.adufpb.org.br\/site\/wp-json\/wp\/v2\/types\/post"}],"author":[{"embeddable":true,"href":"https:\/\/www.adufpb.org.br\/site\/wp-json\/wp\/v2\/users\/3"}],"replies":[{"embeddable":true,"href":"https:\/\/www.adufpb.org.br\/site\/wp-json\/wp\/v2\/comments?post=36849"}],"version-history":[{"count":1,"href":"https:\/\/www.adufpb.org.br\/site\/wp-json\/wp\/v2\/posts\/36849\/revisions"}],"predecessor-version":[{"id":36851,"href":"https:\/\/www.adufpb.org.br\/site\/wp-json\/wp\/v2\/posts\/36849\/revisions\/36851"}],"wp:featuredmedia":[{"embeddable":true,"href":"https:\/\/www.adufpb.org.br\/site\/wp-json\/wp\/v2\/media\/36850"}],"wp:attachment":[{"href":"https:\/\/www.adufpb.org.br\/site\/wp-json\/wp\/v2\/media?parent=36849"}],"wp:term":[{"taxonomy":"category","embeddable":true,"href":"https:\/\/www.adufpb.org.br\/site\/wp-json\/wp\/v2\/categories?post=36849"},{"taxonomy":"post_tag","embeddable":true,"href":"https:\/\/www.adufpb.org.br\/site\/wp-json\/wp\/v2\/tags?post=36849"}],"curies":[{"name":"wp","href":"https:\/\/api.w.org\/{rel}","templated":true}]}}