{"id":3676,"date":"2012-07-12T03:22:01","date_gmt":"2012-07-12T07:22:01","guid":{"rendered":"http:\/\/www.adufpb.org.br\/site\/?p=3676"},"modified":"2012-07-12T03:22:01","modified_gmt":"2012-07-12T07:22:01","slug":"cng-do-andes-sn-repudia-ameaca-de-corte-de-ponto","status":"publish","type":"post","link":"https:\/\/www.adufpb.org.br\/site\/cng-do-andes-sn-repudia-ameaca-de-corte-de-ponto\/","title":{"rendered":"CNG do ANDES-SN repudia amea\u00e7a de corte de ponto"},"content":{"rendered":"<p>Na sexta-feira (6), o governo baixou uma instru\u00e7\u00e3o para todos os dirigentes de \u00f3rg\u00e3os p\u00fablicos orientando o corte\u00a0de ponto dos servidores federais em greve. Uma c\u00f3pia da mensagem 552047, expedida pelas expedida pelas\u00a0Secretarias de Rela\u00e7\u00f5es do Trabalho e de Gest\u00e3o P\u00fablica no Servi\u00e7o P\u00fablico do Minist\u00e9rio do Planejamento,\u00a0Or\u00e7amento e Gest\u00e3o foi recebida pelo Comando Nacional de Greve do ANDES-SN.<\/p>\n<p>O documento, assinado pelo secret\u00e1rio de rela\u00e7\u00f5es de trabalho no servi\u00e7o p\u00fablico, S\u00e9rgio Mendon\u00e7a, e enviado\u00a0aos setores de recursos humanos de todas as Institui\u00e7\u00f5es do servi\u00e7o p\u00fablico federal, n\u00e3o s\u00f3 orienta \u00e0 \u201cado\u00e7\u00e3o\u00a0das provid\u00eancias na folha de pagamento para efetuar o corte de ponto referente aos dias parados\u201d, mas tamb\u00e9m,\u00a0alerta para a ado\u00e7\u00e3o de \u201cprovid\u00eancias cab\u00edveis, caso seja constatado excesso nas manifesta\u00e7\u00f5es\u201d.<\/p>\n<p>O Comando Nacional de Greve (CNG) do ANDES-SN repudia, veementemente, a tentativa de o governo federal\u00a0criminalizar os movimentos sociais, as atividades sindicais e as greves por meio da Mensagem 552047.<\/p>\n<p>Em nota, o CNG aponta que \u201cesse comunicado \u00e9, claramente, uma amea\u00e7a inaceit\u00e1vel ao nosso direito\u00a0constitucional de greve e uma tentativa de espalhar o medo entre a categoria. Nossa greve \u00e9 forte e n\u00e3o\u00a0recuaremos diante das press\u00f5es do Governo. A melhor forma de resist\u00eancia \u00e9 manter a uni\u00e3o e a mobiliza\u00e7\u00e3o na\u00a0luta por uma universidade p\u00fablica, gratuita, de qualidade e socialmente referenciada\u201d.<\/p>\n<p>A avalia\u00e7\u00e3o \u00e9 de que trata-se de uma iniciativa eminentemente pol\u00edtica e deve ser respondida politicamente pela\u00a0for\u00e7a da greve. Mesmo assim, na sexta (6), a Assessoria Jur\u00eddica do Sindicato Nacional foi consultada e\u00a0recomendou que, neste momento, os Comandos Locais de Greve fa\u00e7am o acompanhamento da situa\u00e7\u00e3o junto \u00e0s\u00a0administra\u00e7\u00f5es superiores e, caso seja adotada alguma medida concreta, a mesma seja prontamente informada\u00a0ao CNG.<\/p>\n<p>&nbsp;<\/p>\n<p><em>Fonte: ANDES-SN<\/em><\/p>\n","protected":false},"excerpt":{"rendered":"<p>Na sexta-feira (6), o governo baixou uma instru\u00e7\u00e3o para todos os dirigentes de \u00f3rg\u00e3os p\u00fablicos orientando o corte\u00a0de ponto dos servidores federais em greve. Uma c\u00f3pia da mensagem 552047, expedida pelas expedida pelas\u00a0Secretarias de Rela\u00e7\u00f5es do Trabalho e de Gest\u00e3o P\u00fablica no Servi\u00e7o P\u00fablico do Minist\u00e9rio do Planejamento,\u00a0Or\u00e7amento e Gest\u00e3o foi recebida pelo Comando Nacional&hellip;<\/p>\n","protected":false},"author":3,"featured_media":0,"comment_status":"open","ping_status":"open","sticky":false,"template":"","format":"standard","meta":{"footnotes":""},"categories":[15],"tags":[92,132],"class_list":["post-3676","post","type-post","status-publish","format-standard","hentry","category-noticias","tag-andes","tag-greve","category-15","description-off"],"_links":{"self":[{"href":"https:\/\/www.adufpb.org.br\/site\/wp-json\/wp\/v2\/posts\/3676","targetHints":{"allow":["GET"]}}],"collection":[{"href":"https:\/\/www.adufpb.org.br\/site\/wp-json\/wp\/v2\/posts"}],"about":[{"href":"https:\/\/www.adufpb.org.br\/site\/wp-json\/wp\/v2\/types\/post"}],"author":[{"embeddable":true,"href":"https:\/\/www.adufpb.org.br\/site\/wp-json\/wp\/v2\/users\/3"}],"replies":[{"embeddable":true,"href":"https:\/\/www.adufpb.org.br\/site\/wp-json\/wp\/v2\/comments?post=3676"}],"version-history":[{"count":1,"href":"https:\/\/www.adufpb.org.br\/site\/wp-json\/wp\/v2\/posts\/3676\/revisions"}],"predecessor-version":[{"id":3677,"href":"https:\/\/www.adufpb.org.br\/site\/wp-json\/wp\/v2\/posts\/3676\/revisions\/3677"}],"wp:attachment":[{"href":"https:\/\/www.adufpb.org.br\/site\/wp-json\/wp\/v2\/media?parent=3676"}],"wp:term":[{"taxonomy":"category","embeddable":true,"href":"https:\/\/www.adufpb.org.br\/site\/wp-json\/wp\/v2\/categories?post=3676"},{"taxonomy":"post_tag","embeddable":true,"href":"https:\/\/www.adufpb.org.br\/site\/wp-json\/wp\/v2\/tags?post=3676"}],"curies":[{"name":"wp","href":"https:\/\/api.w.org\/{rel}","templated":true}]}}