{"id":36719,"date":"2026-07-13T20:47:14","date_gmt":"2026-07-13T23:47:14","guid":{"rendered":"https:\/\/www.adufpb.org.br\/site\/?p=36719"},"modified":"2026-07-27T11:07:26","modified_gmt":"2026-07-27T14:07:26","slug":"eleicao-2026-adufpb-chapas-participam-de-rodada-de-debates","status":"publish","type":"post","link":"https:\/\/www.adufpb.org.br\/site\/eleicao-2026-adufpb-chapas-participam-de-rodada-de-debates\/","title":{"rendered":"Elei\u00e7\u00f5es ADUFPB 2026: chapas participam de rodada de debates no interior e em Jo\u00e3o Pessoa"},"content":{"rendered":"<p><a href=\"https:\/\/www.adufpb.org.br\/site\/wp-content\/uploads\/2026\/07\/CARD-ELEICOES-ADUFPB-DEBATES.jpg\"><img loading=\"lazy\" decoding=\"async\" class=\"alignleft wp-image-36739 size-medium\" src=\"https:\/\/www.adufpb.org.br\/site\/wp-content\/uploads\/2026\/07\/CARD-ELEICOES-ADUFPB-DEBATES-300x300.jpg\" alt=\"\" width=\"300\" height=\"300\" srcset=\"https:\/\/www.adufpb.org.br\/site\/wp-content\/uploads\/2026\/07\/CARD-ELEICOES-ADUFPB-DEBATES-300x300.jpg 300w, https:\/\/www.adufpb.org.br\/site\/wp-content\/uploads\/2026\/07\/CARD-ELEICOES-ADUFPB-DEBATES-1024x1024.jpg 1024w, https:\/\/www.adufpb.org.br\/site\/wp-content\/uploads\/2026\/07\/CARD-ELEICOES-ADUFPB-DEBATES-150x150.jpg 150w, https:\/\/www.adufpb.org.br\/site\/wp-content\/uploads\/2026\/07\/CARD-ELEICOES-ADUFPB-DEBATES-768x767.jpg 768w, https:\/\/www.adufpb.org.br\/site\/wp-content\/uploads\/2026\/07\/CARD-ELEICOES-ADUFPB-DEBATES-250x250.jpg 250w, https:\/\/www.adufpb.org.br\/site\/wp-content\/uploads\/2026\/07\/CARD-ELEICOES-ADUFPB-DEBATES.jpg 1078w\" sizes=\"auto, (max-width: 300px) 100vw, 300px\" \/><\/a>Uma rodada de debates entre os candidatos das duas chapas inscritas para elei\u00e7\u00e3o da nova Diretoria Executiva da <strong>ADUFPB<\/strong> acontecer\u00e1 nos pr\u00f3ximos dias 15\/07 (quarta-feira), nos campi de Bananeiras, \u00e0s 9h30 e de Areia, \u00e0s 15h. No dia 16\/07 (quinta-feira), no campus do Litoral Norte (Rio Tinto), \u00e0s 19h. E no dia 23\/07 (quinta-feira), no campus de Jo\u00e3o Pessoa, \u00e0s 16h. Com isso, os docentes sindicalizados(as) ter\u00e3o a oportunidade de conhecer melhor as propostas das duas chapas.<\/p>\n<p>Em Bananeiras, o debate acontecer\u00e1 no Mini audit\u00f3rio. J\u00e1 em Areia, ser\u00e1 no audit\u00f3rio da dire\u00e7\u00e3o do Centro. E o terceiro debate, que acontecer\u00e1 no Litoral Norte, ser\u00e1 no audit\u00f3rio Rita Baltazar em Rio Tinto. O evento de Jo\u00e3o Pessoa, al\u00e9m de presencial (local a ser definido), tamb\u00e9m ser\u00e1 transmitido, simultaneamente, no canal da <strong>ADUFPB<\/strong> o YouTube. Al\u00e9m disso, o v\u00eddeo ficar\u00e1 dispon\u00edvel, e quem n\u00e3o tiver disponibilidade para acompanhar no dia poder\u00e1 conferir o debate a qualquer momento.<\/p>\n<p>Os detalhes do evento foram definidos em reuni\u00e3o da Comiss\u00e3o Eleitoral com participa\u00e7\u00e3o de representantes das chapas. Segundo o presidente da Comiss\u00e3o, professor Marcelo Sitcovsky, o debate seguir\u00e1 o modelo dos realizados em anos anteriores, com apresenta\u00e7\u00e3o das chapas, um bloco de perguntas entre os candidatos e outro com perguntas dos(as) sindicalizados(as).<\/p>\n<p><strong>Sobre a elei\u00e7\u00e3o<\/strong><\/p>\n<p>A elei\u00e7\u00e3o da <strong>ADUFPB<\/strong> est\u00e1 marcada para acontecer no <strong>dia 29 de julho<\/strong>, <strong>nos quatro campi da UFPB<\/strong>. A campanha eleitoral segue at\u00e9 28 de julho. Est\u00e3o aptos(as) a votar todos(as) os(as) que se sindicalizaram pelo menos 30 dias antes da data de realiza\u00e7\u00e3o das elei\u00e7\u00f5es (29\/7) e est\u00e3o com a contribui\u00e7\u00e3o financeira paga.<\/p>\n<p>Est\u00e3o concorrendo \u00e0 elei\u00e7\u00e3o as chapas \u201cSustenta a Pisada: ADUFPB de Luta e pela Base\u201d (Chapa 1), tendo como candidata \u00e0 Presid\u00eancia a professora Ana Lia Vanderlei de Almeida (do Centro de Ci\u00eancias Jur\u00eddicas \u2013 CCJ), e \u201cDoc\u00eancia, Diversidade e Democracia\u201d (Chapa 2), cujo candidato \u00e0 Presid\u00eancia \u00e9 o professor Leonildo Santos do Nascimento Junior (do Centro de Ci\u00eancias da Sa\u00fade \u2013 CCS).<\/p>\n<p>A Comiss\u00e3o Eleitoral da ADUFPB \u00e9 formada pelos(as) professores(as) Marcelo Sitcovsky (presidente), Joaquim Feitosa, Edileuda Soares Diniz e Luciana Aparecida Aliaga Azara de Oliveira (suplente).<\/p>\n<p>&nbsp;<\/p>\n<p><strong>AGENDE-SE!<\/strong><\/p>\n<p>DEBATES &#8211; Datas e locais<\/p>\n<p><strong>15\/07 (quarta-feira)<\/strong> &#8211; Bananeiras, \u00e0s <strong>9h30 &#8211; Mini audit\u00f3rio<\/strong><br \/>\n<strong>15\/07<\/strong> <strong>(quarta-feira) &#8211;\u00a0 <\/strong>Areia, \u00e0s <strong>15h &#8211; Audit\u00f3rio da dire\u00e7\u00e3o do Centro<\/strong><\/p>\n<p><strong>16\/07 (quinta-feira) <\/strong>&#8211; Litoral Norte (Rio Tinto), \u00e0s <strong>19h &#8211; Audit\u00f3rio Rita Baltazar &#8211; Campus Rio Tinto<\/strong><\/p>\n<p><strong>23\/07<\/strong> <strong>(quinta-feira) <\/strong>&#8211; Jo\u00e3o Pessoa, \u00e0s <strong>16h &#8211; Local a ser definido<\/strong><\/p>\n<p>&nbsp;<\/p>\n<p><em>Fonte: Ascom ADUFPB<\/em><\/p>\n","protected":false},"excerpt":{"rendered":"<p>Uma rodada de debates entre os candidatos das duas chapas inscritas para elei\u00e7\u00e3o da nova Diretoria Executiva da ADUFPB acontecer\u00e1 nos pr\u00f3ximos dias 15\/07 (quarta-feira), nos campi de Bananeiras, \u00e0s 9h30 e de Areia, \u00e0s 15h. No dia 16\/07 (quinta-feira), no campus do Litoral Norte (Rio Tinto), \u00e0s 19h. E no dia 23\/07 (quinta-feira), no&hellip;<\/p>\n","protected":false},"author":8,"featured_media":36739,"comment_status":"closed","ping_status":"closed","sticky":false,"template":"","format":"standard","meta":{"footnotes":""},"categories":[1405,1874,15,417],"tags":[30,363],"class_list":["post-36719","post","type-post","status-publish","format-standard","has-post-thumbnail","hentry","category-chamada-principal","category-eleicoes-2026","category-noticias","category-noticias-destaque","tag-debate","tag-eleicoes-adufpb","category-1405","category-1874","category-15","category-417","description-off"],"_links":{"self":[{"href":"https:\/\/www.adufpb.org.br\/site\/wp-json\/wp\/v2\/posts\/36719","targetHints":{"allow":["GET"]}}],"collection":[{"href":"https:\/\/www.adufpb.org.br\/site\/wp-json\/wp\/v2\/posts"}],"about":[{"href":"https:\/\/www.adufpb.org.br\/site\/wp-json\/wp\/v2\/types\/post"}],"author":[{"embeddable":true,"href":"https:\/\/www.adufpb.org.br\/site\/wp-json\/wp\/v2\/users\/8"}],"replies":[{"embeddable":true,"href":"https:\/\/www.adufpb.org.br\/site\/wp-json\/wp\/v2\/comments?post=36719"}],"version-history":[{"count":12,"href":"https:\/\/www.adufpb.org.br\/site\/wp-json\/wp\/v2\/posts\/36719\/revisions"}],"predecessor-version":[{"id":36743,"href":"https:\/\/www.adufpb.org.br\/site\/wp-json\/wp\/v2\/posts\/36719\/revisions\/36743"}],"wp:featuredmedia":[{"embeddable":true,"href":"https:\/\/www.adufpb.org.br\/site\/wp-json\/wp\/v2\/media\/36739"}],"wp:attachment":[{"href":"https:\/\/www.adufpb.org.br\/site\/wp-json\/wp\/v2\/media?parent=36719"}],"wp:term":[{"taxonomy":"category","embeddable":true,"href":"https:\/\/www.adufpb.org.br\/site\/wp-json\/wp\/v2\/categories?post=36719"},{"taxonomy":"post_tag","embeddable":true,"href":"https:\/\/www.adufpb.org.br\/site\/wp-json\/wp\/v2\/tags?post=36719"}],"curies":[{"name":"wp","href":"https:\/\/api.w.org\/{rel}","templated":true}]}}