{"id":36493,"date":"2026-06-30T16:37:36","date_gmt":"2026-06-30T19:37:36","guid":{"rendered":"https:\/\/www.adufpb.org.br\/site\/?p=36493"},"modified":"2026-07-27T11:08:30","modified_gmt":"2026-07-27T14:08:30","slug":"duas-chapas-concorrerao-a-eleicao-da-adufpb-comissao-eleitoral-homologa-candidaturas","status":"publish","type":"post","link":"https:\/\/www.adufpb.org.br\/site\/duas-chapas-concorrerao-a-eleicao-da-adufpb-comissao-eleitoral-homologa-candidaturas\/","title":{"rendered":"Duas chapas concorrer\u00e3o \u00e0 elei\u00e7\u00e3o da ADUFPB; Comiss\u00e3o Eleitoral homologa candidaturas"},"content":{"rendered":"<p>A Comiss\u00e3o Eleitoral que organiza o processo de escolha da nova Diretoria Executiva e do novo Conselho de Representantes da ADUFPB homologou as inscri\u00e7\u00f5es das duas chapas inscritas para a disputa.<\/p>\n<p>Desta forma, est\u00e3o concorrendo \u00e0 elei\u00e7\u00e3o as chapas \u201cSustenta a Pisada: ADUFPB de Luta e pela Base\u201d (Chapa 1), tendo como candidata \u00e0 Presid\u00eancia a professora Ana Lia Vanderlei de Almeida (do Centro de Ci\u00eancias Jur\u00eddicas &#8211; CCJ), e \u201cDoc\u00eancia, Diversidade e Democracia\u201d (Chapa 2), cujo candidato \u00e0 Presid\u00eancia \u00e9 o professor Leonildo Santos do Nascimento Junior (do Centro de Ci\u00eancias da Sa\u00fade &#8211; CCS).<\/p>\n\n\t\t\t<style type='text\/css'>\n\t\t\t\t#gallery-1 {\n\t\t\t\t\tmargin: auto;\n\t\t\t\t}\n\t\t\t\t#gallery-1 .gallery-item {\n\t\t\t\t\tfloat: left;\n\t\t\t\t\tmargin-top: 10px;\n\t\t\t\t\ttext-align: center;\n\t\t\t\t\twidth: 50%;\n\t\t\t\t}\n\t\t\t\t#gallery-1 img {\n\t\t\t\t\tborder: 2px solid #cfcfcf;\n\t\t\t\t}\n\t\t\t\t#gallery-1 .gallery-caption {\n\t\t\t\t\tmargin-left: 0;\n\t\t\t\t}\n\t\t\t\t\/* see gallery_shortcode() in wp-includes\/media.php *\/\n\t\t\t<\/style>\n\t\t<div id='gallery-1' class='dt-gallery-container gallery galleryid-36493 gallery-columns-2 gallery-size-medium'><dl class='gallery-item'>\n\t\t\t\t<dt class='gallery-icon landscape'>\n\t\t\t\t\t<a class=\"rollover\" href='https:\/\/www.adufpb.org.br\/site\/duas-chapas-concorrerao-a-eleicao-da-adufpb-comissao-eleitoral-homologa-candidaturas\/2026-06-26-inscricao-de-chapa\/'><img loading=\"lazy\" decoding=\"async\" width=\"300\" height=\"169\" src=\"https:\/\/www.adufpb.org.br\/site\/wp-content\/uploads\/2026\/06\/2026.06.26-inscricao-de-chapa-300x169.jpeg\" class=\"attachment-medium size-medium\" alt=\"\" aria-describedby=\"gallery-1-36496\" srcset=\"https:\/\/www.adufpb.org.br\/site\/wp-content\/uploads\/2026\/06\/2026.06.26-inscricao-de-chapa-300x169.jpeg 300w, https:\/\/www.adufpb.org.br\/site\/wp-content\/uploads\/2026\/06\/2026.06.26-inscricao-de-chapa-1024x576.jpeg 1024w, https:\/\/www.adufpb.org.br\/site\/wp-content\/uploads\/2026\/06\/2026.06.26-inscricao-de-chapa-768x432.jpeg 768w, https:\/\/www.adufpb.org.br\/site\/wp-content\/uploads\/2026\/06\/2026.06.26-inscricao-de-chapa-250x141.jpeg 250w, https:\/\/www.adufpb.org.br\/site\/wp-content\/uploads\/2026\/06\/2026.06.26-inscricao-de-chapa.jpeg 1280w\" sizes=\"auto, (max-width: 300px) 100vw, 300px\" \/><\/a>\n\t\t\t\t<\/dt>\n\t\t\t\t\t<dd class='wp-caption-text gallery-caption' id='gallery-1-36496'>\n\t\t\t\t\tChapa Sustenta a Pisada: ADUFPB de Luta e pela Base\n\t\t\t\t\t<\/dd><\/dl><dl class='gallery-item'>\n\t\t\t\t<dt class='gallery-icon landscape'>\n\t\t\t\t\t<a class=\"rollover\" href='https:\/\/www.adufpb.org.br\/site\/duas-chapas-concorrerao-a-eleicao-da-adufpb-comissao-eleitoral-homologa-candidaturas\/2026-06-26-inscricao-de-chapa-2\/'><img loading=\"lazy\" decoding=\"async\" width=\"300\" height=\"169\" src=\"https:\/\/www.adufpb.org.br\/site\/wp-content\/uploads\/2026\/06\/2026.06.26-inscricao-de-chapa-2-300x169.jpeg\" class=\"attachment-medium size-medium\" alt=\"\" aria-describedby=\"gallery-1-36497\" srcset=\"https:\/\/www.adufpb.org.br\/site\/wp-content\/uploads\/2026\/06\/2026.06.26-inscricao-de-chapa-2-300x169.jpeg 300w, https:\/\/www.adufpb.org.br\/site\/wp-content\/uploads\/2026\/06\/2026.06.26-inscricao-de-chapa-2-1024x576.jpeg 1024w, https:\/\/www.adufpb.org.br\/site\/wp-content\/uploads\/2026\/06\/2026.06.26-inscricao-de-chapa-2-768x432.jpeg 768w, https:\/\/www.adufpb.org.br\/site\/wp-content\/uploads\/2026\/06\/2026.06.26-inscricao-de-chapa-2-250x141.jpeg 250w, https:\/\/www.adufpb.org.br\/site\/wp-content\/uploads\/2026\/06\/2026.06.26-inscricao-de-chapa-2.jpeg 1280w\" sizes=\"auto, (max-width: 300px) 100vw, 300px\" \/><\/a>\n\t\t\t\t<\/dt>\n\t\t\t\t\t<dd class='wp-caption-text gallery-caption' id='gallery-1-36497'>\n\t\t\t\t\tChapa Doc\u00eancia, Diversidade e Democracia\n\t\t\t\t\t<\/dd><\/dl><br style=\"clear: both\" \/>\n\t\t\t<\/div>\n\n<p>A elei\u00e7\u00e3o da ADUFPB est\u00e1 marcada para acontecer no dia 29 de julho, nos quatro campi da UFPB. O prazo para inscri\u00e7\u00e3o de chapa foi encerrado na \u00faltima sexta-feira (26) e a campanha eleitoral segue at\u00e9 28 de julho. Est\u00e3o aptos(as) a votar todos(as) os(as) que se sindicalizaram pelo menos 30 dias antes da data de realiza\u00e7\u00e3o das elei\u00e7\u00f5es (29\/7) e est\u00e3o com a contribui\u00e7\u00e3o financeira paga.<\/p>\n<p>A Comiss\u00e3o Eleitoral da ADUFPB \u00e9 formada pelos(as) professores(as) Marcelo Sitcovsky (presidente), Joaquim Feitosa, Edileuda Soares Diniz e Luciana Aparecida Aliaga Azara de Oliveira (suplente).<\/p>\n<p>Confira abaixo quem s\u00e3o os demais nomes das duas chapas:<\/p>\n<p style=\"text-align: center;\"><a class=\"dt-pswp-item\" href=\"https:\/\/www.adufpb.org.br\/site\/wp-content\/uploads\/2026\/06\/Chapa-1-Sustenta-a-Pisada-ADUFPB-de-Luta-e-pela-Base.jpeg\" data-dt-img-description=\"\" data-large_image_width=\"958\" data-large_image_height=\"767\"><img loading=\"lazy\" decoding=\"async\" class=\"aligncenter size-full wp-image-36682\" src=\"https:\/\/www.adufpb.org.br\/site\/wp-content\/uploads\/2026\/06\/Chapa-1-Sustenta-a-Pisada-ADUFPB-de-Luta-e-pela-Base.jpeg\" alt=\"\" width=\"958\" height=\"767\" srcset=\"https:\/\/www.adufpb.org.br\/site\/wp-content\/uploads\/2026\/06\/Chapa-1-Sustenta-a-Pisada-ADUFPB-de-Luta-e-pela-Base.jpeg 958w, https:\/\/www.adufpb.org.br\/site\/wp-content\/uploads\/2026\/06\/Chapa-1-Sustenta-a-Pisada-ADUFPB-de-Luta-e-pela-Base-300x240.jpeg 300w, https:\/\/www.adufpb.org.br\/site\/wp-content\/uploads\/2026\/06\/Chapa-1-Sustenta-a-Pisada-ADUFPB-de-Luta-e-pela-Base-768x615.jpeg 768w, https:\/\/www.adufpb.org.br\/site\/wp-content\/uploads\/2026\/06\/Chapa-1-Sustenta-a-Pisada-ADUFPB-de-Luta-e-pela-Base-250x200.jpeg 250w\" sizes=\"auto, (max-width: 958px) 100vw, 958px\" \/><\/a><a href=\"https:\/\/www.adufpb.org.br\/site\/wp-content\/uploads\/2026\/06\/GESTAO-2026-2028-CHAPA-SUSTENTA-A-PISADA.docx\" target=\"_blank\" rel=\"noopener\">&#8211; Chapa 1 &#8211; Sustenta a Pisada: ADUFPB de Luta e pela Base<\/a><\/p>\n<p>&nbsp;<\/p>\n<p style=\"text-align: center;\"><a class=\"dt-pswp-item\" href=\"https:\/\/www.adufpb.org.br\/site\/wp-content\/uploads\/2026\/06\/chapa-2-docencia-universidade-e-democracia.png\" data-dt-img-description=\"\" data-large_image_width=\"953\" data-large_image_height=\"762\"><img loading=\"lazy\" decoding=\"async\" class=\"aligncenter size-full wp-image-36686\" src=\"https:\/\/www.adufpb.org.br\/site\/wp-content\/uploads\/2026\/06\/chapa-2-docencia-universidade-e-democracia.png\" alt=\"\" width=\"953\" height=\"762\" srcset=\"https:\/\/www.adufpb.org.br\/site\/wp-content\/uploads\/2026\/06\/chapa-2-docencia-universidade-e-democracia.png 953w, https:\/\/www.adufpb.org.br\/site\/wp-content\/uploads\/2026\/06\/chapa-2-docencia-universidade-e-democracia-300x240.png 300w, https:\/\/www.adufpb.org.br\/site\/wp-content\/uploads\/2026\/06\/chapa-2-docencia-universidade-e-democracia-768x614.png 768w, https:\/\/www.adufpb.org.br\/site\/wp-content\/uploads\/2026\/06\/chapa-2-docencia-universidade-e-democracia-250x200.png 250w\" sizes=\"auto, (max-width: 953px) 100vw, 953px\" \/><\/a><a href=\"https:\/\/www.adufpb.org.br\/site\/wp-content\/uploads\/2026\/06\/GESTAO-2026-2028-CHAPA-Docencia-Diversidade-e-Democracia.docx\" target=\"_blank\" rel=\"noopener\">&#8211; Chapa 2 &#8211; Doc\u00eancia, Diversidade e Democracia<\/a><\/p>\n<p>&nbsp;<\/p>\n<p><a href=\"https:\/\/www.adufpb.org.br\/site\/wp-content\/uploads\/2026\/06\/Conselho-de-Representantes-CR-homologado-eleicao-2026-2028-1.pdf\" target=\"_blank\" rel=\"noopener\">Clique aqui para ver os candidatos ao Conselho de Representantes<\/a><\/p>\n<p><a href=\"https:\/\/www.adufpb.org.br\/site\/wp-content\/uploads\/2026\/06\/Filiados-APTOS-a-votar.pdf\" target=\"_blank\" rel=\"noopener\">Clique aqui para ver a rela\u00e7\u00e3o de filiados aptos a votar<\/a><\/p>\n<p><em>Fonte: Ascom ADUFPB<\/em><\/p>\n","protected":false},"excerpt":{"rendered":"<p>A Comiss\u00e3o Eleitoral que organiza o processo de escolha da nova Diretoria Executiva e do novo Conselho de Representantes da ADUFPB homologou as inscri\u00e7\u00f5es das duas chapas inscritas para a disputa. Desta forma, est\u00e3o concorrendo \u00e0 elei\u00e7\u00e3o as chapas \u201cSustenta a Pisada: ADUFPB de Luta e pela Base\u201d (Chapa 1), tendo como candidata \u00e0 Presid\u00eancia&hellip;<\/p>\n","protected":false},"author":3,"featured_media":36385,"comment_status":"closed","ping_status":"closed","sticky":false,"template":"","format":"standard","meta":{"footnotes":""},"categories":[1874,15,417],"tags":[1776,335,363],"class_list":["post-36493","post","type-post","status-publish","format-standard","has-post-thumbnail","hentry","category-eleicoes-2026","category-noticias","category-noticias-destaque","tag-chapas","tag-comissao-eleitoral","tag-eleicoes-adufpb","category-1874","category-15","category-417","description-off"],"_links":{"self":[{"href":"https:\/\/www.adufpb.org.br\/site\/wp-json\/wp\/v2\/posts\/36493","targetHints":{"allow":["GET"]}}],"collection":[{"href":"https:\/\/www.adufpb.org.br\/site\/wp-json\/wp\/v2\/posts"}],"about":[{"href":"https:\/\/www.adufpb.org.br\/site\/wp-json\/wp\/v2\/types\/post"}],"author":[{"embeddable":true,"href":"https:\/\/www.adufpb.org.br\/site\/wp-json\/wp\/v2\/users\/3"}],"replies":[{"embeddable":true,"href":"https:\/\/www.adufpb.org.br\/site\/wp-json\/wp\/v2\/comments?post=36493"}],"version-history":[{"count":16,"href":"https:\/\/www.adufpb.org.br\/site\/wp-json\/wp\/v2\/posts\/36493\/revisions"}],"predecessor-version":[{"id":36685,"href":"https:\/\/www.adufpb.org.br\/site\/wp-json\/wp\/v2\/posts\/36493\/revisions\/36685"}],"wp:featuredmedia":[{"embeddable":true,"href":"https:\/\/www.adufpb.org.br\/site\/wp-json\/wp\/v2\/media\/36385"}],"wp:attachment":[{"href":"https:\/\/www.adufpb.org.br\/site\/wp-json\/wp\/v2\/media?parent=36493"}],"wp:term":[{"taxonomy":"category","embeddable":true,"href":"https:\/\/www.adufpb.org.br\/site\/wp-json\/wp\/v2\/categories?post=36493"},{"taxonomy":"post_tag","embeddable":true,"href":"https:\/\/www.adufpb.org.br\/site\/wp-json\/wp\/v2\/tags?post=36493"}],"curies":[{"name":"wp","href":"https:\/\/api.w.org\/{rel}","templated":true}]}}