{"id":3640,"date":"2012-07-09T09:38:39","date_gmt":"2012-07-09T13:38:39","guid":{"rendered":"http:\/\/www.adufpb.org.br\/site\/?p=3640"},"modified":"2012-07-09T09:38:39","modified_gmt":"2012-07-09T13:38:39","slug":"deputado-paraibano-se-compromete-a-apoiar-greve-dos-servidores","status":"publish","type":"post","link":"https:\/\/www.adufpb.org.br\/site\/deputado-paraibano-se-compromete-a-apoiar-greve-dos-servidores\/","title":{"rendered":"Deputado paraibano se compromete a apoiar greve dos servidores"},"content":{"rendered":"<p><a href=\"http:\/\/www.adufpb.org.br\/site\/wp-content\/uploads\/2012\/07\/6.7.2012-audi\u00eancia-p\u00fablica-da-greve2.jpg\"><img loading=\"lazy\" decoding=\"async\" class=\"alignleft size-medium wp-image-3641\" title=\"6.7.2012 - audi\u00eancia p\u00fablica da greve2\" src=\"http:\/\/www.adufpb.org.br\/site\/wp-content\/uploads\/2012\/07\/6.7.2012-audi\u00eancia-p\u00fablica-da-greve2-300x225.jpg\" alt=\"\" width=\"300\" height=\"225\" srcset=\"https:\/\/www.adufpb.org.br\/site\/wp-content\/uploads\/2012\/07\/6.7.2012-audi\u00eancia-p\u00fablica-da-greve2-300x225.jpg 300w, https:\/\/www.adufpb.org.br\/site\/wp-content\/uploads\/2012\/07\/6.7.2012-audi\u00eancia-p\u00fablica-da-greve2.jpg 960w\" sizes=\"auto, (max-width: 300px) 100vw, 300px\" \/><\/a>Os professores e servidores t\u00e9cnico-administrativos da UFPB e do IFPB realizaram na \u00faltima sexta-feira (6\/7) uma audi\u00eancia p\u00fablica na Faculdade de Direito, Centro da Capital, para pedir o apoio dos deputados e senadores paraibanos ao movimento grevista das categorias. Apenas o deputado Efraim Filho se fez presente ao evento. J\u00e1 o deputado Luiz Couto enviou um representante.<\/p>\n<p>Cerca de 100 pessoas \u2013 entre servidores, estudantes e populares \u2013 participaram da audi\u00eancia. Al\u00e9m dos representantes dos sindicatos, falaram ao p\u00fablico presente a secret\u00e1ria de Desenvolvimento Humano do Estado, Cida Ramos, o deputado Efraim Filho e o representante de Luiz Couto.<\/p>\n<p><a href=\"http:\/\/www.adufpb.org.br\/site\/wp-content\/uploads\/2012\/07\/6.7.2012-audi\u00eancia-p\u00fablica-da-greve.jpg\"><img loading=\"lazy\" decoding=\"async\" class=\"alignright size-medium wp-image-3642\" title=\"6.7.2012 - audi\u00eancia p\u00fablica da greve\" src=\"http:\/\/www.adufpb.org.br\/site\/wp-content\/uploads\/2012\/07\/6.7.2012-audi\u00eancia-p\u00fablica-da-greve-300x225.jpg\" alt=\"\" width=\"300\" height=\"225\" srcset=\"https:\/\/www.adufpb.org.br\/site\/wp-content\/uploads\/2012\/07\/6.7.2012-audi\u00eancia-p\u00fablica-da-greve-300x225.jpg 300w, https:\/\/www.adufpb.org.br\/site\/wp-content\/uploads\/2012\/07\/6.7.2012-audi\u00eancia-p\u00fablica-da-greve.jpg 960w\" sizes=\"auto, (max-width: 300px) 100vw, 300px\" \/><\/a>Efraim Filho se comprometeu a fazer um pronunciamento no Congresso Nacional sobre o movimento grevista e disse que far\u00e1 \u201cecoar\u201d o assunto entre os outros parlamentares que n\u00e3o fizeram presen\u00e7a na audi\u00eancia. Cida Ramos reiterou o apoio ao movimento e prop\u00f4s uma cobran\u00e7a ao reitor para que ele convoque uma audi\u00eancia p\u00fablica no foco na comunidade universit\u00e1ria.<\/p>\n<p>&nbsp;<\/p>\n<p><em>Fonte: Assessoria da ADUFPB<\/em><\/p>\n","protected":false},"excerpt":{"rendered":"<p>Os professores e servidores t\u00e9cnico-administrativos da UFPB e do IFPB realizaram na \u00faltima sexta-feira (6\/7) uma audi\u00eancia p\u00fablica na Faculdade de Direito, Centro da Capital, para pedir o apoio dos deputados e senadores paraibanos ao movimento grevista das categorias. Apenas o deputado Efraim Filho se fez presente ao evento. J\u00e1 o deputado Luiz Couto enviou&hellip;<\/p>\n","protected":false},"author":3,"featured_media":0,"comment_status":"open","ping_status":"open","sticky":false,"template":"","format":"standard","meta":{"footnotes":""},"categories":[15],"tags":[132],"class_list":["post-3640","post","type-post","status-publish","format-standard","hentry","category-noticias","tag-greve","category-15","description-off"],"_links":{"self":[{"href":"https:\/\/www.adufpb.org.br\/site\/wp-json\/wp\/v2\/posts\/3640","targetHints":{"allow":["GET"]}}],"collection":[{"href":"https:\/\/www.adufpb.org.br\/site\/wp-json\/wp\/v2\/posts"}],"about":[{"href":"https:\/\/www.adufpb.org.br\/site\/wp-json\/wp\/v2\/types\/post"}],"author":[{"embeddable":true,"href":"https:\/\/www.adufpb.org.br\/site\/wp-json\/wp\/v2\/users\/3"}],"replies":[{"embeddable":true,"href":"https:\/\/www.adufpb.org.br\/site\/wp-json\/wp\/v2\/comments?post=3640"}],"version-history":[{"count":1,"href":"https:\/\/www.adufpb.org.br\/site\/wp-json\/wp\/v2\/posts\/3640\/revisions"}],"predecessor-version":[{"id":3643,"href":"https:\/\/www.adufpb.org.br\/site\/wp-json\/wp\/v2\/posts\/3640\/revisions\/3643"}],"wp:attachment":[{"href":"https:\/\/www.adufpb.org.br\/site\/wp-json\/wp\/v2\/media?parent=3640"}],"wp:term":[{"taxonomy":"category","embeddable":true,"href":"https:\/\/www.adufpb.org.br\/site\/wp-json\/wp\/v2\/categories?post=3640"},{"taxonomy":"post_tag","embeddable":true,"href":"https:\/\/www.adufpb.org.br\/site\/wp-json\/wp\/v2\/tags?post=3640"}],"curies":[{"name":"wp","href":"https:\/\/api.w.org\/{rel}","templated":true}]}}