{"id":36225,"date":"2026-04-29T10:23:20","date_gmt":"2026-04-29T13:23:20","guid":{"rendered":"https:\/\/www.adufpb.org.br\/site\/?p=36225"},"modified":"2026-04-29T10:23:20","modified_gmt":"2026-04-29T13:23:20","slug":"adufpb-estara-fechada-na-proxima-sexta-feira-1o-feriado-do-dia-do-trabalhador-e-da-trabalhadora","status":"publish","type":"post","link":"https:\/\/www.adufpb.org.br\/site\/adufpb-estara-fechada-na-proxima-sexta-feira-1o-feriado-do-dia-do-trabalhador-e-da-trabalhadora\/","title":{"rendered":"ADUFPB estar\u00e1 fechada na pr\u00f3xima sexta-feira (1\u00ba), feriado do Dia do Trabalhador e da Trabalhadora"},"content":{"rendered":"<p><span style=\"font-size: 14pt;\">Em fun\u00e7\u00e3o do feriado nacional do Dia do Trabalhador e da Trabalhadora, informamos que n\u00e3o haver\u00e1 expediente na Sede da ADUFPB (Centro de Viv\u00eancia) no dia 1\u00ba de maio de 2026 (sexta-feira), com retorno \u00e0s atividades normais no dia 4 de maio de 2026 (segunda-feira), a partir das 8h.<\/span><\/p>\n<p>&nbsp;<\/p>\n<p><a class=\"dt-pswp-item\" href=\"https:\/\/www.adufpb.org.br\/site\/wp-content\/uploads\/2026\/04\/2026.05.01-card-feriado-dia-do-trabalhador.jpeg\" data-dt-img-description=\"\" data-large_image_width=\"1078\" data-large_image_height=\"1076\"><img loading=\"lazy\" decoding=\"async\" class=\"aligncenter size-large wp-image-36226\" src=\"https:\/\/www.adufpb.org.br\/site\/wp-content\/uploads\/2026\/04\/2026.05.01-card-feriado-dia-do-trabalhador-1024x1022.jpeg\" alt=\"\" width=\"1024\" height=\"1022\" srcset=\"https:\/\/www.adufpb.org.br\/site\/wp-content\/uploads\/2026\/04\/2026.05.01-card-feriado-dia-do-trabalhador-1024x1022.jpeg 1024w, https:\/\/www.adufpb.org.br\/site\/wp-content\/uploads\/2026\/04\/2026.05.01-card-feriado-dia-do-trabalhador-300x300.jpeg 300w, https:\/\/www.adufpb.org.br\/site\/wp-content\/uploads\/2026\/04\/2026.05.01-card-feriado-dia-do-trabalhador-150x150.jpeg 150w, https:\/\/www.adufpb.org.br\/site\/wp-content\/uploads\/2026\/04\/2026.05.01-card-feriado-dia-do-trabalhador-768x767.jpeg 768w, https:\/\/www.adufpb.org.br\/site\/wp-content\/uploads\/2026\/04\/2026.05.01-card-feriado-dia-do-trabalhador-250x250.jpeg 250w, https:\/\/www.adufpb.org.br\/site\/wp-content\/uploads\/2026\/04\/2026.05.01-card-feriado-dia-do-trabalhador.jpeg 1078w\" sizes=\"auto, (max-width: 1024px) 100vw, 1024px\" \/><\/a><\/p>\n","protected":false},"excerpt":{"rendered":"<p>Em fun\u00e7\u00e3o do feriado nacional do Dia do Trabalhador e da Trabalhadora, informamos que n\u00e3o haver\u00e1 expediente na Sede da ADUFPB (Centro de Viv\u00eancia) no dia 1\u00ba de maio de 2026 (sexta-feira), com retorno \u00e0s atividades normais no dia 4 de maio de 2026 (segunda-feira), a partir das 8h. &nbsp;<\/p>\n","protected":false},"author":3,"featured_media":36226,"comment_status":"closed","ping_status":"closed","sticky":false,"template":"","format":"standard","meta":{"footnotes":""},"categories":[1405],"tags":[759,898],"class_list":["post-36225","post","type-post","status-publish","format-standard","has-post-thumbnail","hentry","category-chamada-principal","tag-dia-do-trabalhador","tag-feriado","category-1405","description-off"],"_links":{"self":[{"href":"https:\/\/www.adufpb.org.br\/site\/wp-json\/wp\/v2\/posts\/36225","targetHints":{"allow":["GET"]}}],"collection":[{"href":"https:\/\/www.adufpb.org.br\/site\/wp-json\/wp\/v2\/posts"}],"about":[{"href":"https:\/\/www.adufpb.org.br\/site\/wp-json\/wp\/v2\/types\/post"}],"author":[{"embeddable":true,"href":"https:\/\/www.adufpb.org.br\/site\/wp-json\/wp\/v2\/users\/3"}],"replies":[{"embeddable":true,"href":"https:\/\/www.adufpb.org.br\/site\/wp-json\/wp\/v2\/comments?post=36225"}],"version-history":[{"count":1,"href":"https:\/\/www.adufpb.org.br\/site\/wp-json\/wp\/v2\/posts\/36225\/revisions"}],"predecessor-version":[{"id":36227,"href":"https:\/\/www.adufpb.org.br\/site\/wp-json\/wp\/v2\/posts\/36225\/revisions\/36227"}],"wp:featuredmedia":[{"embeddable":true,"href":"https:\/\/www.adufpb.org.br\/site\/wp-json\/wp\/v2\/media\/36226"}],"wp:attachment":[{"href":"https:\/\/www.adufpb.org.br\/site\/wp-json\/wp\/v2\/media?parent=36225"}],"wp:term":[{"taxonomy":"category","embeddable":true,"href":"https:\/\/www.adufpb.org.br\/site\/wp-json\/wp\/v2\/categories?post=36225"},{"taxonomy":"post_tag","embeddable":true,"href":"https:\/\/www.adufpb.org.br\/site\/wp-json\/wp\/v2\/tags?post=36225"}],"curies":[{"name":"wp","href":"https:\/\/api.w.org\/{rel}","templated":true}]}}