{"id":36219,"date":"2026-04-28T11:25:57","date_gmt":"2026-04-28T14:25:57","guid":{"rendered":"https:\/\/www.adufpb.org.br\/site\/?p=36219"},"modified":"2026-04-28T11:26:15","modified_gmt":"2026-04-28T14:26:15","slug":"1o-de-maio-entidades-realizam-ato-publico-em-joao-pessoa-na-proxima-sexta-feira-pelo-fim-da-escala-6x1","status":"publish","type":"post","link":"https:\/\/www.adufpb.org.br\/site\/1o-de-maio-entidades-realizam-ato-publico-em-joao-pessoa-na-proxima-sexta-feira-pelo-fim-da-escala-6x1\/","title":{"rendered":"1\u00ba de Maio: Entidades realizam ato p\u00fablico em Jo\u00e3o Pessoa, na pr\u00f3xima sexta-feira, pelo fim da escala 6&#215;1"},"content":{"rendered":"<p><a class=\"dt-pswp-item\" href=\"https:\/\/www.adufpb.org.br\/site\/wp-content\/uploads\/2026\/04\/Card_trabalhador_color.jpg.jpeg\" data-dt-img-description=\"\" data-large_image_width=\"1024\" data-large_image_height=\"1280\"><img loading=\"lazy\" decoding=\"async\" class=\"alignright size-medium wp-image-36222\" src=\"https:\/\/www.adufpb.org.br\/site\/wp-content\/uploads\/2026\/04\/Card_trabalhador_color.jpg-240x300.jpeg\" alt=\"\" width=\"240\" height=\"300\" srcset=\"https:\/\/www.adufpb.org.br\/site\/wp-content\/uploads\/2026\/04\/Card_trabalhador_color.jpg-240x300.jpeg 240w, https:\/\/www.adufpb.org.br\/site\/wp-content\/uploads\/2026\/04\/Card_trabalhador_color.jpg-819x1024.jpeg 819w, https:\/\/www.adufpb.org.br\/site\/wp-content\/uploads\/2026\/04\/Card_trabalhador_color.jpg-768x960.jpeg 768w, https:\/\/www.adufpb.org.br\/site\/wp-content\/uploads\/2026\/04\/Card_trabalhador_color.jpg-250x313.jpeg 250w, https:\/\/www.adufpb.org.br\/site\/wp-content\/uploads\/2026\/04\/Card_trabalhador_color.jpg.jpeg 1024w\" sizes=\"auto, (max-width: 240px) 100vw, 240px\" \/><\/a>O Dia do Trabalhador e da Trabalhadora, comemorado na pr\u00f3xima sexta-feira, 1\u00ba de maio, ser\u00e1 marcado, este ano, por uma onda de manifesta\u00e7\u00f5es em todo o pa\u00eds pelo fim da escala 6&#215;1. Em Jo\u00e3o Pessoa, o ato p\u00fablico ocorrer\u00e1 no Busto de Tamandar\u00e9, entre as praias de Tamba\u00fa e Cabo Branco, com concentra\u00e7\u00e3o a partir das 15h.<\/p>\n<p>A atividade est\u00e1 sendo convocada pela Central \u00danica dos Trabalhadores (CUT), pela Central dos Trabalhadores e das Trabalhadoras do Brasil (CTB) e pela Federa\u00e7\u00e3o dos Trabalhadores em Servi\u00e7os P\u00fablicos no Estado da Para\u00edba (Fetam-PB), com apoio da ADUFPB, de movimentos sociais e dos mandados da deputada estadual Cida Ramos, da vereadora de Campina Grande J\u00f4 Oliveira e do vereador de Jo\u00e3o Pessoa Marcos Henriques.<\/p>\n<p>No \u00faltimo dia 14, o presidente Lula enviou ao Congresso, com urg\u00eancia constitucional, um projeto de lei que reduz o limite da jornada de trabalho de 44 para 40 horas semanais, garante dois dias de descanso remunerado e pro\u00edbe qualquer redu\u00e7\u00e3o salarial.<\/p>\n<p>O projeto estabelece uma nova refer\u00eancia para o mercado de trabalho brasileiro, com impacto direto sobre milh\u00f5es de trabalhadores, e promove ajustes na Consolida\u00e7\u00e3o das Leis do Trabalho (CLT) e em legisla\u00e7\u00f5es espec\u00edficas para assegurar a aplica\u00e7\u00e3o uniforme das novas regras.<\/p>\n<p>Al\u00e9m disso, duas propostas de emenda \u00e0 Constitui\u00e7\u00e3o (PECs) relativas a redu\u00e7\u00e3o da jornada de trabalho e fim da escala 6&#215;1 j\u00e1 tramitam na C\u00e2mara dos Deputados. No \u00faltimo dia 22, elas receberam parecer favor\u00e1vel da Comiss\u00e3o de Constitui\u00e7\u00e3o e Justi\u00e7a e de Cidadania (CCJ).<\/p>\n<p>A PEC 221\/19, do deputado Reginaldo Lopes (PT-MG), prop\u00f5e reduzir a jornada semanal gradualmente das atuais 44 para 36 horas. A transi\u00e7\u00e3o se daria ao longo de dez anos. A proposta apensada (PEC 8\/25), da deputada Erika Hilton (Psol-SP), prev\u00ea uma escala de quatro dias de trabalho por semana, com limite de 36 horas no per\u00edodo.<\/p>\n<p>Dois dias depois da aprova\u00e7\u00e3o na CCJ, o presidente da C\u00e2mara, Hugo Motta (Republicanos-PB), criou uma comiss\u00e3o especial para analisar as duas PECs.<\/p>\n<p><em>Fonte: Ascom ADUFPB<\/em><\/p>\n","protected":false},"excerpt":{"rendered":"<p>O Dia do Trabalhador e da Trabalhadora, comemorado na pr\u00f3xima sexta-feira, 1\u00ba de maio, ser\u00e1 marcado, este ano, por uma onda de manifesta\u00e7\u00f5es em todo o pa\u00eds pelo fim da escala 6&#215;1. Em Jo\u00e3o Pessoa, o ato p\u00fablico ocorrer\u00e1 no Busto de Tamandar\u00e9, entre as praias de Tamba\u00fa e Cabo Branco, com concentra\u00e7\u00e3o a partir&hellip;<\/p>\n","protected":false},"author":3,"featured_media":36222,"comment_status":"closed","ping_status":"closed","sticky":false,"template":"","format":"standard","meta":{"footnotes":""},"categories":[1405],"tags":[758,533,759,1802,354],"class_list":["post-36219","post","type-post","status-publish","format-standard","has-post-thumbnail","hentry","category-chamada-principal","tag-1o-de-maio","tag-ato-publico","tag-dia-do-trabalhador","tag-escala-6x1","tag-protesto","category-1405","description-off"],"_links":{"self":[{"href":"https:\/\/www.adufpb.org.br\/site\/wp-json\/wp\/v2\/posts\/36219","targetHints":{"allow":["GET"]}}],"collection":[{"href":"https:\/\/www.adufpb.org.br\/site\/wp-json\/wp\/v2\/posts"}],"about":[{"href":"https:\/\/www.adufpb.org.br\/site\/wp-json\/wp\/v2\/types\/post"}],"author":[{"embeddable":true,"href":"https:\/\/www.adufpb.org.br\/site\/wp-json\/wp\/v2\/users\/3"}],"replies":[{"embeddable":true,"href":"https:\/\/www.adufpb.org.br\/site\/wp-json\/wp\/v2\/comments?post=36219"}],"version-history":[{"count":4,"href":"https:\/\/www.adufpb.org.br\/site\/wp-json\/wp\/v2\/posts\/36219\/revisions"}],"predecessor-version":[{"id":36224,"href":"https:\/\/www.adufpb.org.br\/site\/wp-json\/wp\/v2\/posts\/36219\/revisions\/36224"}],"wp:featuredmedia":[{"embeddable":true,"href":"https:\/\/www.adufpb.org.br\/site\/wp-json\/wp\/v2\/media\/36222"}],"wp:attachment":[{"href":"https:\/\/www.adufpb.org.br\/site\/wp-json\/wp\/v2\/media?parent=36219"}],"wp:term":[{"taxonomy":"category","embeddable":true,"href":"https:\/\/www.adufpb.org.br\/site\/wp-json\/wp\/v2\/categories?post=36219"},{"taxonomy":"post_tag","embeddable":true,"href":"https:\/\/www.adufpb.org.br\/site\/wp-json\/wp\/v2\/tags?post=36219"}],"curies":[{"name":"wp","href":"https:\/\/api.w.org\/{rel}","templated":true}]}}