{"id":36124,"date":"2026-03-26T15:56:09","date_gmt":"2026-03-26T18:56:09","guid":{"rendered":"https:\/\/www.adufpb.org.br\/site\/?p=36124"},"modified":"2026-04-06T11:32:55","modified_gmt":"2026-04-06T14:32:55","slug":"adufpb-participa-de-ato-em-memoria-das-vitimas-da-ditadura-imposta-em-1964","status":"publish","type":"post","link":"https:\/\/www.adufpb.org.br\/site\/adufpb-participa-de-ato-em-memoria-das-vitimas-da-ditadura-imposta-em-1964\/","title":{"rendered":"ADUFPB participa de ato em mem\u00f3ria das v\u00edtimas da ditadura imposta em 1964"},"content":{"rendered":"<p data-start=\"88\" data-end=\"477\"><img loading=\"lazy\" decoding=\"async\" class=\"alignleft size-medium wp-image-36125\" src=\"https:\/\/www.adufpb.org.br\/site\/wp-content\/uploads\/2026\/03\/CAMINHADA-DO-SILENCIO-2026-296x300.png\" alt=\"\" width=\"296\" height=\"300\" srcset=\"https:\/\/www.adufpb.org.br\/site\/wp-content\/uploads\/2026\/03\/CAMINHADA-DO-SILENCIO-2026-296x300.png 296w, https:\/\/www.adufpb.org.br\/site\/wp-content\/uploads\/2026\/03\/CAMINHADA-DO-SILENCIO-2026-1009x1024.png 1009w, https:\/\/www.adufpb.org.br\/site\/wp-content\/uploads\/2026\/03\/CAMINHADA-DO-SILENCIO-2026-768x779.png 768w, https:\/\/www.adufpb.org.br\/site\/wp-content\/uploads\/2026\/03\/CAMINHADA-DO-SILENCIO-2026-1514x1536.png 1514w, https:\/\/www.adufpb.org.br\/site\/wp-content\/uploads\/2026\/03\/CAMINHADA-DO-SILENCIO-2026-250x254.png 250w, https:\/\/www.adufpb.org.br\/site\/wp-content\/uploads\/2026\/03\/CAMINHADA-DO-SILENCIO-2026.png 1749w\" sizes=\"auto, (max-width: 296px) 100vw, 296px\" \/>Com o objetivo de ocupar as ruas do Centro de Jo\u00e3o Pessoa, homenagear e reivindicar justi\u00e7a pelas v\u00edtimas da ditadura militar (1964\u20131985), a 3\u00aa Caminhada do Sil\u00eancio ocorrer\u00e1 na pr\u00f3xima quarta-feira (1\u00ba de abril), data que marca os 62 anos do golpe de 1964. A concentra\u00e7\u00e3o ser\u00e1 em frente ao pr\u00e9dio da Ordem dos Advogados da Para\u00edba (OAB-PB), \u00e0s 15h, na Rua Rodrigues de Aquino, 37, Centro.<\/p>\n<p data-start=\"479\" data-end=\"680\">O evento \u00e9 uma realiza\u00e7\u00e3o do Memorial da Democracia da Para\u00edba e do Comit\u00ea Paraibano Mem\u00f3ria, Verdade e Justi\u00e7a (CPMVJ), com apoio de entidades civis e sindicatos, como a ADUFPB e o Coletivo Cotonetes.<\/p>\n<p data-start=\"682\" data-end=\"1315\">Para o professor Edson Franco, presidente da ADUFPB, a Caminhada do Sil\u00eancio representa uma manifesta\u00e7\u00e3o popular importante \u201cpara que a hist\u00f3ria da ditadura n\u00e3o caia no esquecimento; para que a democracia n\u00e3o volte a ser amea\u00e7ada \u2014 como nos atos antidemocr\u00e1ticos de 8 de janeiro de 2023 \u2014; e para que haja justi\u00e7a pelos mortos, desaparecidos e perseguidos. \u00c9 importante a participa\u00e7\u00e3o de toda a sociedade nessa marcha por mem\u00f3ria, verdade, justi\u00e7a e repara\u00e7\u00e3o. N\u00f3s, da ADUFPB, apoiamos e convocamos a classe docente da UFPB a se juntar a esse ato pol\u00edtico tamb\u00e9m em defesa da democracia. Ditadura nunca mais!\u201d, destacou Edson Franco.<\/p>\n<p data-start=\"1317\" data-end=\"1514\">A manifesta\u00e7\u00e3o luta pela mem\u00f3ria, verdade, justi\u00e7a e repara\u00e7\u00e3o de perseguidos, desaparecidos e mortos pela ditadura militar, bem como pelas v\u00edtimas da viol\u00eancia do Estado, no passado e no presente.<\/p>\n<p data-start=\"1516\" data-end=\"1924\">A caminhada, que tamb\u00e9m ocorre em outras cidades do pa\u00eds no mesmo dia, re\u00fane diversos setores da sociedade civil, partidos pol\u00edticos e representantes de institui\u00e7\u00f5es governamentais, funda\u00e7\u00f5es e sindicatos.<\/p>\n","protected":false},"excerpt":{"rendered":"<p>Com o objetivo de ocupar as ruas do Centro de Jo\u00e3o Pessoa, homenagear e reivindicar justi\u00e7a pelas v\u00edtimas da ditadura militar (1964\u20131985), a 3\u00aa Caminhada do Sil\u00eancio ocorrer\u00e1 na pr\u00f3xima quarta-feira (1\u00ba de abril), data que marca os 62 anos do golpe de 1964. A concentra\u00e7\u00e3o ser\u00e1 em frente ao pr\u00e9dio da Ordem dos Advogados&hellip;<\/p>\n","protected":false},"author":4,"featured_media":36125,"comment_status":"closed","ping_status":"closed","sticky":false,"template":"","format":"standard","meta":{"footnotes":""},"categories":[1405,15,417],"tags":[],"class_list":["post-36124","post","type-post","status-publish","format-standard","has-post-thumbnail","hentry","category-chamada-principal","category-noticias","category-noticias-destaque","category-1405","category-15","category-417","description-off"],"_links":{"self":[{"href":"https:\/\/www.adufpb.org.br\/site\/wp-json\/wp\/v2\/posts\/36124","targetHints":{"allow":["GET"]}}],"collection":[{"href":"https:\/\/www.adufpb.org.br\/site\/wp-json\/wp\/v2\/posts"}],"about":[{"href":"https:\/\/www.adufpb.org.br\/site\/wp-json\/wp\/v2\/types\/post"}],"author":[{"embeddable":true,"href":"https:\/\/www.adufpb.org.br\/site\/wp-json\/wp\/v2\/users\/4"}],"replies":[{"embeddable":true,"href":"https:\/\/www.adufpb.org.br\/site\/wp-json\/wp\/v2\/comments?post=36124"}],"version-history":[{"count":1,"href":"https:\/\/www.adufpb.org.br\/site\/wp-json\/wp\/v2\/posts\/36124\/revisions"}],"predecessor-version":[{"id":36126,"href":"https:\/\/www.adufpb.org.br\/site\/wp-json\/wp\/v2\/posts\/36124\/revisions\/36126"}],"wp:featuredmedia":[{"embeddable":true,"href":"https:\/\/www.adufpb.org.br\/site\/wp-json\/wp\/v2\/media\/36125"}],"wp:attachment":[{"href":"https:\/\/www.adufpb.org.br\/site\/wp-json\/wp\/v2\/media?parent=36124"}],"wp:term":[{"taxonomy":"category","embeddable":true,"href":"https:\/\/www.adufpb.org.br\/site\/wp-json\/wp\/v2\/categories?post=36124"},{"taxonomy":"post_tag","embeddable":true,"href":"https:\/\/www.adufpb.org.br\/site\/wp-json\/wp\/v2\/tags?post=36124"}],"curies":[{"name":"wp","href":"https:\/\/api.w.org\/{rel}","templated":true}]}}