{"id":36116,"date":"2026-03-24T10:36:16","date_gmt":"2026-03-24T13:36:16","guid":{"rendered":"https:\/\/www.adufpb.org.br\/site\/?p=36116"},"modified":"2026-03-31T11:28:51","modified_gmt":"2026-03-31T14:28:51","slug":"vice-presidenta-do-instituto-maria-da-penha-participa-de-roda-de-conversa-na-ufpb-na-quinta-feira-26","status":"publish","type":"post","link":"https:\/\/www.adufpb.org.br\/site\/vice-presidenta-do-instituto-maria-da-penha-participa-de-roda-de-conversa-na-ufpb-na-quinta-feira-26\/","title":{"rendered":"Vice-presidenta do Instituto Maria da Penha participa de roda de conversa na UFPB na quinta-feira (26)"},"content":{"rendered":"<p><a class=\"dt-pswp-item\" href=\"https:\/\/www.adufpb.org.br\/site\/wp-content\/uploads\/2026\/03\/2026.03.26-roda-de-conversa-defensoria.jpeg\" data-dt-img-description=\"\" data-large_image_width=\"1080\" data-large_image_height=\"1350\"><img loading=\"lazy\" decoding=\"async\" class=\"alignright size-medium wp-image-36117\" src=\"https:\/\/www.adufpb.org.br\/site\/wp-content\/uploads\/2026\/03\/2026.03.26-roda-de-conversa-defensoria-240x300.jpeg\" alt=\"\" width=\"240\" height=\"300\" srcset=\"https:\/\/www.adufpb.org.br\/site\/wp-content\/uploads\/2026\/03\/2026.03.26-roda-de-conversa-defensoria-240x300.jpeg 240w, https:\/\/www.adufpb.org.br\/site\/wp-content\/uploads\/2026\/03\/2026.03.26-roda-de-conversa-defensoria-819x1024.jpeg 819w, https:\/\/www.adufpb.org.br\/site\/wp-content\/uploads\/2026\/03\/2026.03.26-roda-de-conversa-defensoria-768x960.jpeg 768w, https:\/\/www.adufpb.org.br\/site\/wp-content\/uploads\/2026\/03\/2026.03.26-roda-de-conversa-defensoria-250x313.jpeg 250w, https:\/\/www.adufpb.org.br\/site\/wp-content\/uploads\/2026\/03\/2026.03.26-roda-de-conversa-defensoria.jpeg 1080w\" sizes=\"auto, (max-width: 240px) 100vw, 240px\" \/><\/a>A cofundadora e vice-presidenta do Instituto Maria da Penha, Regina C\u00e9lia Barbosa, estar\u00e1 na Para\u00edba na quinta-feira (26) para participar da roda de conversa &#8220;Direito, Justi\u00e7a e Cidadania para Todas as Mulheres: Aspectos Transgeracionais&#8221;.<\/p>\n<p>O evento \u00e9 uma promo\u00e7\u00e3o da Ouvidoria da Defensoria P\u00fablica do Estado da Para\u00edba (DPE-PB), junto com a Universidade Federal da Para\u00edba (UFPB), o Centro de Refer\u00eancia de Pol\u00edticas de Preven\u00e7\u00e3o e Enfrentamento \u00e0s Viol\u00eancias Contra as Mulheres da UFPB (CoMu) e o Instituto Maria da Penha.<\/p>\n<p><strong>Tema: Direito, Justi\u00e7a e Cidadania para todas as mulheres: aspectos transgeracionais<\/strong><\/p>\n<p><strong>Data:<\/strong> 26\/03\/2026 (quinta-feira)<br \/>\n<strong>Hor\u00e1rio:<\/strong> das 9h \u00e0s 11h<br \/>\n<strong>Local:<\/strong> Audit\u00f3rio da Reitoria da UFPB<\/p>\n","protected":false},"excerpt":{"rendered":"<p>A cofundadora e vice-presidenta do Instituto Maria da Penha, Regina C\u00e9lia Barbosa, estar\u00e1 na Para\u00edba na quinta-feira (26) para participar da roda de conversa &#8220;Direito, Justi\u00e7a e Cidadania para Todas as Mulheres: Aspectos Transgeracionais&#8221;. O evento \u00e9 uma promo\u00e7\u00e3o da Ouvidoria da Defensoria P\u00fablica do Estado da Para\u00edba (DPE-PB), junto com a Universidade Federal da&hellip;<\/p>\n","protected":false},"author":3,"featured_media":36117,"comment_status":"closed","ping_status":"closed","sticky":false,"template":"","format":"standard","meta":{"footnotes":""},"categories":[1405,15,417],"tags":[],"class_list":["post-36116","post","type-post","status-publish","format-standard","has-post-thumbnail","hentry","category-chamada-principal","category-noticias","category-noticias-destaque","category-1405","category-15","category-417","description-off"],"_links":{"self":[{"href":"https:\/\/www.adufpb.org.br\/site\/wp-json\/wp\/v2\/posts\/36116","targetHints":{"allow":["GET"]}}],"collection":[{"href":"https:\/\/www.adufpb.org.br\/site\/wp-json\/wp\/v2\/posts"}],"about":[{"href":"https:\/\/www.adufpb.org.br\/site\/wp-json\/wp\/v2\/types\/post"}],"author":[{"embeddable":true,"href":"https:\/\/www.adufpb.org.br\/site\/wp-json\/wp\/v2\/users\/3"}],"replies":[{"embeddable":true,"href":"https:\/\/www.adufpb.org.br\/site\/wp-json\/wp\/v2\/comments?post=36116"}],"version-history":[{"count":1,"href":"https:\/\/www.adufpb.org.br\/site\/wp-json\/wp\/v2\/posts\/36116\/revisions"}],"predecessor-version":[{"id":36118,"href":"https:\/\/www.adufpb.org.br\/site\/wp-json\/wp\/v2\/posts\/36116\/revisions\/36118"}],"wp:featuredmedia":[{"embeddable":true,"href":"https:\/\/www.adufpb.org.br\/site\/wp-json\/wp\/v2\/media\/36117"}],"wp:attachment":[{"href":"https:\/\/www.adufpb.org.br\/site\/wp-json\/wp\/v2\/media?parent=36116"}],"wp:term":[{"taxonomy":"category","embeddable":true,"href":"https:\/\/www.adufpb.org.br\/site\/wp-json\/wp\/v2\/categories?post=36116"},{"taxonomy":"post_tag","embeddable":true,"href":"https:\/\/www.adufpb.org.br\/site\/wp-json\/wp\/v2\/tags?post=36116"}],"curies":[{"name":"wp","href":"https:\/\/api.w.org\/{rel}","templated":true}]}}