{"id":36091,"date":"2026-03-20T17:10:03","date_gmt":"2026-03-20T20:10:03","guid":{"rendered":"https:\/\/www.adufpb.org.br\/site\/?p=36091"},"modified":"2026-03-26T08:41:50","modified_gmt":"2026-03-26T11:41:50","slug":"rodada-de-assembleias-vai-definir-comissao-eleitoral-que-organizara-as-eleicoes-da-adufpb","status":"publish","type":"post","link":"https:\/\/www.adufpb.org.br\/site\/rodada-de-assembleias-vai-definir-comissao-eleitoral-que-organizara-as-eleicoes-da-adufpb\/","title":{"rendered":"Rodada de assembleias vai definir comiss\u00e3o eleitoral que organizar\u00e1 as elei\u00e7\u00f5es da ADUFPB"},"content":{"rendered":"<p><img loading=\"lazy\" decoding=\"async\" class=\"alignleft size-medium wp-image-36103\" src=\"https:\/\/www.adufpb.org.br\/site\/wp-content\/uploads\/2026\/03\/RODADA-DE-ASSEMBLEIAS-MARCO-2026-300x300.png\" alt=\"\" width=\"300\" height=\"300\" srcset=\"https:\/\/www.adufpb.org.br\/site\/wp-content\/uploads\/2026\/03\/RODADA-DE-ASSEMBLEIAS-MARCO-2026-300x300.png 300w, https:\/\/www.adufpb.org.br\/site\/wp-content\/uploads\/2026\/03\/RODADA-DE-ASSEMBLEIAS-MARCO-2026-1021x1024.png 1021w, https:\/\/www.adufpb.org.br\/site\/wp-content\/uploads\/2026\/03\/RODADA-DE-ASSEMBLEIAS-MARCO-2026-150x150.png 150w, https:\/\/www.adufpb.org.br\/site\/wp-content\/uploads\/2026\/03\/RODADA-DE-ASSEMBLEIAS-MARCO-2026-768x770.png 768w, https:\/\/www.adufpb.org.br\/site\/wp-content\/uploads\/2026\/03\/RODADA-DE-ASSEMBLEIAS-MARCO-2026-250x251.png 250w, https:\/\/www.adufpb.org.br\/site\/wp-content\/uploads\/2026\/03\/RODADA-DE-ASSEMBLEIAS-MARCO-2026.png 1081w\" sizes=\"auto, (max-width: 300px) 100vw, 300px\" \/>A\u00a0ADUFPB convoca toda a categoria para uma nova rodada de assembleias na pr\u00f3xima semana. Os encontros ser\u00e3o realizados nos dias 24, 25 e 26, respectivamente nos campi de Bananeiras, Jo\u00e3o Pessoa e Areia.<\/p>\n<p>Entre os pontos de pauta, est\u00e1 a defini\u00e7\u00e3o dos integrantes da Comiss\u00e3o Eleitoral do sindicato, que ficar\u00e1 respons\u00e1vel pela organiza\u00e7\u00e3o da elei\u00e7\u00e3o para escolha da 36\u00aa Diretoria Executiva, gest\u00e3o 2026\/2028.<\/p>\n<p>Al\u00e9m desse tema, a rodada de assembleias tamb\u00e9m abordar\u00e1 os seguintes assuntos: informes, an\u00e1lise de conjuntura, repasse do 44\u00ba Congresso do Andes-SN, reforma administrativa e informes jur\u00eddicos.<\/p>\n<p><strong>Atendimento jur\u00eddico<\/strong><br \/>\nNos campi do interior, a ADUFPB realizar\u00e1, nas mesmas datas das assembleias, um dia de atendimento jur\u00eddico para tirar d\u00favidas e prestar informa\u00e7\u00f5es aos(\u00e0s) sindicalizados(as) a respeito das a\u00e7\u00f5es em andamento.<\/p>\n<p>O servi\u00e7o ficar\u00e1 dispon\u00edvel, durante todo o dia, nas secretarias adjuntas da ADUFPB \u2014 no dia 24, em Bananeiras, e no dia 26, em Areia \u2014 e os interessados devem apenas se dirigir aos locais, sem necessidade de agenda. O atendimento \u00e9 feito por ordem de chegada.<\/p>\n<p><strong>AGENDE-SE<\/strong><br \/>\n<em><strong>Rodada de Assembleias Docentes<\/strong><\/em><\/p>\n<p>&#8211; Dia 24 &#8211; Bananeiras &#8211; 9h, na sede local da ADUFPB<br \/>\n&#8211; Dia 25 &#8211; Jo\u00e3o Pessoa &#8211; 9h, no Centro de Viv\u00eancia<br \/>\n&#8211; Dia 26 &#8211; Areia &#8211; 9h, na sede local da ADUFPB<\/p>\n<p><strong>Pauta:<\/strong><br \/>\n1. Informes<br \/>\n2. An\u00e1lise de conjuntura<br \/>\n3. Repasse do 44\u00ba Congresso do Andes-SN<br \/>\n4. Reforma administrativa<br \/>\n5. Informes jur\u00eddicos<br \/>\n6. Defini\u00e7\u00e3o da Comiss\u00e3o Eleitoral da ADUFPB<br \/>\n7. Encaminhamentos<\/p>\n","protected":false},"excerpt":{"rendered":"<p>A\u00a0ADUFPB convoca toda a categoria para uma nova rodada de assembleias na pr\u00f3xima semana. Os encontros ser\u00e3o realizados nos dias 24, 25 e 26, respectivamente nos campi de Bananeiras, Jo\u00e3o Pessoa e Areia. Entre os pontos de pauta, est\u00e1 a defini\u00e7\u00e3o dos integrantes da Comiss\u00e3o Eleitoral do sindicato, que ficar\u00e1 respons\u00e1vel pela organiza\u00e7\u00e3o da elei\u00e7\u00e3o&hellip;<\/p>\n","protected":false},"author":3,"featured_media":36103,"comment_status":"closed","ping_status":"closed","sticky":false,"template":"","format":"standard","meta":{"footnotes":""},"categories":[1405,15,417],"tags":[1842,816,363,1449],"class_list":["post-36091","post","type-post","status-publish","format-standard","has-post-thumbnail","hentry","category-chamada-principal","category-noticias","category-noticias-destaque","tag-44o-congresso-do-andes","tag-assembleia","tag-eleicoes-adufpb","tag-reforma-administrativa","category-1405","category-15","category-417","description-off"],"_links":{"self":[{"href":"https:\/\/www.adufpb.org.br\/site\/wp-json\/wp\/v2\/posts\/36091","targetHints":{"allow":["GET"]}}],"collection":[{"href":"https:\/\/www.adufpb.org.br\/site\/wp-json\/wp\/v2\/posts"}],"about":[{"href":"https:\/\/www.adufpb.org.br\/site\/wp-json\/wp\/v2\/types\/post"}],"author":[{"embeddable":true,"href":"https:\/\/www.adufpb.org.br\/site\/wp-json\/wp\/v2\/users\/3"}],"replies":[{"embeddable":true,"href":"https:\/\/www.adufpb.org.br\/site\/wp-json\/wp\/v2\/comments?post=36091"}],"version-history":[{"count":4,"href":"https:\/\/www.adufpb.org.br\/site\/wp-json\/wp\/v2\/posts\/36091\/revisions"}],"predecessor-version":[{"id":36105,"href":"https:\/\/www.adufpb.org.br\/site\/wp-json\/wp\/v2\/posts\/36091\/revisions\/36105"}],"wp:featuredmedia":[{"embeddable":true,"href":"https:\/\/www.adufpb.org.br\/site\/wp-json\/wp\/v2\/media\/36103"}],"wp:attachment":[{"href":"https:\/\/www.adufpb.org.br\/site\/wp-json\/wp\/v2\/media?parent=36091"}],"wp:term":[{"taxonomy":"category","embeddable":true,"href":"https:\/\/www.adufpb.org.br\/site\/wp-json\/wp\/v2\/categories?post=36091"},{"taxonomy":"post_tag","embeddable":true,"href":"https:\/\/www.adufpb.org.br\/site\/wp-json\/wp\/v2\/tags?post=36091"}],"curies":[{"name":"wp","href":"https:\/\/api.w.org\/{rel}","templated":true}]}}