{"id":36078,"date":"2026-03-26T08:39:35","date_gmt":"2026-03-26T11:39:35","guid":{"rendered":"https:\/\/www.adufpb.org.br\/site\/?p=36078"},"modified":"2026-04-01T11:13:29","modified_gmt":"2026-04-01T14:13:29","slug":"adufpb-realiza-no-dia-28-de-marco-mais-uma-edicao-do-projeto-realidade-brasileira-e-universidade","status":"publish","type":"post","link":"https:\/\/www.adufpb.org.br\/site\/adufpb-realiza-no-dia-28-de-marco-mais-uma-edicao-do-projeto-realidade-brasileira-e-universidade\/","title":{"rendered":"ADUFPB realiza, no dia 28 de mar\u00e7o, mais uma edi\u00e7\u00e3o do projeto Realidade Brasileira e Universidade"},"content":{"rendered":"<p><span style=\"font-weight: 400;\"><a class=\"dt-pswp-item\" href=\"https:\/\/www.adufpb.org.br\/site\/wp-content\/uploads\/2026\/03\/2026.03.28-realidade-brasileira.jpeg\" data-dt-img-description=\"\" data-large_image_width=\"1068\" data-large_image_height=\"1084\"><img loading=\"lazy\" decoding=\"async\" class=\"alignright wp-image-36119 size-medium\" src=\"https:\/\/www.adufpb.org.br\/site\/wp-content\/uploads\/2026\/03\/2026.03.28-realidade-brasileira-296x300.jpeg\" alt=\"\" width=\"296\" height=\"300\" srcset=\"https:\/\/www.adufpb.org.br\/site\/wp-content\/uploads\/2026\/03\/2026.03.28-realidade-brasileira-296x300.jpeg 296w, https:\/\/www.adufpb.org.br\/site\/wp-content\/uploads\/2026\/03\/2026.03.28-realidade-brasileira-1009x1024.jpeg 1009w, https:\/\/www.adufpb.org.br\/site\/wp-content\/uploads\/2026\/03\/2026.03.28-realidade-brasileira-768x780.jpeg 768w, https:\/\/www.adufpb.org.br\/site\/wp-content\/uploads\/2026\/03\/2026.03.28-realidade-brasileira-250x254.jpeg 250w, https:\/\/www.adufpb.org.br\/site\/wp-content\/uploads\/2026\/03\/2026.03.28-realidade-brasileira.jpeg 1068w\" sizes=\"auto, (max-width: 296px) 100vw, 296px\" \/><\/a>A ADUFPB realiza, no pr\u00f3ximo dia 28, mais uma edi\u00e7\u00e3o do projeto Realidade Brasileira e Universidade, iniciativa voltada a discutir a conjuntura pol\u00edtica e social do pa\u00eds e seus efeitos sobre as institui\u00e7\u00f5es de ensino e a classe docente. <\/span><\/p>\n<p><span style=\"font-weight: 400;\">A atividade abordar\u00e1 o tema \u201cA quest\u00e3o mundial das universidades e o combate ao conhecimento\u201d e ser\u00e1 realizado no Hotel Verdegreen, em Jo\u00e3o Pessoa, das 9h30 ao meio-dia.\u00a0<\/span><span style=\"font-weight: 400;\">Na mesa, estar\u00e1 o professor do Departamento de Hist\u00f3ria e ex-presidente da ADUFPB, Jaldes Reis de Meneses, e a media\u00e7\u00e3o ficar\u00e1 a cargo do presidente da ADUFPB, professor Edson Franco.<\/span><\/p>\n<p><span style=\"font-weight: 400;\">A proposta desta edi\u00e7\u00e3o do projeto Realidade Brasileira e Universidade \u00e9 discutir a conjuntura global e o atual regime de produ\u00e7\u00e3o do conhecimento. Ser\u00e1 uma oportunidade para tratar sobre a quest\u00e3o or\u00e7ament\u00e1ria das universidades brasileiras e sua autonomia na produ\u00e7\u00e3o de conhecimento. Al\u00e9m disso, abordar\u00e1, dentro da an\u00e1lise de conjuntura, os temas da soberania, das terras raras, das big techs, o advento das IAs e a guerra do Ir\u00e3.<\/span><\/p>\n<p><b>AGENDE-SE<\/b><\/p>\n<p><em><strong>Projeto Realidade Brasileira e Universidade<\/strong><\/em><\/p>\n<p><span style=\"font-weight: 400;\"><strong>Tema:<\/strong> \u201cA quest\u00e3o mundial das universidades e o combate ao conhecimento\u201d\u00a0<\/span><\/p>\n<p><span style=\"font-weight: 400;\"><strong>Data:<\/strong> 28 de mar\u00e7o, s\u00e1bado<\/span><\/p>\n<p><span style=\"font-weight: 400;\"><strong>Hor\u00e1rio:<\/strong> Das 9h30 \u00e0s 12h<\/span><\/p>\n<p><span style=\"font-weight: 400;\"><strong>Local:<\/strong> Hotel Verdegreen \u2014 Avenida Jo\u00e3o Maur\u00edcio, 255, Mana\u00edra<\/span><\/p>\n<p><em>Fonte: Ascom ADUFPB<\/em><\/p>\n","protected":false},"excerpt":{"rendered":"<p>A ADUFPB realiza, no pr\u00f3ximo dia 28, mais uma edi\u00e7\u00e3o do projeto Realidade Brasileira e Universidade, iniciativa voltada a discutir a conjuntura pol\u00edtica e social do pa\u00eds e seus efeitos sobre as institui\u00e7\u00f5es de ensino e a classe docente. A atividade abordar\u00e1 o tema \u201cA quest\u00e3o mundial das universidades e o combate ao conhecimento\u201d e&hellip;<\/p>\n","protected":false},"author":3,"featured_media":36119,"comment_status":"closed","ping_status":"closed","sticky":false,"template":"","format":"standard","meta":{"footnotes":""},"categories":[1405,15,417],"tags":[1037],"class_list":["post-36078","post","type-post","status-publish","format-standard","has-post-thumbnail","hentry","category-chamada-principal","category-noticias","category-noticias-destaque","tag-realidade-brasileira","category-1405","category-15","category-417","description-off"],"_links":{"self":[{"href":"https:\/\/www.adufpb.org.br\/site\/wp-json\/wp\/v2\/posts\/36078","targetHints":{"allow":["GET"]}}],"collection":[{"href":"https:\/\/www.adufpb.org.br\/site\/wp-json\/wp\/v2\/posts"}],"about":[{"href":"https:\/\/www.adufpb.org.br\/site\/wp-json\/wp\/v2\/types\/post"}],"author":[{"embeddable":true,"href":"https:\/\/www.adufpb.org.br\/site\/wp-json\/wp\/v2\/users\/3"}],"replies":[{"embeddable":true,"href":"https:\/\/www.adufpb.org.br\/site\/wp-json\/wp\/v2\/comments?post=36078"}],"version-history":[{"count":6,"href":"https:\/\/www.adufpb.org.br\/site\/wp-json\/wp\/v2\/posts\/36078\/revisions"}],"predecessor-version":[{"id":36123,"href":"https:\/\/www.adufpb.org.br\/site\/wp-json\/wp\/v2\/posts\/36078\/revisions\/36123"}],"wp:featuredmedia":[{"embeddable":true,"href":"https:\/\/www.adufpb.org.br\/site\/wp-json\/wp\/v2\/media\/36119"}],"wp:attachment":[{"href":"https:\/\/www.adufpb.org.br\/site\/wp-json\/wp\/v2\/media?parent=36078"}],"wp:term":[{"taxonomy":"category","embeddable":true,"href":"https:\/\/www.adufpb.org.br\/site\/wp-json\/wp\/v2\/categories?post=36078"},{"taxonomy":"post_tag","embeddable":true,"href":"https:\/\/www.adufpb.org.br\/site\/wp-json\/wp\/v2\/tags?post=36078"}],"curies":[{"name":"wp","href":"https:\/\/api.w.org\/{rel}","templated":true}]}}