{"id":36057,"date":"2026-03-06T12:09:52","date_gmt":"2026-03-06T15:09:52","guid":{"rendered":"https:\/\/www.adufpb.org.br\/site\/?p=36057"},"modified":"2026-03-23T12:09:55","modified_gmt":"2026-03-23T15:09:55","slug":"dia-internacional-da-mulher-ato-publico-e-debates-marcam-a-programacao-do-mes-de-marco","status":"publish","type":"post","link":"https:\/\/www.adufpb.org.br\/site\/dia-internacional-da-mulher-ato-publico-e-debates-marcam-a-programacao-do-mes-de-marco\/","title":{"rendered":"Dia Internacional da Mulher: ato p\u00fablico e debates marcam a programa\u00e7\u00e3o do m\u00eas de mar\u00e7o"},"content":{"rendered":"<p><span style=\"font-weight: 400;\"><a class=\"dt-pswp-item\" href=\"https:\/\/www.adufpb.org.br\/site\/wp-content\/uploads\/2026\/03\/2026.03.08-card-adufpb.jpeg\" data-dt-img-description=\"\" data-large_image_width=\"1600\" data-large_image_height=\"1597\"><img loading=\"lazy\" decoding=\"async\" class=\"alignright size-medium wp-image-36059\" src=\"https:\/\/www.adufpb.org.br\/site\/wp-content\/uploads\/2026\/03\/2026.03.08-card-adufpb-300x300.jpeg\" alt=\"\" width=\"300\" height=\"300\" srcset=\"https:\/\/www.adufpb.org.br\/site\/wp-content\/uploads\/2026\/03\/2026.03.08-card-adufpb-300x300.jpeg 300w, https:\/\/www.adufpb.org.br\/site\/wp-content\/uploads\/2026\/03\/2026.03.08-card-adufpb-1024x1022.jpeg 1024w, https:\/\/www.adufpb.org.br\/site\/wp-content\/uploads\/2026\/03\/2026.03.08-card-adufpb-150x150.jpeg 150w, https:\/\/www.adufpb.org.br\/site\/wp-content\/uploads\/2026\/03\/2026.03.08-card-adufpb-768x767.jpeg 768w, https:\/\/www.adufpb.org.br\/site\/wp-content\/uploads\/2026\/03\/2026.03.08-card-adufpb-1536x1533.jpeg 1536w, https:\/\/www.adufpb.org.br\/site\/wp-content\/uploads\/2026\/03\/2026.03.08-card-adufpb-250x250.jpeg 250w, https:\/\/www.adufpb.org.br\/site\/wp-content\/uploads\/2026\/03\/2026.03.08-card-adufpb.jpeg 1600w\" sizes=\"auto, (max-width: 300px) 100vw, 300px\" \/><\/a>Em alus\u00e3o ao Dia Internacional da Mulher (8 de mar\u00e7o), a ADUFPB preparou para este m\u00eas uma programa\u00e7\u00e3o com atividades pol\u00edticas, art\u00edsticas e sociais com o objetivo de mobilizar a comunidade acad\u00eamica em torno da luta contra a viol\u00eancia de g\u00eanero, o ass\u00e9dio e a discrimina\u00e7\u00e3o. As a\u00e7\u00f5es ser\u00e3o realizadas tanto na capital, quanto no interior, e contar\u00e3o com a participa\u00e7\u00e3o de professoras, servidoras t\u00e9cnico-administrativas, estudantes, representantes do setor pol\u00edtico e de organiza\u00e7\u00f5es sociais.<\/span><\/p>\n<p><span style=\"font-weight: 400;\">No pr\u00f3ximo domingo (8), a ADUFPB se junta ao grande Ato Pol\u00edtico Cultural organizado pelos Movimentos de Mulheres da Para\u00edba em defesa da democracia e contra a viol\u00eancia de g\u00eanero. O evento ocorrer\u00e1 no Parque das Tr\u00eas Ruas, localizado no bairro dos Banc\u00e1rios, a partir das 15h. A programa\u00e7\u00e3o prev\u00ea atividades culturais, interven\u00e7\u00f5es art\u00edsticas e uma caminhada que deve percorrer as ruas do bairro, reunindo movimentos sociais e participantes da mobiliza\u00e7\u00e3o.<\/span><\/p>\n<p><span style=\"font-weight: 400;\">J\u00e1 a programa\u00e7\u00e3o pr\u00f3pria da ADUFPB ter\u00e1 in\u00edcio na pr\u00f3xima ter\u00e7a-feira (10), a partir das 8h, com um caf\u00e9 da manh\u00e3 no Terra\u00e7o Cultural da ADUFPB, localizado no Centro de Viv\u00eancia do campus I, em Jo\u00e3o Pessoa. Para recepcionar o p\u00fablico, haver\u00e1 uma apresenta\u00e7\u00e3o de voz e viol\u00e3o da cantora Juliana Almeida.\u00a0<\/span><\/p>\n<p><span style=\"font-weight: 400;\">\u00c0s 9h30, ser\u00e1 realizado o evento \u201cPela Vida das Mulheres\u201d, com uma roda de di\u00e1logos comandada pelas professoras Elisangela In\u00e1cio, coordenadora do Grupo de Trabalho Pol\u00edticas de Classe para as Quest\u00f5es \u00c9tnico-raciais, de G\u00eanero e Diversidade Sexual (GTPCGEDS) da ADUFPB, e Val\u00e9ria Rufino, coordenadora do Centro de Refer\u00eancia de Pol\u00edticas de Preven\u00e7\u00e3o e Enfrentamento \u00e0s Viol\u00eancias contra as Mulheres da UFPB (CoMu).\u00a0<\/span><\/p>\n<p><span style=\"font-weight: 400;\">Al\u00e9m de debater o tema da viol\u00eancia contra a mulher, a roda de di\u00e1logos tamb\u00e9m far\u00e1 a apresenta\u00e7\u00e3o do rec\u00e9m criado Plano UFPB de Preven\u00e7\u00e3o e Enfrentamento do Ass\u00e9dio, da Discrimina\u00e7\u00e3o e de Outras Viol\u00eancias.<\/span><\/p>\n<p><b>Bananeiras<\/b><\/p>\n<p><span style=\"font-weight: 400;\">O segundo evento da programa\u00e7\u00e3o ocorrer\u00e1 na manh\u00e3 da quarta-feira, dia 11, no campus III da UFPB, em Bananeiras. Um caf\u00e9 da manh\u00e3 ser\u00e1 servido a partir das 8h, na sede da secretaria adjunta da ADUFPB. J\u00e1 \u00e0s 9h30, ter\u00e1 in\u00edcio uma mesa-redonda com a presen\u00e7a da Diretora do CCHSA, Fabr\u00edcia Montenegro, e da vice-presidente da ADUFPB, Rita Porto. A mesa deve contar tamb\u00e9m com a participa\u00e7\u00e3o de uma representante do setor jur\u00eddico e de uma integrante do CoMu no campus III.<\/span><\/p>\n<p><b>Litoral Norte<\/b><\/p>\n<p><span style=\"font-weight: 400;\">J\u00e1 na quinta-feira, dia 12, a sede dos eventos ser\u00e1 no campus IV &#8211; Litoral Norte. A programa\u00e7\u00e3o come\u00e7a \u00e0s 17h, com um lanche da tarde na sede da secretaria adjunta da ADUFPB, em Mamanguape. \u00c0s 19h, ter\u00e1 in\u00edcio uma mesa-redonda comandada pela vice-presidente da ADUFPB, Rita Porto, com a participa\u00e7\u00e3o da vice-reitora da UFPB, M\u00f4nica N\u00f3brega; da coordenadora do GTPCGEDS da ADUFPB, Elis\u00e2ngela In\u00e1cio; da professora do Departamento de Ci\u00eancias Sociais Aplicadas, Maria Luzitana Concei\u00e7\u00e3o dos Santos, e outras convidadas.\u00a0<\/span><\/p>\n<p><span style=\"font-weight: 400;\">Na ocasi\u00e3o, elas v\u00e3o discutir o tema da viol\u00eancia contra a mulher e apresentar o Plano UFPB de Preven\u00e7\u00e3o e Enfrentamento do Ass\u00e9dio, da Discrimina\u00e7\u00e3o e de Outras Viol\u00eancias.<\/span><\/p>\n<p><b>Mesa-redonda<\/b><\/p>\n<p><span style=\"font-weight: 400;\">Encerrando a programa\u00e7\u00e3o da ADUFPB, no dia 25 ocorrer\u00e1, no audit\u00f3rio do Centro de Ci\u00eancias Jur\u00eddicas (CCJ), a mesa-redonda \u201cPela Vida das Mulheres\u201d, a partir das 19h. O debate reunir\u00e1 mulheres de destaque na pol\u00edtica e no judici\u00e1rio paraibano, al\u00e9m de representantes da ADUFPB.<\/span><\/p>\n<p><em>Fonte: Ascom ADUFPB<\/em><\/p>\n","protected":false},"excerpt":{"rendered":"<p>Em alus\u00e3o ao Dia Internacional da Mulher (8 de mar\u00e7o), a ADUFPB preparou para este m\u00eas uma programa\u00e7\u00e3o com atividades pol\u00edticas, art\u00edsticas e sociais com o objetivo de mobilizar a comunidade acad\u00eamica em torno da luta contra a viol\u00eancia de g\u00eanero, o ass\u00e9dio e a discrimina\u00e7\u00e3o. As a\u00e7\u00f5es ser\u00e3o realizadas tanto na capital, quanto no&hellip;<\/p>\n","protected":false},"author":3,"featured_media":36059,"comment_status":"closed","ping_status":"closed","sticky":false,"template":"","format":"standard","meta":{"footnotes":""},"categories":[1405,15,417],"tags":[121,533,740,1854],"class_list":["post-36057","post","type-post","status-publish","format-standard","has-post-thumbnail","hentry","category-chamada-principal","category-noticias","category-noticias-destaque","tag-8-de-marco","tag-ato-publico","tag-dia-internacional-da-mulher","tag-nenhuma-a-menos","category-1405","category-15","category-417","description-off"],"_links":{"self":[{"href":"https:\/\/www.adufpb.org.br\/site\/wp-json\/wp\/v2\/posts\/36057","targetHints":{"allow":["GET"]}}],"collection":[{"href":"https:\/\/www.adufpb.org.br\/site\/wp-json\/wp\/v2\/posts"}],"about":[{"href":"https:\/\/www.adufpb.org.br\/site\/wp-json\/wp\/v2\/types\/post"}],"author":[{"embeddable":true,"href":"https:\/\/www.adufpb.org.br\/site\/wp-json\/wp\/v2\/users\/3"}],"replies":[{"embeddable":true,"href":"https:\/\/www.adufpb.org.br\/site\/wp-json\/wp\/v2\/comments?post=36057"}],"version-history":[{"count":5,"href":"https:\/\/www.adufpb.org.br\/site\/wp-json\/wp\/v2\/posts\/36057\/revisions"}],"predecessor-version":[{"id":36112,"href":"https:\/\/www.adufpb.org.br\/site\/wp-json\/wp\/v2\/posts\/36057\/revisions\/36112"}],"wp:featuredmedia":[{"embeddable":true,"href":"https:\/\/www.adufpb.org.br\/site\/wp-json\/wp\/v2\/media\/36059"}],"wp:attachment":[{"href":"https:\/\/www.adufpb.org.br\/site\/wp-json\/wp\/v2\/media?parent=36057"}],"wp:term":[{"taxonomy":"category","embeddable":true,"href":"https:\/\/www.adufpb.org.br\/site\/wp-json\/wp\/v2\/categories?post=36057"},{"taxonomy":"post_tag","embeddable":true,"href":"https:\/\/www.adufpb.org.br\/site\/wp-json\/wp\/v2\/tags?post=36057"}],"curies":[{"name":"wp","href":"https:\/\/api.w.org\/{rel}","templated":true}]}}