{"id":3593,"date":"2012-07-05T23:09:26","date_gmt":"2012-07-06T03:09:26","guid":{"rendered":"http:\/\/www.adufpb.org.br\/site\/?p=3593"},"modified":"2012-07-06T01:32:28","modified_gmt":"2012-07-06T05:32:28","slug":"servidores-federais-realizam-ato-publico-pela-educacao","status":"publish","type":"post","link":"https:\/\/www.adufpb.org.br\/site\/servidores-federais-realizam-ato-publico-pela-educacao\/","title":{"rendered":"Servidores federais realizam ato p\u00fablico pela educa\u00e7\u00e3o"},"content":{"rendered":"<p><a href=\"http:\/\/www.adufpb.org.br\/site\/wp-content\/uploads\/2012\/07\/ATO-35_WEB.jpg\"><img loading=\"lazy\" decoding=\"async\" class=\"alignleft size-medium wp-image-3598\" title=\"ATO 35_WEB\" src=\"http:\/\/www.adufpb.org.br\/site\/wp-content\/uploads\/2012\/07\/ATO-35_WEB-300x196.jpg\" alt=\"\" width=\"300\" height=\"196\" srcset=\"https:\/\/www.adufpb.org.br\/site\/wp-content\/uploads\/2012\/07\/ATO-35_WEB-300x196.jpg 300w, https:\/\/www.adufpb.org.br\/site\/wp-content\/uploads\/2012\/07\/ATO-35_WEB-1024x672.jpg 1024w\" sizes=\"auto, (max-width: 300px) 100vw, 300px\" \/><\/a>Os professores e funcion\u00e1rios t\u00e9cnico-administrativos das universidades federais da Para\u00edba (UFPB), de Campina Grande (UFCG) e do Instituto Federal de Educa\u00e7\u00e3o, Ci\u00eancia e Tecnologia da Para\u00edba (IFPB) e estudantes realizaram na quarta-feira (4\/7), no Ponto de Cem R\u00e9is, em Jo\u00e3o Pessoa, um ato p\u00fablico em defesa da educa\u00e7\u00e3o. O objetivo era divulgar para a sociedade o andamento do movimento grevista nessas institui\u00e7\u00f5es e alertar para a demora do Governo Federal em retomar o processo de negocia\u00e7\u00e3o.<\/p>\n<p>A atividade contou com carro de som e distribui\u00e7\u00e3o de material informativo. Uma equipe de profissionais de sa\u00fade do Hospital Universit\u00e1rio tamb\u00e9m esteve presente para oferecer servi\u00e7os \u00e0 popula\u00e7\u00e3o. No total foram feitos 244 atendimentos. No final da atividade, os manifestantes formaram uma grande roda de ciranda no Ponto de Cem R\u00e9is.<\/p>\n<p><a href=\"http:\/\/www.adufpb.org.br\/site\/wp-content\/uploads\/2012\/07\/ATO-10_WEB.jpg\"><img loading=\"lazy\" decoding=\"async\" class=\"alignright size-medium wp-image-3597\" title=\"ATO 10_WEB\" src=\"http:\/\/www.adufpb.org.br\/site\/wp-content\/uploads\/2012\/07\/ATO-10_WEB-300x154.jpg\" alt=\"\" width=\"300\" height=\"154\" srcset=\"https:\/\/www.adufpb.org.br\/site\/wp-content\/uploads\/2012\/07\/ATO-10_WEB-300x154.jpg 300w, https:\/\/www.adufpb.org.br\/site\/wp-content\/uploads\/2012\/07\/ATO-10_WEB-1024x527.jpg 1024w\" sizes=\"auto, (max-width: 300px) 100vw, 300px\" \/><\/a>As aulas nas duas universidades e no IFPB foram suspensas em maio e junho, respectivamente, afetando aproximadamente 81,9 mil alunos (43,9 mil da UFPB, 20 mil da UFCG e 18 mil do IFPB).<\/p>\n<p>Na UFCG, os professores pararam em 15\/5. Na UFPB, no dia 17. J\u00e1 os servidores t\u00e9cnico-administrativos de ambas as institui\u00e7\u00f5es deflagraram greve em 11 de junho. No IFPB, a paralisa\u00e7\u00e3o de professores e funcion\u00e1rios vem desde o dia 6\/6. Entre as reivindica\u00e7\u00f5es das categorias est\u00e1 reestrutura\u00e7\u00e3o de carreira (no caso dos professores), melhoria das condi\u00e7\u00f5es de trabalho e valoriza\u00e7\u00e3o salarial.<\/p>\n<div id=\"attachment_3596\" style=\"width: 310px\" class=\"wp-caption alignleft\"><a href=\"http:\/\/www.adufpb.org.br\/site\/wp-content\/uploads\/2012\/07\/ATO-03_WEB.jpg\"><img loading=\"lazy\" decoding=\"async\" aria-describedby=\"caption-attachment-3596\" class=\"size-medium wp-image-3596\" title=\"ATO 03_WEB\" src=\"http:\/\/www.adufpb.org.br\/site\/wp-content\/uploads\/2012\/07\/ATO-03_WEB-300x225.jpg\" alt=\"\" width=\"300\" height=\"225\" srcset=\"https:\/\/www.adufpb.org.br\/site\/wp-content\/uploads\/2012\/07\/ATO-03_WEB-300x225.jpg 300w, https:\/\/www.adufpb.org.br\/site\/wp-content\/uploads\/2012\/07\/ATO-03_WEB-1024x768.jpg 1024w\" sizes=\"auto, (max-width: 300px) 100vw, 300px\" \/><\/a><p id=\"caption-attachment-3596\" class=\"wp-caption-text\">Profissionais de sa\u00fade fizeram atendimento gratuito \u00e0 popula\u00e7\u00e3o<\/p><\/div>\n<p>De acordo com o professor Ricardo Lucena, presidente da ADUFPB, a \u00faltima reuni\u00e3o com o governo aconteceu no dia 12 de maio. Na ocasi\u00e3o, ficou acertado que o Minist\u00e9rio do Planejamento apresentaria uma proposta no dia 19, mas a reuni\u00e3o terminou sendo suspensa pelo governo um dia antes da data marcada. \u201cDesde ent\u00e3o os professores aguardam\u201d, afirma Ricardo Lucena. J\u00e1 os servidores t\u00e9cnico-administrativos at\u00e9 o momento n\u00e3o foram recebidos pelo governo.<\/p>\n<p>Sexta-feira (6\/7), os professores e servidores t\u00e9cnico-administrativos realizam uma audi\u00eancia p\u00fablica \u00e0s 15h para cobrar o apoio dos parlamentares paraibanos ao movimento grevista. Foram convidados os 12 deputados federais e tr\u00eas senadores que representam o Estado no Congresso Nacional. J\u00e1 no s\u00e1bado, o Comando Local de Greve dos professores da UFPB realizam uma caminha no Busto de Tamandar\u00e9 para pedir o apoio da sociedade.<\/p>\n<p><a href=\"http:\/\/www.adufpb.org.br\/site\/wp-content\/uploads\/2012\/07\/ATO-01_WEB.jpg\"><img loading=\"lazy\" decoding=\"async\" class=\"alignright size-medium wp-image-3595\" title=\"ATO 01_WEB\" src=\"http:\/\/www.adufpb.org.br\/site\/wp-content\/uploads\/2012\/07\/ATO-01_WEB-300x225.jpg\" alt=\"\" width=\"300\" height=\"225\" srcset=\"https:\/\/www.adufpb.org.br\/site\/wp-content\/uploads\/2012\/07\/ATO-01_WEB-300x225.jpg 300w, https:\/\/www.adufpb.org.br\/site\/wp-content\/uploads\/2012\/07\/ATO-01_WEB-1024x768.jpg 1024w\" sizes=\"auto, (max-width: 300px) 100vw, 300px\" \/><\/a>Por causa da postura do governo de evitar a negocia\u00e7\u00e3o, os servidores est\u00e3o intensificando as atividades nacionais. No dia 18 de julho, servidores de todo o pa\u00eds far\u00e3o em Bras\u00edlia mais uma marcha de protesto contra a pol\u00edtica de arrocho salarial promovida pelo governo federal. E de 16 a 20 de julho haver\u00e1 um acampamento unificado da greve nacional dos servidores federais em Bras\u00edlia, que terminar\u00e1 com uma plen\u00e1ria nacional, marcada para o dia 20.<\/p>\n<p>&nbsp;<\/p>\n<p><a href=\"http:\/\/www.adufpb.org.br\/site\/wp-content\/uploads\/2012\/07\/ATO-P\u00daBLICO-CIRANDA-02.jpg\"><img loading=\"lazy\" decoding=\"async\" class=\"aligncenter size-medium wp-image-3594\" title=\"ATO P\u00daBLICO - CIRANDA 02\" src=\"http:\/\/www.adufpb.org.br\/site\/wp-content\/uploads\/2012\/07\/ATO-P\u00daBLICO-CIRANDA-02-300x225.jpg\" alt=\"\" width=\"300\" height=\"225\" srcset=\"https:\/\/www.adufpb.org.br\/site\/wp-content\/uploads\/2012\/07\/ATO-P\u00daBLICO-CIRANDA-02-300x225.jpg 300w, https:\/\/www.adufpb.org.br\/site\/wp-content\/uploads\/2012\/07\/ATO-P\u00daBLICO-CIRANDA-02-1024x768.jpg 1024w\" sizes=\"auto, (max-width: 300px) 100vw, 300px\" \/><\/a><\/p>\n<p><em>Fonte: Ascom ADUFPB<\/em><\/p>\n","protected":false},"excerpt":{"rendered":"<p>Os professores e funcion\u00e1rios t\u00e9cnico-administrativos das universidades federais da Para\u00edba (UFPB), de Campina Grande (UFCG) e do Instituto Federal de Educa\u00e7\u00e3o, Ci\u00eancia e Tecnologia da Para\u00edba (IFPB) e estudantes realizaram na quarta-feira (4\/7), no Ponto de Cem R\u00e9is, em Jo\u00e3o Pessoa, um ato p\u00fablico em defesa da educa\u00e7\u00e3o. O objetivo era divulgar para a sociedade&hellip;<\/p>\n","protected":false},"author":3,"featured_media":0,"comment_status":"open","ping_status":"open","sticky":false,"template":"","format":"standard","meta":{"footnotes":""},"categories":[15],"tags":[132],"class_list":["post-3593","post","type-post","status-publish","format-standard","hentry","category-noticias","tag-greve","category-15","description-off"],"_links":{"self":[{"href":"https:\/\/www.adufpb.org.br\/site\/wp-json\/wp\/v2\/posts\/3593","targetHints":{"allow":["GET"]}}],"collection":[{"href":"https:\/\/www.adufpb.org.br\/site\/wp-json\/wp\/v2\/posts"}],"about":[{"href":"https:\/\/www.adufpb.org.br\/site\/wp-json\/wp\/v2\/types\/post"}],"author":[{"embeddable":true,"href":"https:\/\/www.adufpb.org.br\/site\/wp-json\/wp\/v2\/users\/3"}],"replies":[{"embeddable":true,"href":"https:\/\/www.adufpb.org.br\/site\/wp-json\/wp\/v2\/comments?post=3593"}],"version-history":[{"count":2,"href":"https:\/\/www.adufpb.org.br\/site\/wp-json\/wp\/v2\/posts\/3593\/revisions"}],"predecessor-version":[{"id":3605,"href":"https:\/\/www.adufpb.org.br\/site\/wp-json\/wp\/v2\/posts\/3593\/revisions\/3605"}],"wp:attachment":[{"href":"https:\/\/www.adufpb.org.br\/site\/wp-json\/wp\/v2\/media?parent=3593"}],"wp:term":[{"taxonomy":"category","embeddable":true,"href":"https:\/\/www.adufpb.org.br\/site\/wp-json\/wp\/v2\/categories?post=3593"},{"taxonomy":"post_tag","embeddable":true,"href":"https:\/\/www.adufpb.org.br\/site\/wp-json\/wp\/v2\/tags?post=3593"}],"curies":[{"name":"wp","href":"https:\/\/api.w.org\/{rel}","templated":true}]}}