{"id":3590,"date":"2012-07-04T11:34:20","date_gmt":"2012-07-04T15:34:20","guid":{"rendered":"http:\/\/www.adufpb.org.br\/site\/?p=3590"},"modified":"2012-07-04T11:34:20","modified_gmt":"2012-07-04T15:34:20","slug":"confira-o-calendario-atualizado-de-atividades-de-greve","status":"publish","type":"post","link":"https:\/\/www.adufpb.org.br\/site\/confira-o-calendario-atualizado-de-atividades-de-greve\/","title":{"rendered":"Confira o calend\u00e1rio atualizado de atividades de greve"},"content":{"rendered":"<p><em><strong>2 a 7 de julho<\/strong><\/em><\/p>\n<p>&nbsp;<\/p>\n<p><strong>Segunda-feira (02\/07)<\/strong><\/p>\n<p>15h00 \u2013 Reuni\u00e3o do Comando Local de Greve \u2013 sede da ADUFPB<\/p>\n<p>17h00 \u2013 Cineclube exibe no Centro de Viv\u00eancia, o document\u00e1rio \u201cBelo Monte \u2013 An\u00fancio de uma Guerra\u201d, seguido de debate.<\/p>\n<p>&nbsp;<\/p>\n<p><strong>Ter\u00e7a-feira (03\/07)<\/strong><\/p>\n<p>9h00 \u2013 Assembleia Ordin\u00e1ria da GREVE \u2013 audit\u00f3rio da Reitoria<\/p>\n<p>14h30 \u2013 Reuni\u00e3o de trabalho prepara\u00e7\u00e3o Ato P\u00fablico<\/p>\n<p>14h00 \u2013 Assembleia Geral dos estudantes \u2013 Centro de Viv\u00eancia<\/p>\n<p>&nbsp;<\/p>\n<p><strong>Quarta-feira (04\/07)<\/strong><\/p>\n<p>9h00 \u00e0s 13h00 \u2013 Ato P\u00fablico\u00a0<strong>Educa\u00e7\u00e3o vai \u00e0 Pra\u00e7a<\/strong>\u00a0em parceria com Sintefpb e Sintespb \u2013 Ponto de Cem R\u00e9is<\/p>\n<p>14h00 \u2013 Reuni\u00e3o dos Estudantes da p\u00f3s-gradua\u00e7\u00e3o (sala 505 CCHLA)<\/p>\n<p>15h00 &#8211; Reuni\u00e3o do Comando Local de Greve<\/p>\n<p>&nbsp;<\/p>\n<p><strong>Quinta-feira (05\/07)<\/strong><\/p>\n<p>9h00 \u2013 Reuni\u00e3o de planejamento do ato p\u00fablico dos Servidores P\u00fablicos Federais do dia 18\/07<\/p>\n<p>14h30h \u2013 Reuni\u00e3o de planejamento do ato p\u00fablico do dia 13\/07<\/p>\n<p>&nbsp;<\/p>\n<p><strong>Sexta-feira (06\/07)<\/strong><\/p>\n<p>9h00 \u2013 Palestra \u201cSeguridade Social e Transfer\u00eancia de Renda no Brasil\u201d &#8211; Audit\u00f3rio da PBTur (Av. Almirante Tamandar\u00e9, 100, Tamba\u00fa)<\/p>\n<p>15h00 &#8211; Audi\u00eancia P\u00fablica em Defesa da Educa\u00e7\u00e3o com os 12 deputados federais e os tr\u00eas senadores paraibanos &#8211; Faculdade de Direito, na pra\u00e7a Jo\u00e3o Pessoa<\/p>\n<p>17h00 \u2013 Ato Contra Viol\u00eancia \u2013 LUTO e LUTA (Pra\u00e7a da Paz \u2013 Banc\u00e1rios)<\/p>\n<p>&nbsp;<\/p>\n<p><strong>S\u00e1bado (07\/07)<\/strong><\/p>\n<p>7h00 \u2013 Caminhada da Greve da greve (Busto de Tamandar\u00e9)<\/p>\n<p>&nbsp;<\/p>\n<p><em>Fonte: Ascom ADUFPB<\/em><\/p>\n","protected":false},"excerpt":{"rendered":"<p>2 a 7 de julho &nbsp; Segunda-feira (02\/07) 15h00 \u2013 Reuni\u00e3o do Comando Local de Greve \u2013 sede da ADUFPB 17h00 \u2013 Cineclube exibe no Centro de Viv\u00eancia, o document\u00e1rio \u201cBelo Monte \u2013 An\u00fancio de uma Guerra\u201d, seguido de debate. &nbsp; Ter\u00e7a-feira (03\/07) 9h00 \u2013 Assembleia Ordin\u00e1ria da GREVE \u2013 audit\u00f3rio da Reitoria 14h30 \u2013&hellip;<\/p>\n","protected":false},"author":3,"featured_media":0,"comment_status":"open","ping_status":"open","sticky":false,"template":"","format":"standard","meta":{"footnotes":""},"categories":[15],"tags":[132],"class_list":["post-3590","post","type-post","status-publish","format-standard","hentry","category-noticias","tag-greve","category-15","description-off"],"_links":{"self":[{"href":"https:\/\/www.adufpb.org.br\/site\/wp-json\/wp\/v2\/posts\/3590","targetHints":{"allow":["GET"]}}],"collection":[{"href":"https:\/\/www.adufpb.org.br\/site\/wp-json\/wp\/v2\/posts"}],"about":[{"href":"https:\/\/www.adufpb.org.br\/site\/wp-json\/wp\/v2\/types\/post"}],"author":[{"embeddable":true,"href":"https:\/\/www.adufpb.org.br\/site\/wp-json\/wp\/v2\/users\/3"}],"replies":[{"embeddable":true,"href":"https:\/\/www.adufpb.org.br\/site\/wp-json\/wp\/v2\/comments?post=3590"}],"version-history":[{"count":1,"href":"https:\/\/www.adufpb.org.br\/site\/wp-json\/wp\/v2\/posts\/3590\/revisions"}],"predecessor-version":[{"id":3591,"href":"https:\/\/www.adufpb.org.br\/site\/wp-json\/wp\/v2\/posts\/3590\/revisions\/3591"}],"wp:attachment":[{"href":"https:\/\/www.adufpb.org.br\/site\/wp-json\/wp\/v2\/media?parent=3590"}],"wp:term":[{"taxonomy":"category","embeddable":true,"href":"https:\/\/www.adufpb.org.br\/site\/wp-json\/wp\/v2\/categories?post=3590"},{"taxonomy":"post_tag","embeddable":true,"href":"https:\/\/www.adufpb.org.br\/site\/wp-json\/wp\/v2\/tags?post=3590"}],"curies":[{"name":"wp","href":"https:\/\/api.w.org\/{rel}","templated":true}]}}