{"id":35822,"date":"2026-03-03T14:20:56","date_gmt":"2026-03-03T17:20:56","guid":{"rendered":"https:\/\/www.adufpb.org.br\/site\/?p=35822"},"modified":"2026-03-11T10:46:48","modified_gmt":"2026-03-11T13:46:48","slug":"comeca-o-44o-congresso-do-andes-sn-adufpb-participa-com-delegacao-formada-por-10-docentes","status":"publish","type":"post","link":"https:\/\/www.adufpb.org.br\/site\/comeca-o-44o-congresso-do-andes-sn-adufpb-participa-com-delegacao-formada-por-10-docentes\/","title":{"rendered":"Come\u00e7a o 44\u00ba Congresso do Andes-SN; ADUFPB participa com delega\u00e7\u00e3o formada por 10 docentes"},"content":{"rendered":"<p><span style=\"font-weight: 400;\"><a class=\"dt-pswp-item\" href=\"https:\/\/www.adufpb.org.br\/site\/wp-content\/uploads\/2026\/03\/2026.03.03-congresso-do-andes-scaled.jpeg\" data-dt-img-description=\"\" data-large_image_width=\"2560\" data-large_image_height=\"1920\"><img loading=\"lazy\" decoding=\"async\" class=\"alignright size-medium wp-image-35828\" src=\"https:\/\/www.adufpb.org.br\/site\/wp-content\/uploads\/2026\/03\/2026.03.03-congresso-do-andes-300x225.jpeg\" alt=\"\" width=\"300\" height=\"225\" srcset=\"https:\/\/www.adufpb.org.br\/site\/wp-content\/uploads\/2026\/03\/2026.03.03-congresso-do-andes-300x225.jpeg 300w, https:\/\/www.adufpb.org.br\/site\/wp-content\/uploads\/2026\/03\/2026.03.03-congresso-do-andes-1024x768.jpeg 1024w, https:\/\/www.adufpb.org.br\/site\/wp-content\/uploads\/2026\/03\/2026.03.03-congresso-do-andes-768x576.jpeg 768w, https:\/\/www.adufpb.org.br\/site\/wp-content\/uploads\/2026\/03\/2026.03.03-congresso-do-andes-1536x1152.jpeg 1536w, https:\/\/www.adufpb.org.br\/site\/wp-content\/uploads\/2026\/03\/2026.03.03-congresso-do-andes-2048x1536.jpeg 2048w, https:\/\/www.adufpb.org.br\/site\/wp-content\/uploads\/2026\/03\/2026.03.03-congresso-do-andes-250x188.jpeg 250w\" sizes=\"auto, (max-width: 300px) 100vw, 300px\" \/><\/a>Teve in\u00edcio nesta segunda-feira (2), na cidade de Salvador (BA), o 44\u00ba Congresso do Andes &#8211; Sindicato Nacional. O evento re\u00fane, at\u00e9 a pr\u00f3xima sexta-feira (6), mais de 640 docentes de todo o pa\u00eds, representantes de 89 se\u00e7\u00f5es sindicais. A ADUFPB integra o Congresso com uma delega\u00e7\u00e3o formada por 10 docentes, sendo um representante da Diretoria e nove escolhidos pela base, por meio de Assembleia Geral.\u00a0<\/span><\/p>\n<p><span style=\"font-weight: 400;\">Neste ano, o encontro tem como tema central \u201cNa capital da resist\u00eancia, das revoltas dos B\u00fazios e dos Mal\u00eas: ANDES-SN nas lutas e nas ruas, pela democracia e educa\u00e7\u00e3o p\u00fablica, contra as opress\u00f5es e a extrema direita!\u201d. Ao longo dos cinco dias de eventos, os(as) delegados(as) v\u00e3o debater a conjuntura nacional e internacional, os desafios da educa\u00e7\u00e3o p\u00fablica e os rumos da luta docente<\/span><\/p>\n<p><span style=\"font-weight: 400;\">O presidente da ADUFPB, professor Edson Franco \u2014 que integra a delega\u00e7\u00e3o do sindicato como representante da Diretoria \u2014, destaca que o Congresso deste ano acontece durante um momento muito preocupante da geopol\u00edtica internacional, marcado por guerras e atitudes antidemocr\u00e1ticas. \u201cE n\u00f3s estaremos discutindo essa conjuntura como enfrentar esse momento que estamos passando\u201d, afirmou.<\/span><\/p>\n<p><span style=\"font-weight: 400;\">No campo das institui\u00e7\u00f5es federais, um dos temas que deve centralizar as discuss\u00f5es \u00e9 a redu\u00e7\u00e3o do or\u00e7amento para a Educa\u00e7\u00e3o tanto nos gastos discricion\u00e1rios (despesas para manuten\u00e7\u00e3o da estrutura, como \u00e1gua, energia, servi\u00e7os terceirizados, manuten\u00e7\u00e3o de equipamentos, entre outros), quanto nos gastos de investimento.\u00a0<\/span><\/p>\n<p><span style=\"font-weight: 400;\">Segundo Edson Franco, enquanto, em 2015, as universidades tinham cerca de R$ 15 bilh\u00f5es para gastos discricion\u00e1rios, em 2025, esse valor caiu para apenas R$ 7 bilh\u00f5es. A redu\u00e7\u00e3o se torna ainda mais dram\u00e1tica quando se considera que os servi\u00e7os prestados pelas institui\u00e7\u00f5es de ensino \u00e0 sociedade aumentaram consideravelmente nesses mesmos 10 anos.\u00a0<\/span><\/p>\n<p><span style=\"font-weight: 400;\">J\u00e1 o or\u00e7amento de capital (que re\u00fane gastos para investimentos, como compra de equipamentos, constru\u00e7\u00e3o de novas salas e laborat\u00f3rios etc.) registra uma diminui\u00e7\u00e3o de 85%. O Congresso do Andes ser\u00e1 uma oportunidade para que a categoria possa discutir como enfrentar esse problema, que vem precarizando os servi\u00e7os nas institui\u00e7\u00f5es federais de ensino.<\/span><\/p>\n<p><b>Textos de Resolu\u00e7\u00e3o<\/b><\/p>\n<p><span style=\"font-weight: 400;\">O professor Edson Franco tamb\u00e9m destaca que quatro Textos de Resolu\u00e7\u00e3o elaborados pela ADUFPB integram o Caderno de Textos do 44\u00ba Congresso do Andes. Um deles, trata da defesa do Reconhecimento de Saberes e Compet\u00eancias (RSC). \u201cEssa \u00e9 uma discuss\u00e3o que tivemos no Grupo de Trabalho Carreira, em rela\u00e7\u00e3o \u00e0 carreira do Magist\u00e9rio Superior. E foi decidido que apoiaremos a implementa\u00e7\u00e3o do RSC principalmente para tentar igualar ou melhorar o sal\u00e1rio dos aposentados, pois hoje existe um fosso grande entre o sal\u00e1rio dos aposentados e dos ativos\u201d, explicou Edson Franco.<\/span><\/p>\n<p><span style=\"font-weight: 400;\">Segundo ele, outra proposta para elevar o sal\u00e1rio dos aposentados, que inclusive j\u00e1 est\u00e1 na mesa de negocia\u00e7\u00e3o com o governo federal e que tamb\u00e9m ser\u00e1 levado para discuss\u00e3o no Congresso, \u00e9 o reenquadramento dos aposentados que se afastaram antes do novo plano de carreira e que ficaram estacionados como Adjunto 4. As TRs assinadas pela ADUFPB incluem, ainda, uma discuss\u00e3o sobre arte e cultura como pol\u00edtica dentro do Andes-SN e outra sobre organiza\u00e7\u00e3o e financiamento da pol\u00edtica sindical.<\/span><\/p>\n<p><span style=\"font-weight: 400;\">Ap\u00f3s o Congresso, que se encerra na pr\u00f3xima sexta-feira (6), a proposta, segundo o professor Edson Franco, \u00e9 realizar reuni\u00f5es, comandadas pelos coordenadores de GTs, em Jo\u00e3o Pessoa, Areia, Bananeiras e Litoral Norte, para levar aos(\u00e0s) sindicalizados(as) os debates e as decis\u00f5es que foram deliberadas durante o encontro.<\/span><\/p>\n\n\t\t\t<style type='text\/css'>\n\t\t\t\t#gallery-1 {\n\t\t\t\t\tmargin: auto;\n\t\t\t\t}\n\t\t\t\t#gallery-1 .gallery-item {\n\t\t\t\t\tfloat: left;\n\t\t\t\t\tmargin-top: 10px;\n\t\t\t\t\ttext-align: center;\n\t\t\t\t\twidth: 50%;\n\t\t\t\t}\n\t\t\t\t#gallery-1 img {\n\t\t\t\t\tborder: 2px solid #cfcfcf;\n\t\t\t\t}\n\t\t\t\t#gallery-1 .gallery-caption {\n\t\t\t\t\tmargin-left: 0;\n\t\t\t\t}\n\t\t\t\t\/* see gallery_shortcode() in wp-includes\/media.php *\/\n\t\t\t<\/style>\n\t\t<div id='gallery-1' class='dt-gallery-container gallery galleryid-35822 gallery-columns-2 gallery-size-medium'><dl class='gallery-item'>\n\t\t\t\t<dt class='gallery-icon landscape'>\n\t\t\t\t\t<a class=\"rollover\" href='https:\/\/www.adufpb.org.br\/site\/comeca-o-44o-congresso-do-andes-sn-adufpb-participa-com-delegacao-formada-por-10-docentes\/2026-03-03-congresso-do-andes\/'><img loading=\"lazy\" decoding=\"async\" width=\"300\" height=\"225\" src=\"https:\/\/www.adufpb.org.br\/site\/wp-content\/uploads\/2026\/03\/2026.03.03-congresso-do-andes-300x225.jpeg\" class=\"attachment-medium size-medium\" alt=\"\" srcset=\"https:\/\/www.adufpb.org.br\/site\/wp-content\/uploads\/2026\/03\/2026.03.03-congresso-do-andes-300x225.jpeg 300w, https:\/\/www.adufpb.org.br\/site\/wp-content\/uploads\/2026\/03\/2026.03.03-congresso-do-andes-1024x768.jpeg 1024w, https:\/\/www.adufpb.org.br\/site\/wp-content\/uploads\/2026\/03\/2026.03.03-congresso-do-andes-768x576.jpeg 768w, https:\/\/www.adufpb.org.br\/site\/wp-content\/uploads\/2026\/03\/2026.03.03-congresso-do-andes-1536x1152.jpeg 1536w, https:\/\/www.adufpb.org.br\/site\/wp-content\/uploads\/2026\/03\/2026.03.03-congresso-do-andes-2048x1536.jpeg 2048w, https:\/\/www.adufpb.org.br\/site\/wp-content\/uploads\/2026\/03\/2026.03.03-congresso-do-andes-250x188.jpeg 250w\" sizes=\"auto, (max-width: 300px) 100vw, 300px\" \/><\/a>\n\t\t\t\t<\/dt><\/dl><dl class='gallery-item'>\n\t\t\t\t<dt class='gallery-icon landscape'>\n\t\t\t\t\t<a class=\"rollover\" href='https:\/\/www.adufpb.org.br\/site\/comeca-o-44o-congresso-do-andes-sn-adufpb-participa-com-delegacao-formada-por-10-docentes\/2026-03-03-congresso-do-andes-2\/'><img loading=\"lazy\" decoding=\"async\" width=\"300\" height=\"225\" src=\"https:\/\/www.adufpb.org.br\/site\/wp-content\/uploads\/2026\/03\/2026.03.03-congresso-do-andes-2-300x225.jpeg\" class=\"attachment-medium size-medium\" alt=\"\" srcset=\"https:\/\/www.adufpb.org.br\/site\/wp-content\/uploads\/2026\/03\/2026.03.03-congresso-do-andes-2-300x225.jpeg 300w, https:\/\/www.adufpb.org.br\/site\/wp-content\/uploads\/2026\/03\/2026.03.03-congresso-do-andes-2-1024x768.jpeg 1024w, https:\/\/www.adufpb.org.br\/site\/wp-content\/uploads\/2026\/03\/2026.03.03-congresso-do-andes-2-768x576.jpeg 768w, https:\/\/www.adufpb.org.br\/site\/wp-content\/uploads\/2026\/03\/2026.03.03-congresso-do-andes-2-1536x1152.jpeg 1536w, https:\/\/www.adufpb.org.br\/site\/wp-content\/uploads\/2026\/03\/2026.03.03-congresso-do-andes-2-2048x1536.jpeg 2048w, https:\/\/www.adufpb.org.br\/site\/wp-content\/uploads\/2026\/03\/2026.03.03-congresso-do-andes-2-250x188.jpeg 250w\" sizes=\"auto, (max-width: 300px) 100vw, 300px\" \/><\/a>\n\t\t\t\t<\/dt><\/dl><br style=\"clear: both\" \/><dl class='gallery-item'>\n\t\t\t\t<dt class='gallery-icon landscape'>\n\t\t\t\t\t<a class=\"rollover\" href='https:\/\/www.adufpb.org.br\/site\/comeca-o-44o-congresso-do-andes-sn-adufpb-participa-com-delegacao-formada-por-10-docentes\/2026-03-03-congresso-do-andes-6\/'><img loading=\"lazy\" decoding=\"async\" width=\"300\" height=\"169\" src=\"https:\/\/www.adufpb.org.br\/site\/wp-content\/uploads\/2026\/03\/2026.03.03-congresso-do-andes-6-300x169.jpeg\" class=\"attachment-medium size-medium\" alt=\"\" srcset=\"https:\/\/www.adufpb.org.br\/site\/wp-content\/uploads\/2026\/03\/2026.03.03-congresso-do-andes-6-300x169.jpeg 300w, https:\/\/www.adufpb.org.br\/site\/wp-content\/uploads\/2026\/03\/2026.03.03-congresso-do-andes-6-1024x576.jpeg 1024w, https:\/\/www.adufpb.org.br\/site\/wp-content\/uploads\/2026\/03\/2026.03.03-congresso-do-andes-6-768x432.jpeg 768w, https:\/\/www.adufpb.org.br\/site\/wp-content\/uploads\/2026\/03\/2026.03.03-congresso-do-andes-6-250x141.jpeg 250w, https:\/\/www.adufpb.org.br\/site\/wp-content\/uploads\/2026\/03\/2026.03.03-congresso-do-andes-6.jpeg 1280w\" sizes=\"auto, (max-width: 300px) 100vw, 300px\" \/><\/a>\n\t\t\t\t<\/dt><\/dl><dl class='gallery-item'>\n\t\t\t\t<dt class='gallery-icon landscape'>\n\t\t\t\t\t<a class=\"rollover\" href='https:\/\/www.adufpb.org.br\/site\/comeca-o-44o-congresso-do-andes-sn-adufpb-participa-com-delegacao-formada-por-10-docentes\/2026-03-03-congresso-do-andes-5\/'><img loading=\"lazy\" decoding=\"async\" width=\"300\" height=\"134\" src=\"https:\/\/www.adufpb.org.br\/site\/wp-content\/uploads\/2026\/03\/2026.03.03-congresso-do-andes-5-300x134.jpeg\" class=\"attachment-medium size-medium\" alt=\"\" srcset=\"https:\/\/www.adufpb.org.br\/site\/wp-content\/uploads\/2026\/03\/2026.03.03-congresso-do-andes-5-300x134.jpeg 300w, https:\/\/www.adufpb.org.br\/site\/wp-content\/uploads\/2026\/03\/2026.03.03-congresso-do-andes-5-1024x459.jpeg 1024w, https:\/\/www.adufpb.org.br\/site\/wp-content\/uploads\/2026\/03\/2026.03.03-congresso-do-andes-5-768x344.jpeg 768w, https:\/\/www.adufpb.org.br\/site\/wp-content\/uploads\/2026\/03\/2026.03.03-congresso-do-andes-5-1536x688.jpeg 1536w, https:\/\/www.adufpb.org.br\/site\/wp-content\/uploads\/2026\/03\/2026.03.03-congresso-do-andes-5-250x112.jpeg 250w, https:\/\/www.adufpb.org.br\/site\/wp-content\/uploads\/2026\/03\/2026.03.03-congresso-do-andes-5.jpeg 1600w\" sizes=\"auto, (max-width: 300px) 100vw, 300px\" \/><\/a>\n\t\t\t\t<\/dt><\/dl><br style=\"clear: both\" \/><dl class='gallery-item'>\n\t\t\t\t<dt class='gallery-icon landscape'>\n\t\t\t\t\t<a class=\"rollover\" href='https:\/\/www.adufpb.org.br\/site\/comeca-o-44o-congresso-do-andes-sn-adufpb-participa-com-delegacao-formada-por-10-docentes\/2026-03-03-congresso-do-andes-4\/'><img loading=\"lazy\" decoding=\"async\" width=\"300\" height=\"169\" src=\"https:\/\/www.adufpb.org.br\/site\/wp-content\/uploads\/2026\/03\/2026.03.03-congresso-do-andes-4-300x169.jpeg\" class=\"attachment-medium size-medium\" alt=\"\" srcset=\"https:\/\/www.adufpb.org.br\/site\/wp-content\/uploads\/2026\/03\/2026.03.03-congresso-do-andes-4-300x169.jpeg 300w, https:\/\/www.adufpb.org.br\/site\/wp-content\/uploads\/2026\/03\/2026.03.03-congresso-do-andes-4-1024x577.jpeg 1024w, https:\/\/www.adufpb.org.br\/site\/wp-content\/uploads\/2026\/03\/2026.03.03-congresso-do-andes-4-768x433.jpeg 768w, https:\/\/www.adufpb.org.br\/site\/wp-content\/uploads\/2026\/03\/2026.03.03-congresso-do-andes-4-1536x866.jpeg 1536w, https:\/\/www.adufpb.org.br\/site\/wp-content\/uploads\/2026\/03\/2026.03.03-congresso-do-andes-4-250x141.jpeg 250w, https:\/\/www.adufpb.org.br\/site\/wp-content\/uploads\/2026\/03\/2026.03.03-congresso-do-andes-4.jpeg 1600w\" sizes=\"auto, (max-width: 300px) 100vw, 300px\" \/><\/a>\n\t\t\t\t<\/dt><\/dl><dl class='gallery-item'>\n\t\t\t\t<dt class='gallery-icon landscape'>\n\t\t\t\t\t<a class=\"rollover\" href='https:\/\/www.adufpb.org.br\/site\/comeca-o-44o-congresso-do-andes-sn-adufpb-participa-com-delegacao-formada-por-10-docentes\/2026-03-03-congresso-do-andes-3\/'><img loading=\"lazy\" decoding=\"async\" width=\"300\" height=\"169\" src=\"https:\/\/www.adufpb.org.br\/site\/wp-content\/uploads\/2026\/03\/2026.03.03-congresso-do-andes-3-300x169.jpeg\" class=\"attachment-medium size-medium\" alt=\"\" srcset=\"https:\/\/www.adufpb.org.br\/site\/wp-content\/uploads\/2026\/03\/2026.03.03-congresso-do-andes-3-300x169.jpeg 300w, https:\/\/www.adufpb.org.br\/site\/wp-content\/uploads\/2026\/03\/2026.03.03-congresso-do-andes-3-1024x576.jpeg 1024w, https:\/\/www.adufpb.org.br\/site\/wp-content\/uploads\/2026\/03\/2026.03.03-congresso-do-andes-3-768x432.jpeg 768w, https:\/\/www.adufpb.org.br\/site\/wp-content\/uploads\/2026\/03\/2026.03.03-congresso-do-andes-3-1536x864.jpeg 1536w, https:\/\/www.adufpb.org.br\/site\/wp-content\/uploads\/2026\/03\/2026.03.03-congresso-do-andes-3-250x141.jpeg 250w, https:\/\/www.adufpb.org.br\/site\/wp-content\/uploads\/2026\/03\/2026.03.03-congresso-do-andes-3.jpeg 1599w\" sizes=\"auto, (max-width: 300px) 100vw, 300px\" \/><\/a>\n\t\t\t\t<\/dt><\/dl><br style=\"clear: both\" \/>\n\t\t\t<\/div>\n\n<p><em>Fonte: Ascom ADUFPB<\/em><\/p>\n","protected":false},"excerpt":{"rendered":"<p>Teve in\u00edcio nesta segunda-feira (2), na cidade de Salvador (BA), o 44\u00ba Congresso do Andes &#8211; Sindicato Nacional. O evento re\u00fane, at\u00e9 a pr\u00f3xima sexta-feira (6), mais de 640 docentes de todo o pa\u00eds, representantes de 89 se\u00e7\u00f5es sindicais. A ADUFPB integra o Congresso com uma delega\u00e7\u00e3o formada por 10 docentes, sendo um representante da&hellip;<\/p>\n","protected":false},"author":3,"featured_media":35828,"comment_status":"closed","ping_status":"closed","sticky":false,"template":"","format":"standard","meta":{"footnotes":""},"categories":[1405,15,417],"tags":[269,1744,1853],"class_list":["post-35822","post","type-post","status-publish","format-standard","has-post-thumbnail","hentry","category-chamada-principal","category-noticias","category-noticias-destaque","tag-congresso-do-andes","tag-delegacao","tag-salvador","category-1405","category-15","category-417","description-off"],"_links":{"self":[{"href":"https:\/\/www.adufpb.org.br\/site\/wp-json\/wp\/v2\/posts\/35822","targetHints":{"allow":["GET"]}}],"collection":[{"href":"https:\/\/www.adufpb.org.br\/site\/wp-json\/wp\/v2\/posts"}],"about":[{"href":"https:\/\/www.adufpb.org.br\/site\/wp-json\/wp\/v2\/types\/post"}],"author":[{"embeddable":true,"href":"https:\/\/www.adufpb.org.br\/site\/wp-json\/wp\/v2\/users\/3"}],"replies":[{"embeddable":true,"href":"https:\/\/www.adufpb.org.br\/site\/wp-json\/wp\/v2\/comments?post=35822"}],"version-history":[{"count":1,"href":"https:\/\/www.adufpb.org.br\/site\/wp-json\/wp\/v2\/posts\/35822\/revisions"}],"predecessor-version":[{"id":35829,"href":"https:\/\/www.adufpb.org.br\/site\/wp-json\/wp\/v2\/posts\/35822\/revisions\/35829"}],"wp:featuredmedia":[{"embeddable":true,"href":"https:\/\/www.adufpb.org.br\/site\/wp-json\/wp\/v2\/media\/35828"}],"wp:attachment":[{"href":"https:\/\/www.adufpb.org.br\/site\/wp-json\/wp\/v2\/media?parent=35822"}],"wp:term":[{"taxonomy":"category","embeddable":true,"href":"https:\/\/www.adufpb.org.br\/site\/wp-json\/wp\/v2\/categories?post=35822"},{"taxonomy":"post_tag","embeddable":true,"href":"https:\/\/www.adufpb.org.br\/site\/wp-json\/wp\/v2\/tags?post=35822"}],"curies":[{"name":"wp","href":"https:\/\/api.w.org\/{rel}","templated":true}]}}