{"id":35797,"date":"2026-02-23T10:21:47","date_gmt":"2026-02-23T13:21:47","guid":{"rendered":"https:\/\/www.adufpb.org.br\/site\/?p=35797"},"modified":"2026-02-26T10:29:44","modified_gmt":"2026-02-26T13:29:44","slug":"reuniao-discutira-na-proxima-quarta-feira-25-pautas-relativas-a-questoes-de-genero-raca-e-diversidade","status":"publish","type":"post","link":"https:\/\/www.adufpb.org.br\/site\/reuniao-discutira-na-proxima-quarta-feira-25-pautas-relativas-a-questoes-de-genero-raca-e-diversidade\/","title":{"rendered":"Reuni\u00e3o discutir\u00e1, na pr\u00f3xima quarta-feira (25), pautas relativas a quest\u00f5es de g\u00eanero, ra\u00e7a e diversidade"},"content":{"rendered":"<p><a class=\"dt-pswp-item\" href=\"https:\/\/www.adufpb.org.br\/site\/wp-content\/uploads\/2026\/02\/2026.02.25-reuniao-GTPCEGDS.jpeg\" data-dt-img-description=\"\" data-large_image_width=\"1077\" data-large_image_height=\"1076\"><img loading=\"lazy\" decoding=\"async\" class=\"alignright size-medium wp-image-35798\" src=\"https:\/\/www.adufpb.org.br\/site\/wp-content\/uploads\/2026\/02\/2026.02.25-reuniao-GTPCEGDS-300x300.jpeg\" alt=\"\" width=\"300\" height=\"300\" srcset=\"https:\/\/www.adufpb.org.br\/site\/wp-content\/uploads\/2026\/02\/2026.02.25-reuniao-GTPCEGDS-300x300.jpeg 300w, https:\/\/www.adufpb.org.br\/site\/wp-content\/uploads\/2026\/02\/2026.02.25-reuniao-GTPCEGDS-1024x1024.jpeg 1024w, https:\/\/www.adufpb.org.br\/site\/wp-content\/uploads\/2026\/02\/2026.02.25-reuniao-GTPCEGDS-150x150.jpeg 150w, https:\/\/www.adufpb.org.br\/site\/wp-content\/uploads\/2026\/02\/2026.02.25-reuniao-GTPCEGDS-768x767.jpeg 768w, https:\/\/www.adufpb.org.br\/site\/wp-content\/uploads\/2026\/02\/2026.02.25-reuniao-GTPCEGDS-250x250.jpeg 250w, https:\/\/www.adufpb.org.br\/site\/wp-content\/uploads\/2026\/02\/2026.02.25-reuniao-GTPCEGDS.jpeg 1077w\" sizes=\"auto, (max-width: 300px) 100vw, 300px\" \/><\/a>A ADUFPB sedia, na pr\u00f3xima quarta-feira (25), uma reuni\u00e3o coletiva entre o Movimento Mulheres em Resist\u00eancia (MER), o Grupo de Trabalho de Pol\u00edticas de Classe para as Quest\u00f5es \u00c9tnico-raciais, de G\u00eanero e Diversidade Sexual (GTPCEGDS) e docentes. O encontro ser\u00e1 realizado \u00e0s 14h30, na Sala de Leitura da sede do sindicato, com o objetivo de articular a\u00e7\u00f5es voltadas \u00e0s pautas de g\u00eanero, ra\u00e7a e diversidade no \u00e2mbito da universidade e do movimento docente.<\/p>\n<p>Entre os pontos da pauta est\u00e1 a organiza\u00e7\u00e3o das atividades alusivas ao Dia Internacional das Mulheres, tanto no \u00e2mbito da ADUFPB quanto em articula\u00e7\u00e3o com agendas nacionais e locais. Tamb\u00e9m ser\u00e1 discutida a participa\u00e7\u00e3o na reuni\u00e3o nacional do GTPCEGDS, prevista para abril de 2026, em Bras\u00edlia, incluindo a defini\u00e7\u00e3o da participa\u00e7\u00e3o da coordena\u00e7\u00e3o e de mais uma representa\u00e7\u00e3o do GT.<\/p>\n<p>Tamb\u00e9m ser\u00e1 apresentado o Plano da UFPB de Preven\u00e7\u00e3o e Enfrentamento ao Ass\u00e9dio e \u00e0 Discrimina\u00e7\u00e3o, lan\u00e7ado no \u00faltimo dia 11 de fevereiro.<\/p>\n<p>A iniciativa busca fortalecer a atua\u00e7\u00e3o coletiva das docentes e ampliar o debate sobre pol\u00edticas institucionais e sindicais voltadas \u00e0 equidade, ao enfrentamento das desigualdades, ao combate \u00e0 todas as formas de viol\u00eancia contra a mulher e \u00e0 promo\u00e7\u00e3o de um ambiente universit\u00e1rio mais inclusivo.<\/p>\n<p>A reuni\u00e3o \u00e9 aberta \u00e0s e aos docentes interessadas\/os em contribuir com a constru\u00e7\u00e3o das atividades do GT e do MER e das estrat\u00e9gias do sindicato para o per\u00edodo.<\/p>\n<p>&nbsp;<\/p>\n<p><strong>AGENDE-SE<\/strong><\/p>\n<p><em><strong>Reuni\u00e3o coletiva MER e GTPCEGDS<\/strong><\/em><\/p>\n<p><strong>Data:<\/strong> quarta-feira, 25\/2<\/p>\n<p><strong>Hor\u00e1rio:<\/strong> 14h30<\/p>\n<p><strong>Local:<\/strong> Sala de Leitura da ADUFPB<\/p>\n<p><em>Fonte: Ascom ADUFPB<\/em><\/p>\n","protected":false},"excerpt":{"rendered":"<p>A ADUFPB sedia, na pr\u00f3xima quarta-feira (25), uma reuni\u00e3o coletiva entre o Movimento Mulheres em Resist\u00eancia (MER), o Grupo de Trabalho de Pol\u00edticas de Classe para as Quest\u00f5es \u00c9tnico-raciais, de G\u00eanero e Diversidade Sexual (GTPCEGDS) e docentes. O encontro ser\u00e1 realizado \u00e0s 14h30, na Sala de Leitura da sede do sindicato, com o objetivo de&hellip;<\/p>\n","protected":false},"author":3,"featured_media":35798,"comment_status":"closed","ping_status":"closed","sticky":false,"template":"","format":"standard","meta":{"footnotes":""},"categories":[1405,15,417],"tags":[740,722,1317],"class_list":["post-35797","post","type-post","status-publish","format-standard","has-post-thumbnail","hentry","category-chamada-principal","category-noticias","category-noticias-destaque","tag-dia-internacional-da-mulher","tag-gtpcegds","tag-mulheres-em-resistencia","category-1405","category-15","category-417","description-off"],"_links":{"self":[{"href":"https:\/\/www.adufpb.org.br\/site\/wp-json\/wp\/v2\/posts\/35797","targetHints":{"allow":["GET"]}}],"collection":[{"href":"https:\/\/www.adufpb.org.br\/site\/wp-json\/wp\/v2\/posts"}],"about":[{"href":"https:\/\/www.adufpb.org.br\/site\/wp-json\/wp\/v2\/types\/post"}],"author":[{"embeddable":true,"href":"https:\/\/www.adufpb.org.br\/site\/wp-json\/wp\/v2\/users\/3"}],"replies":[{"embeddable":true,"href":"https:\/\/www.adufpb.org.br\/site\/wp-json\/wp\/v2\/comments?post=35797"}],"version-history":[{"count":6,"href":"https:\/\/www.adufpb.org.br\/site\/wp-json\/wp\/v2\/posts\/35797\/revisions"}],"predecessor-version":[{"id":35805,"href":"https:\/\/www.adufpb.org.br\/site\/wp-json\/wp\/v2\/posts\/35797\/revisions\/35805"}],"wp:featuredmedia":[{"embeddable":true,"href":"https:\/\/www.adufpb.org.br\/site\/wp-json\/wp\/v2\/media\/35798"}],"wp:attachment":[{"href":"https:\/\/www.adufpb.org.br\/site\/wp-json\/wp\/v2\/media?parent=35797"}],"wp:term":[{"taxonomy":"category","embeddable":true,"href":"https:\/\/www.adufpb.org.br\/site\/wp-json\/wp\/v2\/categories?post=35797"},{"taxonomy":"post_tag","embeddable":true,"href":"https:\/\/www.adufpb.org.br\/site\/wp-json\/wp\/v2\/tags?post=35797"}],"curies":[{"name":"wp","href":"https:\/\/api.w.org\/{rel}","templated":true}]}}