{"id":3579,"date":"2012-07-02T22:26:17","date_gmt":"2012-07-03T02:26:17","guid":{"rendered":"http:\/\/www.adufpb.org.br\/site\/?p=3579"},"modified":"2012-07-04T11:35:02","modified_gmt":"2012-07-04T15:35:02","slug":"calendario-de-greve-assembleia-dos-professores-sera-terca-feira","status":"publish","type":"post","link":"https:\/\/www.adufpb.org.br\/site\/calendario-de-greve-assembleia-dos-professores-sera-terca-feira\/","title":{"rendered":"Assembleia dos professores ser\u00e1 ter\u00e7a-feira"},"content":{"rendered":"<p><a href=\"http:\/\/www.adufpb.org.br\/site\/wp-content\/uploads\/2011\/10\/ADESIVO-MOBILIZA\u00c7\u00c3O-DOCENTE-ATUALIZADO-PARA-GR\u00c1FICA.jpg\"><img loading=\"lazy\" decoding=\"async\" class=\"alignleft size-medium wp-image-2111\" title=\"ADESIVO MOBILIZA\u00c7\u00c3O DOCENTE - ATUALIZADO PARA GR\u00c1FICA\" src=\"http:\/\/www.adufpb.org.br\/site\/wp-content\/uploads\/2011\/10\/ADESIVO-MOBILIZA\u00c7\u00c3O-DOCENTE-ATUALIZADO-PARA-GR\u00c1FICA-300x297.jpg\" alt=\"\" width=\"300\" height=\"297\" srcset=\"https:\/\/www.adufpb.org.br\/site\/wp-content\/uploads\/2011\/10\/ADESIVO-MOBILIZA\u00c7\u00c3O-DOCENTE-ATUALIZADO-PARA-GR\u00c1FICA-300x297.jpg 300w, https:\/\/www.adufpb.org.br\/site\/wp-content\/uploads\/2011\/10\/ADESIVO-MOBILIZA\u00c7\u00c3O-DOCENTE-ATUALIZADO-PARA-GR\u00c1FICA-150x150.jpg 150w, https:\/\/www.adufpb.org.br\/site\/wp-content\/uploads\/2011\/10\/ADESIVO-MOBILIZA\u00c7\u00c3O-DOCENTE-ATUALIZADO-PARA-GR\u00c1FICA.jpg 476w\" sizes=\"auto, (max-width: 300px) 100vw, 300px\" \/><\/a>A quarta assembleia de greve dos professores da UFPB ser\u00e1 realizada nesta ter\u00e7a-feira (2\/7), no audit\u00f3rio da Reitoria. A reuni\u00e3o come\u00e7ar\u00e1 \u00e0s 9h e vai apresentar um balan\u00e7o das \u00faltimas atividades, discutir a conjuntura do movimento e aprovar o calend\u00e1rio com as pr\u00f3ximas a\u00e7\u00f5es.<\/p>\n<p>J\u00e1 na quarta-feira (3\/7), os professores participam do ato p\u00fablico \u201cEduca\u00e7\u00e3o vai \u00e0 Pra\u00e7a\u201d, juntamente com os servidores t\u00e9cnico-administrativos da UFPB e com os docentes e funcion\u00e1rios do IFPB. A atividade acontecer\u00e1 no Ponto de Cem R\u00e9is, das 9h \u00e0s 16h.<\/p>\n<p>Confira o calend\u00e1rio completo abaixo:<\/p>\n<p><em><strong>2 a 6 de julho<\/strong><\/em><\/p>\n<p>&nbsp;<\/p>\n<p><strong>Segunda-feira (02\/07)<\/strong><\/p>\n<p>15h00 \u2013 Reuni\u00e3o do Comando Local de Greve \u2013 sede da ADUFPB<\/p>\n<p>17h00 \u2013 Cineclube exibe no Centro de Viv\u00eancia, o document\u00e1rio \u201cBelo Monte \u2013 An\u00fancio de uma Guerra\u201d, seguido de debate.<\/p>\n<p>&nbsp;<\/p>\n<p><strong>Ter\u00e7a-feira (03\/07)<\/strong><\/p>\n<p>9h00 \u2013 Assembleia Ordin\u00e1ria da GREVE \u2013 audit\u00f3rio da Reitoria<\/p>\n<p>14h30 \u2013 Reuni\u00e3o de trabalho prepara\u00e7\u00e3o Ato P\u00fablico<\/p>\n<p>14h00 \u2013 Assembleia Geral dos estudantes \u2013 Centro de Viv\u00eancia<\/p>\n<p>&nbsp;<\/p>\n<p><strong>Quarta-feira (04\/07)<\/strong><\/p>\n<p>9h00 \u00e0s 13h00 \u2013 Ato P\u00fablico <strong>Educa\u00e7\u00e3o vai \u00e0 Pra\u00e7a<\/strong>\u00a0em parceria com Sintefpb e Sintespb \u2013 Ponto de Cem R\u00e9is<\/p>\n<p>14h00 \u2013 Reuni\u00e3o dos Estudantes da p\u00f3s-gradua\u00e7\u00e3o (sala 505 CCHLA)<\/p>\n<p>15h00 &#8211; Reuni\u00e3o do Comando Local de Greve<\/p>\n<p>&nbsp;<\/p>\n<p><strong>Quinta-feira (05\/07)<\/strong><\/p>\n<p>9h00 \u2013 Reuni\u00e3o de planejamento do ato p\u00fablico dos Servidores P\u00fablicos Federais do dia 18\/07<\/p>\n<p>14h30h \u2013 Reuni\u00e3o de planejamento do ato p\u00fablico do dia 13\/07<\/p>\n<p>&nbsp;<\/p>\n<p><strong>Sexta-feira (06\/07)<\/strong><\/p>\n<p>9h00 \u2013 Palestra \u201cSeguridade Social e Transfer\u00eancia de Renda no Brasil\u201d &#8211; Audit\u00f3rio da PBTur (Av. Almirante Tamandar\u00e9, 100, Tamba\u00fa)<\/p>\n<p>15h00 &#8211; Audi\u00eancia P\u00fablica em Defesa da Educa\u00e7\u00e3o com os 12 deputados federais e os tr\u00eas senadores paraibanos &#8211; Faculdade de Direito, na pra\u00e7a Jo\u00e3o Pessoa<\/p>\n<p>17h00 \u2013 Ato Contra Viol\u00eancia \u2013 LUTO e LUTA (Pra\u00e7a da Paz \u2013 Banc\u00e1rios)<\/p>\n<p>&nbsp;<\/p>\n<p><strong>S\u00e1bado (07\/07)<\/strong><\/p>\n<p>7h00 \u2013 Caminhada da Greve da greve (Busto de Tamandar\u00e9)<\/p>\n<p>&nbsp;<\/p>\n<p><em>Fonte: Ascom ADUFPB<\/em><\/p>\n","protected":false},"excerpt":{"rendered":"<p>A quarta assembleia de greve dos professores da UFPB ser\u00e1 realizada nesta ter\u00e7a-feira (2\/7), no audit\u00f3rio da Reitoria. A reuni\u00e3o come\u00e7ar\u00e1 \u00e0s 9h e vai apresentar um balan\u00e7o das \u00faltimas atividades, discutir a conjuntura do movimento e aprovar o calend\u00e1rio com as pr\u00f3ximas a\u00e7\u00f5es. J\u00e1 na quarta-feira (3\/7), os professores participam do ato p\u00fablico \u201cEduca\u00e7\u00e3o&hellip;<\/p>\n","protected":false},"author":3,"featured_media":0,"comment_status":"open","ping_status":"open","sticky":false,"template":"","format":"standard","meta":{"footnotes":""},"categories":[15],"tags":[132],"class_list":["post-3579","post","type-post","status-publish","format-standard","hentry","category-noticias","tag-greve","category-15","description-off"],"_links":{"self":[{"href":"https:\/\/www.adufpb.org.br\/site\/wp-json\/wp\/v2\/posts\/3579","targetHints":{"allow":["GET"]}}],"collection":[{"href":"https:\/\/www.adufpb.org.br\/site\/wp-json\/wp\/v2\/posts"}],"about":[{"href":"https:\/\/www.adufpb.org.br\/site\/wp-json\/wp\/v2\/types\/post"}],"author":[{"embeddable":true,"href":"https:\/\/www.adufpb.org.br\/site\/wp-json\/wp\/v2\/users\/3"}],"replies":[{"embeddable":true,"href":"https:\/\/www.adufpb.org.br\/site\/wp-json\/wp\/v2\/comments?post=3579"}],"version-history":[{"count":4,"href":"https:\/\/www.adufpb.org.br\/site\/wp-json\/wp\/v2\/posts\/3579\/revisions"}],"predecessor-version":[{"id":3592,"href":"https:\/\/www.adufpb.org.br\/site\/wp-json\/wp\/v2\/posts\/3579\/revisions\/3592"}],"wp:attachment":[{"href":"https:\/\/www.adufpb.org.br\/site\/wp-json\/wp\/v2\/media?parent=3579"}],"wp:term":[{"taxonomy":"category","embeddable":true,"href":"https:\/\/www.adufpb.org.br\/site\/wp-json\/wp\/v2\/categories?post=3579"},{"taxonomy":"post_tag","embeddable":true,"href":"https:\/\/www.adufpb.org.br\/site\/wp-json\/wp\/v2\/tags?post=3579"}],"curies":[{"name":"wp","href":"https:\/\/api.w.org\/{rel}","templated":true}]}}