{"id":35546,"date":"2025-12-04T17:11:38","date_gmt":"2025-12-04T20:11:38","guid":{"rendered":"https:\/\/www.adufpb.org.br\/site\/?p=35546"},"modified":"2025-12-12T11:16:33","modified_gmt":"2025-12-12T14:16:33","slug":"adufpb-realiza-confraternizacao-no-paco-dos-leoes-no-proximo-dia-18-professoresas-precisam-confirmar-presenca","status":"publish","type":"post","link":"https:\/\/www.adufpb.org.br\/site\/adufpb-realiza-confraternizacao-no-paco-dos-leoes-no-proximo-dia-18-professoresas-precisam-confirmar-presenca\/","title":{"rendered":"ADUFPB realiza confraterniza\u00e7\u00e3o no Pa\u00e7o dos Le\u00f5es no pr\u00f3ximo dia 18; professores(as) precisam confirmar presen\u00e7a"},"content":{"rendered":"<p><span style=\"font-weight: 400;\"><a class=\"dt-pswp-item\" href=\"https:\/\/www.adufpb.org.br\/site\/wp-content\/uploads\/2025\/12\/2025.12.18-card-confraternizacao-fim-de-ano.jpeg\" data-dt-img-description=\"\" data-large_image_width=\"1075\" data-large_image_height=\"1078\"><img loading=\"lazy\" decoding=\"async\" class=\"alignright size-medium wp-image-35549\" src=\"https:\/\/www.adufpb.org.br\/site\/wp-content\/uploads\/2025\/12\/2025.12.18-card-confraternizacao-fim-de-ano-300x300.jpeg\" alt=\"\" width=\"300\" height=\"300\" srcset=\"https:\/\/www.adufpb.org.br\/site\/wp-content\/uploads\/2025\/12\/2025.12.18-card-confraternizacao-fim-de-ano-300x300.jpeg 300w, https:\/\/www.adufpb.org.br\/site\/wp-content\/uploads\/2025\/12\/2025.12.18-card-confraternizacao-fim-de-ano-1021x1024.jpeg 1021w, https:\/\/www.adufpb.org.br\/site\/wp-content\/uploads\/2025\/12\/2025.12.18-card-confraternizacao-fim-de-ano-150x150.jpeg 150w, https:\/\/www.adufpb.org.br\/site\/wp-content\/uploads\/2025\/12\/2025.12.18-card-confraternizacao-fim-de-ano-768x770.jpeg 768w, https:\/\/www.adufpb.org.br\/site\/wp-content\/uploads\/2025\/12\/2025.12.18-card-confraternizacao-fim-de-ano-250x251.jpeg 250w, https:\/\/www.adufpb.org.br\/site\/wp-content\/uploads\/2025\/12\/2025.12.18-card-confraternizacao-fim-de-ano.jpeg 1075w\" sizes=\"auto, (max-width: 300px) 100vw, 300px\" \/><\/a>A ADUFPB realiza, no pr\u00f3ximo dia 18, a sua tradicional confraterniza\u00e7\u00e3o de fim de ano, no Pa\u00e7o dos Le\u00f5es. O evento \u00e9 um dos mais prestigiados com calend\u00e1rio sociocultural do sindicato e re\u00fane docentes sindicalizados(as) e suas fam\u00edlias em uma noite de muita m\u00fasica e bate-papo, para celebrar o ano que passou e renovar os la\u00e7os de amizade.<\/span><\/p>\n<p><span style=\"font-weight: 400;\">Como no ano passado, a festa ser\u00e1 animada pela banda Banda Innovary, que brindar\u00e1 os(as) convidados(as) com um repert\u00f3rio diversificado e dan\u00e7ante. A festa vai come\u00e7ar \u00e0s 21h, mas o acesso ao Pa\u00e7o dos Le\u00f5es ocorrer\u00e1 um pouco antes, \u00e0s 20h.<\/span><\/p>\n<p><span style=\"font-weight: 400;\">Para participar, os(as) associados(as) devem confirmar presen\u00e7a na sede da ADUFPB &#8211; localizada no Centro de Viv\u00eancia do campus I da UFPB &#8211; a partir desta quinta-feira (4) at\u00e9 o dia 12 de dezembro (lembrando que o dia 8 ser\u00e1 feriado). O hor\u00e1rio de atendimento \u00e9 das 8h \u00e0s 12h, e das 14h \u00e0s 17h. Cada sindicalizado(a) tem direito a levar um(uma) acompanhante. Crian\u00e7as at\u00e9 7 anos n\u00e3o contam como acompanhante e t\u00eam acesso liberado.<\/span><\/p>\n<p><span style=\"font-weight: 400;\">Assim como ocorreu na festa de S\u00e3o Jo\u00e3o da ADUFPB, neste ano, as mesas ser\u00e3o numeradas. Desta forma, no momento em que for confirmar presen\u00e7a, o(a) sindicalizado(a) escolher\u00e1 em que local prefere ficar, podendo combinar com seus colegas de ocupar a mesma mesa ou mesas pr\u00f3ximas para conversar e interagir com mais facilidade. Haver\u00e1 mesas com seis, oito e 10 cadeiras, e a recomenda\u00e7\u00e3o \u00e9 que os(as) docentes confirmem presen\u00e7a o mais cedo poss\u00edvel para garantir seus lugares.<\/span><\/p>\n<p><strong>FESTA DE CONFRATERNIZA\u00c7\u00c3O DA ADUFPB<\/strong><\/p>\n<p><span style=\"font-weight: 400;\"><strong>Data:<\/strong> 18 de dezembro<\/span><\/p>\n<p><span style=\"font-weight: 400;\"><strong>Hor\u00e1rio:<\/strong> abertura \u00e0s 20h e in\u00edcio da festa \u00e0s 21h<\/span><\/p>\n<p><span style=\"font-weight: 400;\"><strong>Local:<\/strong> Pa\u00e7o dos Le\u00f5es, no Altiplano Cabo Branco<\/span><\/p>\n<p><strong>Informa\u00e7\u00f5es importantes:\u00a0<\/strong><\/p>\n<ul>\n<li style=\"font-weight: 400;\" aria-level=\"1\"><span style=\"font-weight: 400;\">Confirmar participa\u00e7\u00e3o at\u00e9 12 de dezembro na sede da ADUFPB (Centro de Viv\u00eancia), das 8h \u00e0s 12h e das 14h \u00e0s 17h;<\/span><\/li>\n<li style=\"font-weight: 400;\" aria-level=\"1\"><span style=\"font-weight: 400;\">Cada sindicalizado(a) tem direito a levar um(a) acompanhante. Crian\u00e7a at\u00e9 7 anos n\u00e3o conta como acompanhante;<\/span><\/li>\n<li style=\"font-weight: 400;\" aria-level=\"1\"><span style=\"font-weight: 400;\">As mesas ser\u00e3o numeradas. Haver\u00e1 mesas com seis, oito e 10 cadeiras. Para facilitar a intera\u00e7\u00e3o, pode-se combinar com grupos de colegas de pegar a mesma mesa ou mesas pr\u00f3ximas.<\/span><\/li>\n<\/ul>\n<p><em>Fonte: Ascom ADUFPB<\/em><\/p>\n","protected":false},"excerpt":{"rendered":"<p>A ADUFPB realiza, no pr\u00f3ximo dia 18, a sua tradicional confraterniza\u00e7\u00e3o de fim de ano, no Pa\u00e7o dos Le\u00f5es. O evento \u00e9 um dos mais prestigiados com calend\u00e1rio sociocultural do sindicato e re\u00fane docentes sindicalizados(as) e suas fam\u00edlias em uma noite de muita m\u00fasica e bate-papo, para celebrar o ano que passou e renovar os&hellip;<\/p>\n","protected":false},"author":3,"featured_media":35549,"comment_status":"closed","ping_status":"closed","sticky":false,"template":"","format":"standard","meta":{"footnotes":""},"categories":[1405,15,417],"tags":[],"class_list":["post-35546","post","type-post","status-publish","format-standard","has-post-thumbnail","hentry","category-chamada-principal","category-noticias","category-noticias-destaque","category-1405","category-15","category-417","description-off"],"_links":{"self":[{"href":"https:\/\/www.adufpb.org.br\/site\/wp-json\/wp\/v2\/posts\/35546","targetHints":{"allow":["GET"]}}],"collection":[{"href":"https:\/\/www.adufpb.org.br\/site\/wp-json\/wp\/v2\/posts"}],"about":[{"href":"https:\/\/www.adufpb.org.br\/site\/wp-json\/wp\/v2\/types\/post"}],"author":[{"embeddable":true,"href":"https:\/\/www.adufpb.org.br\/site\/wp-json\/wp\/v2\/users\/3"}],"replies":[{"embeddable":true,"href":"https:\/\/www.adufpb.org.br\/site\/wp-json\/wp\/v2\/comments?post=35546"}],"version-history":[{"count":3,"href":"https:\/\/www.adufpb.org.br\/site\/wp-json\/wp\/v2\/posts\/35546\/revisions"}],"predecessor-version":[{"id":35551,"href":"https:\/\/www.adufpb.org.br\/site\/wp-json\/wp\/v2\/posts\/35546\/revisions\/35551"}],"wp:featuredmedia":[{"embeddable":true,"href":"https:\/\/www.adufpb.org.br\/site\/wp-json\/wp\/v2\/media\/35549"}],"wp:attachment":[{"href":"https:\/\/www.adufpb.org.br\/site\/wp-json\/wp\/v2\/media?parent=35546"}],"wp:term":[{"taxonomy":"category","embeddable":true,"href":"https:\/\/www.adufpb.org.br\/site\/wp-json\/wp\/v2\/categories?post=35546"},{"taxonomy":"post_tag","embeddable":true,"href":"https:\/\/www.adufpb.org.br\/site\/wp-json\/wp\/v2\/tags?post=35546"}],"curies":[{"name":"wp","href":"https:\/\/api.w.org\/{rel}","templated":true}]}}