{"id":35468,"date":"2025-11-25T10:50:50","date_gmt":"2025-11-25T13:50:50","guid":{"rendered":"https:\/\/www.adufpb.org.br\/site\/?p=35468"},"modified":"2025-11-28T16:40:03","modified_gmt":"2025-11-28T19:40:03","slug":"brasilia-recebe-nesta-terca-feira-25-a-marcha-nacional-das-mulheres-negras-por-reparacao-e-bem-viver","status":"publish","type":"post","link":"https:\/\/www.adufpb.org.br\/site\/brasilia-recebe-nesta-terca-feira-25-a-marcha-nacional-das-mulheres-negras-por-reparacao-e-bem-viver\/","title":{"rendered":"Bras\u00edlia recebe nesta ter\u00e7a-feira (25) a Marcha Nacional das Mulheres Negras por Repara\u00e7\u00e3o e Bem-viver"},"content":{"rendered":"<p>Mulheres de todo o pa\u00eds participam nesta ter\u00e7a-feira (25), em Bras\u00edlia, da 2\u00aa Marcha Nacional das Mulheres Negras por Repara\u00e7\u00e3o e Bem-viver. A ADUFPB apoia o movimento e est\u00e1 representada no ato pela diretora de Divulga\u00e7\u00e3o e Comunica\u00e7\u00e3o, Elis\u00e2ngela In\u00e1cio, que tamb\u00e9m \u00e9 coordenadora do Grupo de Trabalho Pol\u00edticas de Classe para as Quest\u00f5es \u00c9tnico-raciais, de G\u00eanero e Diversidade Sexual (GTPCEGDS).<\/p>\n<p>No m\u00eas de julho, a ADUFPB, juntamente com a reitoria, realizou um encontro no qual foi institu\u00eddo o Comit\u00ea da UFPB para constru\u00e7\u00e3o da Marcha, em articula\u00e7\u00e3o com outras entidades, como o Movimentos de Mulheres Negras da Para\u00edba, o F\u00f3rum de Mulheres, a Abayoni [Coletiva de Mulheres Negras na Para\u00edba], o Minist\u00e9rio da Igualdade e as secretarias estadual e municipal.<\/p>\n<p>A UFPB, por meio da Reitoria e da Pr\u00f3-Reitoria de Assist\u00eancia e Promo\u00e7\u00e3o ao Estudante (PRAPE), garantiu o \u00f4nibus para o deslocamento das docentes, discentes e t\u00e9cnicas-administrativas da UFPB (dos quatro campi) que participam da Marcha Nacional, em Bras\u00edlia.<\/p>\n\n\t\t\t<style type='text\/css'>\n\t\t\t\t#gallery-1 {\n\t\t\t\t\tmargin: auto;\n\t\t\t\t}\n\t\t\t\t#gallery-1 .gallery-item {\n\t\t\t\t\tfloat: left;\n\t\t\t\t\tmargin-top: 10px;\n\t\t\t\t\ttext-align: center;\n\t\t\t\t\twidth: 100%;\n\t\t\t\t}\n\t\t\t\t#gallery-1 img {\n\t\t\t\t\tborder: 2px solid #cfcfcf;\n\t\t\t\t}\n\t\t\t\t#gallery-1 .gallery-caption {\n\t\t\t\t\tmargin-left: 0;\n\t\t\t\t}\n\t\t\t\t\/* see gallery_shortcode() in wp-includes\/media.php *\/\n\t\t\t<\/style>\n\t\t<div id='gallery-1' class='dt-gallery-container gallery galleryid-35468 gallery-columns-1 gallery-size-large'><dl class='gallery-item'>\n\t\t\t\t<dt class='gallery-icon landscape'>\n\t\t\t\t\t<a class=\"rollover\" href='https:\/\/www.adufpb.org.br\/site\/brasilia-recebe-nesta-terca-feira-25-a-marcha-nacional-das-mulheres-negras-por-reparacao-e-bem-viver\/2025-11-marcha-das-mulheres-negras-2\/'><img loading=\"lazy\" decoding=\"async\" width=\"1024\" height=\"768\" src=\"https:\/\/www.adufpb.org.br\/site\/wp-content\/uploads\/2025\/11\/2025.11-marcha-das-mulheres-negras-2-1024x768.jpeg\" class=\"attachment-large size-large\" alt=\"\" srcset=\"https:\/\/www.adufpb.org.br\/site\/wp-content\/uploads\/2025\/11\/2025.11-marcha-das-mulheres-negras-2-1024x768.jpeg 1024w, https:\/\/www.adufpb.org.br\/site\/wp-content\/uploads\/2025\/11\/2025.11-marcha-das-mulheres-negras-2-300x225.jpeg 300w, https:\/\/www.adufpb.org.br\/site\/wp-content\/uploads\/2025\/11\/2025.11-marcha-das-mulheres-negras-2-768x576.jpeg 768w, https:\/\/www.adufpb.org.br\/site\/wp-content\/uploads\/2025\/11\/2025.11-marcha-das-mulheres-negras-2-1536x1152.jpeg 1536w, https:\/\/www.adufpb.org.br\/site\/wp-content\/uploads\/2025\/11\/2025.11-marcha-das-mulheres-negras-2-250x188.jpeg 250w, https:\/\/www.adufpb.org.br\/site\/wp-content\/uploads\/2025\/11\/2025.11-marcha-das-mulheres-negras-2.jpeg 1600w\" sizes=\"auto, (max-width: 1024px) 100vw, 1024px\" \/><\/a>\n\t\t\t\t<\/dt><\/dl><br style=\"clear: both\" \/><dl class='gallery-item'>\n\t\t\t\t<dt class='gallery-icon landscape'>\n\t\t\t\t\t<a class=\"rollover\" href='https:\/\/www.adufpb.org.br\/site\/brasilia-recebe-nesta-terca-feira-25-a-marcha-nacional-das-mulheres-negras-por-reparacao-e-bem-viver\/2025-11-marcha-das-mulheres-negras-3\/'><img loading=\"lazy\" decoding=\"async\" width=\"1024\" height=\"540\" src=\"https:\/\/www.adufpb.org.br\/site\/wp-content\/uploads\/2025\/11\/2025.11-marcha-das-mulheres-negras-3-1024x540.jpeg\" class=\"attachment-large size-large\" alt=\"\" srcset=\"https:\/\/www.adufpb.org.br\/site\/wp-content\/uploads\/2025\/11\/2025.11-marcha-das-mulheres-negras-3-1024x540.jpeg 1024w, https:\/\/www.adufpb.org.br\/site\/wp-content\/uploads\/2025\/11\/2025.11-marcha-das-mulheres-negras-3-300x158.jpeg 300w, https:\/\/www.adufpb.org.br\/site\/wp-content\/uploads\/2025\/11\/2025.11-marcha-das-mulheres-negras-3-768x405.jpeg 768w, https:\/\/www.adufpb.org.br\/site\/wp-content\/uploads\/2025\/11\/2025.11-marcha-das-mulheres-negras-3-250x132.jpeg 250w, https:\/\/www.adufpb.org.br\/site\/wp-content\/uploads\/2025\/11\/2025.11-marcha-das-mulheres-negras-3.jpeg 1170w\" sizes=\"auto, (max-width: 1024px) 100vw, 1024px\" \/><\/a>\n\t\t\t\t<\/dt><\/dl><br style=\"clear: both\" \/><dl class='gallery-item'>\n\t\t\t\t<dt class='gallery-icon landscape'>\n\t\t\t\t\t<a class=\"rollover\" href='https:\/\/www.adufpb.org.br\/site\/brasilia-recebe-nesta-terca-feira-25-a-marcha-nacional-das-mulheres-negras-por-reparacao-e-bem-viver\/2025-11-marcha-das-mulheres-negras-4\/'><img loading=\"lazy\" decoding=\"async\" width=\"1024\" height=\"667\" src=\"https:\/\/www.adufpb.org.br\/site\/wp-content\/uploads\/2025\/11\/2025.11-marcha-das-mulheres-negras-4-1024x667.jpeg\" class=\"attachment-large size-large\" alt=\"\" srcset=\"https:\/\/www.adufpb.org.br\/site\/wp-content\/uploads\/2025\/11\/2025.11-marcha-das-mulheres-negras-4-1024x667.jpeg 1024w, https:\/\/www.adufpb.org.br\/site\/wp-content\/uploads\/2025\/11\/2025.11-marcha-das-mulheres-negras-4-300x195.jpeg 300w, https:\/\/www.adufpb.org.br\/site\/wp-content\/uploads\/2025\/11\/2025.11-marcha-das-mulheres-negras-4-768x500.jpeg 768w, https:\/\/www.adufpb.org.br\/site\/wp-content\/uploads\/2025\/11\/2025.11-marcha-das-mulheres-negras-4-250x163.jpeg 250w, https:\/\/www.adufpb.org.br\/site\/wp-content\/uploads\/2025\/11\/2025.11-marcha-das-mulheres-negras-4.jpeg 1170w\" sizes=\"auto, (max-width: 1024px) 100vw, 1024px\" \/><\/a>\n\t\t\t\t<\/dt><\/dl><br style=\"clear: both\" \/><dl class='gallery-item'>\n\t\t\t\t<dt class='gallery-icon landscape'>\n\t\t\t\t\t<a class=\"rollover\" href='https:\/\/www.adufpb.org.br\/site\/brasilia-recebe-nesta-terca-feira-25-a-marcha-nacional-das-mulheres-negras-por-reparacao-e-bem-viver\/2025-11-marcha-das-mulheres-negras-5\/'><img loading=\"lazy\" decoding=\"async\" width=\"1024\" height=\"739\" src=\"https:\/\/www.adufpb.org.br\/site\/wp-content\/uploads\/2025\/11\/2025.11-marcha-das-mulheres-negras-5-1024x739.jpeg\" class=\"attachment-large size-large\" alt=\"\" srcset=\"https:\/\/www.adufpb.org.br\/site\/wp-content\/uploads\/2025\/11\/2025.11-marcha-das-mulheres-negras-5-1024x739.jpeg 1024w, https:\/\/www.adufpb.org.br\/site\/wp-content\/uploads\/2025\/11\/2025.11-marcha-das-mulheres-negras-5-300x216.jpeg 300w, https:\/\/www.adufpb.org.br\/site\/wp-content\/uploads\/2025\/11\/2025.11-marcha-das-mulheres-negras-5-768x554.jpeg 768w, https:\/\/www.adufpb.org.br\/site\/wp-content\/uploads\/2025\/11\/2025.11-marcha-das-mulheres-negras-5-250x180.jpeg 250w, https:\/\/www.adufpb.org.br\/site\/wp-content\/uploads\/2025\/11\/2025.11-marcha-das-mulheres-negras-5.jpeg 1170w\" sizes=\"auto, (max-width: 1024px) 100vw, 1024px\" \/><\/a>\n\t\t\t\t<\/dt><\/dl><br style=\"clear: both\" \/><dl class='gallery-item'>\n\t\t\t\t<dt class='gallery-icon landscape'>\n\t\t\t\t\t<a class=\"rollover\" href='https:\/\/www.adufpb.org.br\/site\/brasilia-recebe-nesta-terca-feira-25-a-marcha-nacional-das-mulheres-negras-por-reparacao-e-bem-viver\/2025-11-marcha-das-mulheres-negras-11\/'><img loading=\"lazy\" decoding=\"async\" width=\"1024\" height=\"768\" src=\"https:\/\/www.adufpb.org.br\/site\/wp-content\/uploads\/2025\/11\/2025.11-marcha-das-mulheres-negras-11-1024x768.jpeg\" class=\"attachment-large size-large\" alt=\"\" srcset=\"https:\/\/www.adufpb.org.br\/site\/wp-content\/uploads\/2025\/11\/2025.11-marcha-das-mulheres-negras-11-1024x768.jpeg 1024w, https:\/\/www.adufpb.org.br\/site\/wp-content\/uploads\/2025\/11\/2025.11-marcha-das-mulheres-negras-11-300x225.jpeg 300w, https:\/\/www.adufpb.org.br\/site\/wp-content\/uploads\/2025\/11\/2025.11-marcha-das-mulheres-negras-11-768x576.jpeg 768w, https:\/\/www.adufpb.org.br\/site\/wp-content\/uploads\/2025\/11\/2025.11-marcha-das-mulheres-negras-11-1536x1152.jpeg 1536w, https:\/\/www.adufpb.org.br\/site\/wp-content\/uploads\/2025\/11\/2025.11-marcha-das-mulheres-negras-11-250x188.jpeg 250w, https:\/\/www.adufpb.org.br\/site\/wp-content\/uploads\/2025\/11\/2025.11-marcha-das-mulheres-negras-11.jpeg 1600w\" sizes=\"auto, (max-width: 1024px) 100vw, 1024px\" \/><\/a>\n\t\t\t\t<\/dt><\/dl><br style=\"clear: both\" \/><dl class='gallery-item'>\n\t\t\t\t<dt class='gallery-icon portrait'>\n\t\t\t\t\t<a class=\"rollover\" href='https:\/\/www.adufpb.org.br\/site\/brasilia-recebe-nesta-terca-feira-25-a-marcha-nacional-das-mulheres-negras-por-reparacao-e-bem-viver\/2025-11-marcha-das-mulheres-negras-10\/'><img loading=\"lazy\" decoding=\"async\" width=\"768\" height=\"1024\" src=\"https:\/\/www.adufpb.org.br\/site\/wp-content\/uploads\/2025\/11\/2025.11-marcha-das-mulheres-negras-10-768x1024.jpeg\" class=\"attachment-large size-large\" alt=\"\" srcset=\"https:\/\/www.adufpb.org.br\/site\/wp-content\/uploads\/2025\/11\/2025.11-marcha-das-mulheres-negras-10-768x1024.jpeg 768w, https:\/\/www.adufpb.org.br\/site\/wp-content\/uploads\/2025\/11\/2025.11-marcha-das-mulheres-negras-10-225x300.jpeg 225w, https:\/\/www.adufpb.org.br\/site\/wp-content\/uploads\/2025\/11\/2025.11-marcha-das-mulheres-negras-10-1152x1536.jpeg 1152w, https:\/\/www.adufpb.org.br\/site\/wp-content\/uploads\/2025\/11\/2025.11-marcha-das-mulheres-negras-10-250x333.jpeg 250w, https:\/\/www.adufpb.org.br\/site\/wp-content\/uploads\/2025\/11\/2025.11-marcha-das-mulheres-negras-10.jpeg 1200w\" sizes=\"auto, (max-width: 768px) 100vw, 768px\" \/><\/a>\n\t\t\t\t<\/dt><\/dl><br style=\"clear: both\" \/><dl class='gallery-item'>\n\t\t\t\t<dt class='gallery-icon portrait'>\n\t\t\t\t\t<a class=\"rollover\" href='https:\/\/www.adufpb.org.br\/site\/brasilia-recebe-nesta-terca-feira-25-a-marcha-nacional-das-mulheres-negras-por-reparacao-e-bem-viver\/2025-11-marcha-das-mulheres-negras-9\/'><img loading=\"lazy\" decoding=\"async\" width=\"768\" height=\"1024\" src=\"https:\/\/www.adufpb.org.br\/site\/wp-content\/uploads\/2025\/11\/2025.11-marcha-das-mulheres-negras-9-768x1024.jpeg\" class=\"attachment-large size-large\" alt=\"\" srcset=\"https:\/\/www.adufpb.org.br\/site\/wp-content\/uploads\/2025\/11\/2025.11-marcha-das-mulheres-negras-9-768x1024.jpeg 768w, https:\/\/www.adufpb.org.br\/site\/wp-content\/uploads\/2025\/11\/2025.11-marcha-das-mulheres-negras-9-225x300.jpeg 225w, https:\/\/www.adufpb.org.br\/site\/wp-content\/uploads\/2025\/11\/2025.11-marcha-das-mulheres-negras-9-1152x1536.jpeg 1152w, https:\/\/www.adufpb.org.br\/site\/wp-content\/uploads\/2025\/11\/2025.11-marcha-das-mulheres-negras-9-250x333.jpeg 250w, https:\/\/www.adufpb.org.br\/site\/wp-content\/uploads\/2025\/11\/2025.11-marcha-das-mulheres-negras-9.jpeg 1200w\" sizes=\"auto, (max-width: 768px) 100vw, 768px\" \/><\/a>\n\t\t\t\t<\/dt><\/dl><br style=\"clear: both\" \/><dl class='gallery-item'>\n\t\t\t\t<dt class='gallery-icon landscape'>\n\t\t\t\t\t<a class=\"rollover\" href='https:\/\/www.adufpb.org.br\/site\/brasilia-recebe-nesta-terca-feira-25-a-marcha-nacional-das-mulheres-negras-por-reparacao-e-bem-viver\/2025-11-marcha-das-mulheres-negras-8\/'><img loading=\"lazy\" decoding=\"async\" width=\"1024\" height=\"768\" src=\"https:\/\/www.adufpb.org.br\/site\/wp-content\/uploads\/2025\/11\/2025.11-marcha-das-mulheres-negras-8-1024x768.jpeg\" class=\"attachment-large size-large\" alt=\"\" srcset=\"https:\/\/www.adufpb.org.br\/site\/wp-content\/uploads\/2025\/11\/2025.11-marcha-das-mulheres-negras-8-1024x768.jpeg 1024w, https:\/\/www.adufpb.org.br\/site\/wp-content\/uploads\/2025\/11\/2025.11-marcha-das-mulheres-negras-8-300x225.jpeg 300w, https:\/\/www.adufpb.org.br\/site\/wp-content\/uploads\/2025\/11\/2025.11-marcha-das-mulheres-negras-8-768x576.jpeg 768w, https:\/\/www.adufpb.org.br\/site\/wp-content\/uploads\/2025\/11\/2025.11-marcha-das-mulheres-negras-8-1536x1152.jpeg 1536w, https:\/\/www.adufpb.org.br\/site\/wp-content\/uploads\/2025\/11\/2025.11-marcha-das-mulheres-negras-8-250x188.jpeg 250w, https:\/\/www.adufpb.org.br\/site\/wp-content\/uploads\/2025\/11\/2025.11-marcha-das-mulheres-negras-8.jpeg 1600w\" sizes=\"auto, (max-width: 1024px) 100vw, 1024px\" \/><\/a>\n\t\t\t\t<\/dt><\/dl><br style=\"clear: both\" \/><dl class='gallery-item'>\n\t\t\t\t<dt class='gallery-icon portrait'>\n\t\t\t\t\t<a class=\"rollover\" href='https:\/\/www.adufpb.org.br\/site\/brasilia-recebe-nesta-terca-feira-25-a-marcha-nacional-das-mulheres-negras-por-reparacao-e-bem-viver\/2025-11-marcha-das-mulheres-negras-7\/'><img loading=\"lazy\" decoding=\"async\" width=\"768\" height=\"1024\" src=\"https:\/\/www.adufpb.org.br\/site\/wp-content\/uploads\/2025\/11\/2025.11-marcha-das-mulheres-negras-7-768x1024.jpeg\" class=\"attachment-large size-large\" alt=\"\" srcset=\"https:\/\/www.adufpb.org.br\/site\/wp-content\/uploads\/2025\/11\/2025.11-marcha-das-mulheres-negras-7-768x1024.jpeg 768w, https:\/\/www.adufpb.org.br\/site\/wp-content\/uploads\/2025\/11\/2025.11-marcha-das-mulheres-negras-7-225x300.jpeg 225w, https:\/\/www.adufpb.org.br\/site\/wp-content\/uploads\/2025\/11\/2025.11-marcha-das-mulheres-negras-7-1152x1536.jpeg 1152w, https:\/\/www.adufpb.org.br\/site\/wp-content\/uploads\/2025\/11\/2025.11-marcha-das-mulheres-negras-7-250x333.jpeg 250w, https:\/\/www.adufpb.org.br\/site\/wp-content\/uploads\/2025\/11\/2025.11-marcha-das-mulheres-negras-7.jpeg 1200w\" sizes=\"auto, (max-width: 768px) 100vw, 768px\" \/><\/a>\n\t\t\t\t<\/dt><\/dl><br style=\"clear: both\" \/><dl class='gallery-item'>\n\t\t\t\t<dt class='gallery-icon portrait'>\n\t\t\t\t\t<a class=\"rollover\" href='https:\/\/www.adufpb.org.br\/site\/brasilia-recebe-nesta-terca-feira-25-a-marcha-nacional-das-mulheres-negras-por-reparacao-e-bem-viver\/2025-11-marcha-das-mulheres-negras-6\/'><img loading=\"lazy\" decoding=\"async\" width=\"768\" height=\"1024\" src=\"https:\/\/www.adufpb.org.br\/site\/wp-content\/uploads\/2025\/11\/2025.11-marcha-das-mulheres-negras-6-768x1024.jpeg\" class=\"attachment-large size-large\" alt=\"\" srcset=\"https:\/\/www.adufpb.org.br\/site\/wp-content\/uploads\/2025\/11\/2025.11-marcha-das-mulheres-negras-6-768x1024.jpeg 768w, https:\/\/www.adufpb.org.br\/site\/wp-content\/uploads\/2025\/11\/2025.11-marcha-das-mulheres-negras-6-225x300.jpeg 225w, https:\/\/www.adufpb.org.br\/site\/wp-content\/uploads\/2025\/11\/2025.11-marcha-das-mulheres-negras-6-1152x1536.jpeg 1152w, https:\/\/www.adufpb.org.br\/site\/wp-content\/uploads\/2025\/11\/2025.11-marcha-das-mulheres-negras-6-250x333.jpeg 250w, https:\/\/www.adufpb.org.br\/site\/wp-content\/uploads\/2025\/11\/2025.11-marcha-das-mulheres-negras-6.jpeg 1200w\" sizes=\"auto, (max-width: 768px) 100vw, 768px\" \/><\/a>\n\t\t\t\t<\/dt><\/dl><br style=\"clear: both\" \/>\n\t\t\t<\/div>\n\n<p><em>Fonte: Ascom ADUFPB<\/em><\/p>\n","protected":false},"excerpt":{"rendered":"<p>Mulheres de todo o pa\u00eds participam nesta ter\u00e7a-feira (25), em Bras\u00edlia, da 2\u00aa Marcha Nacional das Mulheres Negras por Repara\u00e7\u00e3o e Bem-viver. A ADUFPB apoia o movimento e est\u00e1 representada no ato pela diretora de Divulga\u00e7\u00e3o e Comunica\u00e7\u00e3o, Elis\u00e2ngela In\u00e1cio, que tamb\u00e9m \u00e9 coordenadora do Grupo de Trabalho Pol\u00edticas de Classe para as Quest\u00f5es \u00c9tnico-raciais,&hellip;<\/p>\n","protected":false},"author":3,"featured_media":35472,"comment_status":"closed","ping_status":"closed","sticky":false,"template":"","format":"standard","meta":{"footnotes":""},"categories":[1405,15,417],"tags":[599,1814],"class_list":["post-35468","post","type-post","status-publish","format-standard","has-post-thumbnail","hentry","category-chamada-principal","category-noticias","category-noticias-destaque","tag-brasilia","tag-marcha-das-mulheres-negras","category-1405","category-15","category-417","description-off"],"_links":{"self":[{"href":"https:\/\/www.adufpb.org.br\/site\/wp-json\/wp\/v2\/posts\/35468","targetHints":{"allow":["GET"]}}],"collection":[{"href":"https:\/\/www.adufpb.org.br\/site\/wp-json\/wp\/v2\/posts"}],"about":[{"href":"https:\/\/www.adufpb.org.br\/site\/wp-json\/wp\/v2\/types\/post"}],"author":[{"embeddable":true,"href":"https:\/\/www.adufpb.org.br\/site\/wp-json\/wp\/v2\/users\/3"}],"replies":[{"embeddable":true,"href":"https:\/\/www.adufpb.org.br\/site\/wp-json\/wp\/v2\/comments?post=35468"}],"version-history":[{"count":3,"href":"https:\/\/www.adufpb.org.br\/site\/wp-json\/wp\/v2\/posts\/35468\/revisions"}],"predecessor-version":[{"id":35487,"href":"https:\/\/www.adufpb.org.br\/site\/wp-json\/wp\/v2\/posts\/35468\/revisions\/35487"}],"wp:featuredmedia":[{"embeddable":true,"href":"https:\/\/www.adufpb.org.br\/site\/wp-json\/wp\/v2\/media\/35472"}],"wp:attachment":[{"href":"https:\/\/www.adufpb.org.br\/site\/wp-json\/wp\/v2\/media?parent=35468"}],"wp:term":[{"taxonomy":"category","embeddable":true,"href":"https:\/\/www.adufpb.org.br\/site\/wp-json\/wp\/v2\/categories?post=35468"},{"taxonomy":"post_tag","embeddable":true,"href":"https:\/\/www.adufpb.org.br\/site\/wp-json\/wp\/v2\/tags?post=35468"}],"curies":[{"name":"wp","href":"https:\/\/api.w.org\/{rel}","templated":true}]}}