{"id":35429,"date":"2025-11-21T10:29:35","date_gmt":"2025-11-21T13:29:35","guid":{"rendered":"https:\/\/www.adufpb.org.br\/site\/?p=35429"},"modified":"2025-11-25T11:09:09","modified_gmt":"2025-11-25T14:09:09","slug":"programacao-da-adufpb-neste-fim-de-ano-inclui-sede-de-leitura-assembleias-e-confraternizacoes","status":"publish","type":"post","link":"https:\/\/www.adufpb.org.br\/site\/programacao-da-adufpb-neste-fim-de-ano-inclui-sede-de-leitura-assembleias-e-confraternizacoes\/","title":{"rendered":"Programa\u00e7\u00e3o da ADUFPB neste fim de ano inclui Sede de Leitura, assembleias e confraterniza\u00e7\u00f5es"},"content":{"rendered":"<p><span style=\"font-weight: 400;\">A ADUFPB dar\u00e1 in\u00edcio, neste final de novembro, a uma s\u00e9rie de atividades culturais, acad\u00eamicas e pol\u00edticas que marcam o encerramento do ano de 2025. A programa\u00e7\u00e3o envolve todos os campi da UFPB e re\u00fane a\u00e7\u00f5es voltadas \u00e0 valoriza\u00e7\u00e3o da produ\u00e7\u00e3o docente, ao debate sindical e \u00e0 integra\u00e7\u00e3o da categoria.<\/span><\/p>\n<p><span style=\"font-weight: 400;\">A primeira atividade ser\u00e1 o Sede de Leitura, no dia 28 de novembro, na Sede Sociocultural, localizada no bairro do Cabo Branco, a partir das 18h. O projeto promove o lan\u00e7amento coletivo de livros impressos, e-books e revistas acad\u00eamicas de autoria ou organiza\u00e7\u00e3o de docentes sindicalizados(as). Nesta edi\u00e7\u00e3o, 13 publica\u00e7\u00f5es est\u00e3o inscritas, reunindo produ\u00e7\u00f5es de diversas \u00e1reas do conhecimento.<\/span><\/p>\n<p><span style=\"font-weight: 400;\">No dia 25 de novembro, a ADUFPB estar\u00e1 presente na II Marcha Nacional das Mulheres Negras, que ocorrer\u00e1 em Bras\u00edlia (DF). O sindicato vem participando ativamente do Comit\u00ea Paraibano para organiza\u00e7\u00e3o do ato, com o apoio da reitoria e da coordena\u00e7\u00e3o do Grupo de Trabalho Pol\u00edticas de Classe para as Quest\u00f5es \u00c9tnico-Raciais, de G\u00eanero e Diversidade Sexual (GTPCGEDS). A UFPB ficar\u00e1 respons\u00e1vel por um dos quatro \u00f4nibus que v\u00e3o transportar a Delega\u00e7\u00e3o das Mulheres Negras da Para\u00edba em Marcha.<\/span><\/p>\n<p><span style=\"font-weight: 400;\">De 28 a 30 de novembro, representantes da ADUFPB participar\u00e3o, em S\u00e3o Paulo, do Semin\u00e1rio de Organiza\u00e7\u00e3o da Classe Trabalhadora, que integra o calend\u00e1rio nacional de debates sindicais. J\u00e1 no dia 1\u00ba de dezembro, em Bras\u00edlia, a entidade estar\u00e1 presente no Encontro Jur\u00eddico do ANDES-SN, espa\u00e7o de discuss\u00e3o sobre a legisla\u00e7\u00e3o que impacta o trabalho docente.<\/span><\/p>\n<p><b>Assembleias<\/b><\/p>\n<p><span style=\"font-weight: 400;\">A programa\u00e7\u00e3o de dezembro tamb\u00e9m inclui uma nova rodada de Assembleias Gerais. A primeira ser\u00e1 realizada no dia 3 de dezembro, \u00e0s 10h, no Audit\u00f3rio da Reitoria, reunindo docentes de Jo\u00e3o Pessoa e do Litoral Norte. Outras duas assembleias ocorrer\u00e3o nas subsecretarias de Bananeiras (4\/12, \u00e0s 10h) e Areia (9\/12, \u00e0s 10h). As pautas incluem a presta\u00e7\u00e3o de contas das gest\u00f5es 2018\u20132019 e 2019\u20132022, a Reforma Administrativa e a escolha de delegados(as) e observadores(as) para o 44\u00ba Congresso do ANDES-SN.<\/span><\/p>\n<p><b>Confraterniza\u00e7\u00f5es<\/b><\/p>\n<p><span style=\"font-weight: 400;\">Em paralelo aos debates pol\u00edticos, o sindicato tamb\u00e9m promove seus tradicionais momentos de integra\u00e7\u00e3o. As confraterniza\u00e7\u00f5es de Natal ocorrer\u00e3o nas tr\u00eas subsecretarias da ADUFPB: Bananeiras, no dia 4 de dezembro, \u00e0s 19h; Areia, no dia 9 de dezembro, \u00e0s 19h, e Litoral Norte, no dia 13 de dezembro, \u00e0s 10h. O encerramento das atividades de 2025 acontece no dia 18 de dezembro, no Pa\u00e7o dos Le\u00f5es, com a tradicional confraterniza\u00e7\u00e3o geral dos(as) sindicalizados(as). O hor\u00e1rio do evento ainda est\u00e1 sendo definido e deve ser divulgado nos pr\u00f3ximos dias.<\/span><\/p>\n<p><em>Fonte: Ascom ADUFPB<\/em><\/p>\n","protected":false},"excerpt":{"rendered":"<p>A ADUFPB dar\u00e1 in\u00edcio, neste final de novembro, a uma s\u00e9rie de atividades culturais, acad\u00eamicas e pol\u00edticas que marcam o encerramento do ano de 2025. A programa\u00e7\u00e3o envolve todos os campi da UFPB e re\u00fane a\u00e7\u00f5es voltadas \u00e0 valoriza\u00e7\u00e3o da produ\u00e7\u00e3o docente, ao debate sindical e \u00e0 integra\u00e7\u00e3o da categoria. A primeira atividade ser\u00e1 o&hellip;<\/p>\n","protected":false},"author":3,"featured_media":35430,"comment_status":"closed","ping_status":"closed","sticky":false,"template":"","format":"standard","meta":{"footnotes":""},"categories":[1405,15,417],"tags":[816,98,407,1162,35],"class_list":["post-35429","post","type-post","status-publish","format-standard","has-post-thumbnail","hentry","category-chamada-principal","category-noticias","category-noticias-destaque","tag-assembleia","tag-confraternizacao","tag-fim-de-ano","tag-programacao","tag-sede-de-leitura","category-1405","category-15","category-417","description-off"],"_links":{"self":[{"href":"https:\/\/www.adufpb.org.br\/site\/wp-json\/wp\/v2\/posts\/35429","targetHints":{"allow":["GET"]}}],"collection":[{"href":"https:\/\/www.adufpb.org.br\/site\/wp-json\/wp\/v2\/posts"}],"about":[{"href":"https:\/\/www.adufpb.org.br\/site\/wp-json\/wp\/v2\/types\/post"}],"author":[{"embeddable":true,"href":"https:\/\/www.adufpb.org.br\/site\/wp-json\/wp\/v2\/users\/3"}],"replies":[{"embeddable":true,"href":"https:\/\/www.adufpb.org.br\/site\/wp-json\/wp\/v2\/comments?post=35429"}],"version-history":[{"count":1,"href":"https:\/\/www.adufpb.org.br\/site\/wp-json\/wp\/v2\/posts\/35429\/revisions"}],"predecessor-version":[{"id":35431,"href":"https:\/\/www.adufpb.org.br\/site\/wp-json\/wp\/v2\/posts\/35429\/revisions\/35431"}],"wp:featuredmedia":[{"embeddable":true,"href":"https:\/\/www.adufpb.org.br\/site\/wp-json\/wp\/v2\/media\/35430"}],"wp:attachment":[{"href":"https:\/\/www.adufpb.org.br\/site\/wp-json\/wp\/v2\/media?parent=35429"}],"wp:term":[{"taxonomy":"category","embeddable":true,"href":"https:\/\/www.adufpb.org.br\/site\/wp-json\/wp\/v2\/categories?post=35429"},{"taxonomy":"post_tag","embeddable":true,"href":"https:\/\/www.adufpb.org.br\/site\/wp-json\/wp\/v2\/tags?post=35429"}],"curies":[{"name":"wp","href":"https:\/\/api.w.org\/{rel}","templated":true}]}}