{"id":35391,"date":"2025-11-13T10:24:01","date_gmt":"2025-11-13T13:24:01","guid":{"rendered":"https:\/\/www.adufpb.org.br\/site\/?p=35391"},"modified":"2025-11-14T11:33:31","modified_gmt":"2025-11-14T14:33:31","slug":"adufpb-participa-de-sessao-na-camara-de-joao-pessoa-em-comemoracao-ao-mes-da-consciencia-negra","status":"publish","type":"post","link":"https:\/\/www.adufpb.org.br\/site\/adufpb-participa-de-sessao-na-camara-de-joao-pessoa-em-comemoracao-ao-mes-da-consciencia-negra\/","title":{"rendered":"ADUFPB participa de sess\u00e3o na C\u00e2mara de Jo\u00e3o Pessoa em comemora\u00e7\u00e3o ao m\u00eas da Consci\u00eancia Negra"},"content":{"rendered":"<p><a class=\"dt-pswp-item\" href=\"https:\/\/www.adufpb.org.br\/site\/wp-content\/uploads\/2025\/11\/2025.11.12-sessao-camara-consciencia-negra-1-scaled.jpeg\" data-dt-img-description=\"\" data-large_image_width=\"1920\" data-large_image_height=\"2560\"><img loading=\"lazy\" decoding=\"async\" class=\"alignright size-medium wp-image-35394\" src=\"https:\/\/www.adufpb.org.br\/site\/wp-content\/uploads\/2025\/11\/2025.11.12-sessao-camara-consciencia-negra-1-225x300.jpeg\" alt=\"\" width=\"225\" height=\"300\" srcset=\"https:\/\/www.adufpb.org.br\/site\/wp-content\/uploads\/2025\/11\/2025.11.12-sessao-camara-consciencia-negra-1-225x300.jpeg 225w, https:\/\/www.adufpb.org.br\/site\/wp-content\/uploads\/2025\/11\/2025.11.12-sessao-camara-consciencia-negra-1-768x1024.jpeg 768w, https:\/\/www.adufpb.org.br\/site\/wp-content\/uploads\/2025\/11\/2025.11.12-sessao-camara-consciencia-negra-1-1152x1536.jpeg 1152w, https:\/\/www.adufpb.org.br\/site\/wp-content\/uploads\/2025\/11\/2025.11.12-sessao-camara-consciencia-negra-1-1536x2048.jpeg 1536w, https:\/\/www.adufpb.org.br\/site\/wp-content\/uploads\/2025\/11\/2025.11.12-sessao-camara-consciencia-negra-1-250x333.jpeg 250w, https:\/\/www.adufpb.org.br\/site\/wp-content\/uploads\/2025\/11\/2025.11.12-sessao-camara-consciencia-negra-1-scaled.jpeg 1920w\" sizes=\"auto, (max-width: 225px) 100vw, 225px\" \/><\/a>A C\u00e2mara Municipal de Jo\u00e3o Pessoa (CMJP) realizou, na tarde de quarta-feira (12), uma sess\u00e3o especial para comemorar o m\u00eas da Consci\u00eancia Negra, que tem data comemorativa no pr\u00f3ximo dia 20 de novembro. A sess\u00e3o reuniu membros e representantes de entidades e movimentos sociais de Jo\u00e3o Pessoa. Na ocasi\u00e3o, a ADUFPB foi representada pela vice-presidente da entidade, professora Rita Porto, e pelo diretor de Pol\u00edtica Sindical, Joaquim Feitosa.<\/p>\n<p>O vereador Odon Bezerra (PSB), autor da propositura, falou sobre a import\u00e2ncia da realiza\u00e7\u00e3o da sess\u00e3o. \u201cEstamos no m\u00eas da Consci\u00eancia Negra, que remonta a um passado extremamente perturbador para a humanidade, que come\u00e7a em per\u00edodos de guerra, aonde os vencedores aprisionam e escravizam. Depois, vem a quest\u00e3o da escravid\u00e3o pelo processo econ\u00f4mico, e o Brasil foi um dos pa\u00edses que mais importaram escravos da \u00c1frica, segundo relatos da hist\u00f3ria. Imagine s\u00f3, voc\u00ea voltar a essa \u00e9poca, trazer essas pessoas para uma terra estranha, l\u00edngua estranha, faz\u00ea-los trabalhar de sol a sol, sob a \u00e9gide de um chicote, das torturas e do desprezo humano\u201d, lamentou.<\/p>\n<p>Segundo o parlamentar, a humanidade tem uma d\u00edvida muito grande com os negros. \u201cPara que se possa igualar, pelo menos esse preju\u00edzo que foi dado ao longo dos anos, uma forma de se buscar \u00e9 atrav\u00e9s das cotas. A pessoa negra tem um papel fundamental na sociedade. N\u00f3s somos todos humanos\u201d, acrescentou.<\/p>\n<p><a class=\"dt-pswp-item\" href=\"https:\/\/www.adufpb.org.br\/site\/wp-content\/uploads\/2025\/11\/2025.11.12-sessao-camara-consciencia-negra-2-scaled.jpeg\" data-dt-img-description=\"\" data-large_image_width=\"1920\" data-large_image_height=\"2560\"><img loading=\"lazy\" decoding=\"async\" class=\"alignleft size-medium wp-image-35393\" src=\"https:\/\/www.adufpb.org.br\/site\/wp-content\/uploads\/2025\/11\/2025.11.12-sessao-camara-consciencia-negra-2-225x300.jpeg\" alt=\"\" width=\"225\" height=\"300\" srcset=\"https:\/\/www.adufpb.org.br\/site\/wp-content\/uploads\/2025\/11\/2025.11.12-sessao-camara-consciencia-negra-2-225x300.jpeg 225w, https:\/\/www.adufpb.org.br\/site\/wp-content\/uploads\/2025\/11\/2025.11.12-sessao-camara-consciencia-negra-2-768x1024.jpeg 768w, https:\/\/www.adufpb.org.br\/site\/wp-content\/uploads\/2025\/11\/2025.11.12-sessao-camara-consciencia-negra-2-1152x1536.jpeg 1152w, https:\/\/www.adufpb.org.br\/site\/wp-content\/uploads\/2025\/11\/2025.11.12-sessao-camara-consciencia-negra-2-1536x2048.jpeg 1536w, https:\/\/www.adufpb.org.br\/site\/wp-content\/uploads\/2025\/11\/2025.11.12-sessao-camara-consciencia-negra-2-250x333.jpeg 250w, https:\/\/www.adufpb.org.br\/site\/wp-content\/uploads\/2025\/11\/2025.11.12-sessao-camara-consciencia-negra-2-scaled.jpeg 1920w\" sizes=\"auto, (max-width: 225px) 100vw, 225px\" \/><\/a>O vereador Marcos Henriques (PT) destacou que a sess\u00e3o deve ser um momento de reflex\u00e3o, mas, sobretudo, um indicador de lutas vindouras. \u201cEssa Casa tomou uma atitude relevante. Estamos, efetivamente, contribuindo para que a nossa cidade assuma o seu lugar na agenda da igualdade racial. Esta lei que foi aprovada [Estatuto Municipal da Igualdade Racial], representa um instrumento de combate ao racismo, como tamb\u00e9m de reconhecimento e repara\u00e7\u00e3o\u201d, pontuou.<\/p>\n<p>O PLO 68\/2025, de autoria do vereador Marcos Vin\u00edcius (PDT), cria o Estatuto Municipal da Igualdade Racial, que visa \u00e0 efetiva\u00e7\u00e3o da igualdade de oportunidades, a defesa dos direitos individuais, coletivos e difusos, al\u00e9m da supera\u00e7\u00e3o e do combate \u00e0 discrimina\u00e7\u00e3o e \u00e0s desigualdades raciais que atingem a popula\u00e7\u00e3o afro-brasileira, incluindo a dimens\u00e3o racial nas pol\u00edticas p\u00fablicas.<\/p>\n<p>Fabiana Lobo, promotora de justi\u00e7a do Minist\u00e9rio P\u00fablico da Para\u00edba, disse que a promotoria vem acompanhando as pautas referentes \u00e0s cotas, como tamb\u00e9m outras referentes ao racismo, principalmente, ao racismo religioso. \u201cAinda \u00e9 t\u00e3o presente esse tipo de racismo, em pleno s\u00e9culo 21. Rotineiramente, a Promotoria da Cidadania de Jo\u00e3o Pessoa recebe den\u00fancias de racismo religioso, e isso precisa ser combatido, cada vez mais. O racismo precisa ser quebrado, e, para isso, \u00e9 preciso al\u00e9m da repreens\u00e3o, a preven\u00e7\u00e3o\u201d, colocou.<\/p>\n<p>\u201cO m\u00eas da Consci\u00eancia Negra n\u00e3o deveria existir. Um estudo feito, chamado Elevador Social Quebrado, afirma que as pessoas pobres, onde a popula\u00e7\u00e3o negra est\u00e1 inserida, v\u00e3o levar nove gera\u00e7\u00f5es para encontrar uma igualdade. Isso, por si s\u00f3, j\u00e1 mostra o racismo estrutural que n\u00f3s temos no nosso pa\u00eds\u201d, defendeu Jana\u00edna Andrade, procuradora da Rep\u00fablica do Minist\u00e9rio P\u00fablico Federal (MPF).<\/p>\n<p><a class=\"dt-pswp-item\" href=\"https:\/\/www.adufpb.org.br\/site\/wp-content\/uploads\/2025\/11\/2025.11.12-sessao-camara-consciencia-negra-3-scaled.jpeg\" data-dt-img-description=\"\" data-large_image_width=\"2560\" data-large_image_height=\"1920\"><img loading=\"lazy\" decoding=\"async\" class=\"alignright size-medium wp-image-35392\" src=\"https:\/\/www.adufpb.org.br\/site\/wp-content\/uploads\/2025\/11\/2025.11.12-sessao-camara-consciencia-negra-3-300x225.jpeg\" alt=\"\" width=\"300\" height=\"225\" srcset=\"https:\/\/www.adufpb.org.br\/site\/wp-content\/uploads\/2025\/11\/2025.11.12-sessao-camara-consciencia-negra-3-300x225.jpeg 300w, https:\/\/www.adufpb.org.br\/site\/wp-content\/uploads\/2025\/11\/2025.11.12-sessao-camara-consciencia-negra-3-1024x768.jpeg 1024w, https:\/\/www.adufpb.org.br\/site\/wp-content\/uploads\/2025\/11\/2025.11.12-sessao-camara-consciencia-negra-3-768x576.jpeg 768w, https:\/\/www.adufpb.org.br\/site\/wp-content\/uploads\/2025\/11\/2025.11.12-sessao-camara-consciencia-negra-3-1536x1152.jpeg 1536w, https:\/\/www.adufpb.org.br\/site\/wp-content\/uploads\/2025\/11\/2025.11.12-sessao-camara-consciencia-negra-3-2048x1536.jpeg 2048w, https:\/\/www.adufpb.org.br\/site\/wp-content\/uploads\/2025\/11\/2025.11.12-sessao-camara-consciencia-negra-3-250x188.jpeg 250w\" sizes=\"auto, (max-width: 300px) 100vw, 300px\" \/><\/a>Carla Velder, coordenadora da promo\u00e7\u00e3o da igualdade racial da Prefeitura de Jo\u00e3o Pessoa, afirmou que a atual gest\u00e3o tem dado apoio total \u00e0s quest\u00f5es de combate ao racismo e \u00e0 intoler\u00e2ncia religiosa. \u201cTudo o que n\u00f3s temos solicitado, desde o desmembramento da Coordenadoria, tudo o que \u00e9 poss\u00edvel, tem sido realizado, com o apoio total da Gest\u00e3o Municipal\u201d, colocou.<\/p>\n<p>Ivonildes da Silva Fonseca, vice-reitora da UEPB, afirmou estar feliz com a realiza\u00e7\u00e3o da sess\u00e3o. \u201c\u00c9 um momento de encontro com o nosso colo ancestral, que est\u00e1 aqui, em cada um de voc\u00eas. \u00c9 um momento de celebrar, refletir e solicitar que a C\u00e2mara e os outros \u00f3rg\u00e3os, como o Minist\u00e9rio P\u00fablico, se empenhem intensamente na altera\u00e7\u00e3o dessa realidade social da popula\u00e7\u00e3o negra brasileira\u201d, ensejou.<\/p>\n<p>\u201cN\u00e3o \u00e9 f\u00e1cil ser negro nesse pa\u00eds. N\u00e3o \u00e9 f\u00e1cil ser de terreiro nesse pa\u00eds. Mas n\u00f3s precisamos construir o futuro\u201d, concluiu M\u00e3e Renilda Bezerra, presidente do Movimento Negro Organizado na Para\u00edba.<\/p>\n<p>Participaram ainda da sess\u00e3o especial o vereador Marcos Vinicius (PDT); Marli Soares, coordenadora da Marcha Negritude Unificada; Carvalho, membro do Movimento Negro; Nai Gomes, entre outros.<\/p>\n<p><em>Fonte: Assessoria da CMJP<\/em><\/p>\n<p>&nbsp;<\/p>\n","protected":false},"excerpt":{"rendered":"<p>A C\u00e2mara Municipal de Jo\u00e3o Pessoa (CMJP) realizou, na tarde de quarta-feira (12), uma sess\u00e3o especial para comemorar o m\u00eas da Consci\u00eancia Negra, que tem data comemorativa no pr\u00f3ximo dia 20 de novembro. A sess\u00e3o reuniu membros e representantes de entidades e movimentos sociais de Jo\u00e3o Pessoa. Na ocasi\u00e3o, a ADUFPB foi representada pela vice-presidente&hellip;<\/p>\n","protected":false},"author":3,"featured_media":35392,"comment_status":"closed","ping_status":"closed","sticky":false,"template":"","format":"standard","meta":{"footnotes":""},"categories":[1405,15,417],"tags":[1832,1180,267,544],"class_list":["post-35391","post","type-post","status-publish","format-standard","has-post-thumbnail","hentry","category-chamada-principal","category-noticias","category-noticias-destaque","tag-camara-legislativa","tag-consciencia-negra","tag-dia-da-consciencia-negra","tag-joao-pessoa","category-1405","category-15","category-417","description-off"],"_links":{"self":[{"href":"https:\/\/www.adufpb.org.br\/site\/wp-json\/wp\/v2\/posts\/35391","targetHints":{"allow":["GET"]}}],"collection":[{"href":"https:\/\/www.adufpb.org.br\/site\/wp-json\/wp\/v2\/posts"}],"about":[{"href":"https:\/\/www.adufpb.org.br\/site\/wp-json\/wp\/v2\/types\/post"}],"author":[{"embeddable":true,"href":"https:\/\/www.adufpb.org.br\/site\/wp-json\/wp\/v2\/users\/3"}],"replies":[{"embeddable":true,"href":"https:\/\/www.adufpb.org.br\/site\/wp-json\/wp\/v2\/comments?post=35391"}],"version-history":[{"count":2,"href":"https:\/\/www.adufpb.org.br\/site\/wp-json\/wp\/v2\/posts\/35391\/revisions"}],"predecessor-version":[{"id":35396,"href":"https:\/\/www.adufpb.org.br\/site\/wp-json\/wp\/v2\/posts\/35391\/revisions\/35396"}],"wp:featuredmedia":[{"embeddable":true,"href":"https:\/\/www.adufpb.org.br\/site\/wp-json\/wp\/v2\/media\/35392"}],"wp:attachment":[{"href":"https:\/\/www.adufpb.org.br\/site\/wp-json\/wp\/v2\/media?parent=35391"}],"wp:term":[{"taxonomy":"category","embeddable":true,"href":"https:\/\/www.adufpb.org.br\/site\/wp-json\/wp\/v2\/categories?post=35391"},{"taxonomy":"post_tag","embeddable":true,"href":"https:\/\/www.adufpb.org.br\/site\/wp-json\/wp\/v2\/tags?post=35391"}],"curies":[{"name":"wp","href":"https:\/\/api.w.org\/{rel}","templated":true}]}}