{"id":35356,"date":"2025-11-10T16:46:35","date_gmt":"2025-11-10T19:46:35","guid":{"rendered":"https:\/\/www.adufpb.org.br\/site\/?p=35356"},"modified":"2025-11-13T11:19:50","modified_gmt":"2025-11-13T14:19:50","slug":"exposicao-sargacos-de-rosilda-sa-encerra-nesta-sexta-feira-na-galeria-archidy-picado","status":"publish","type":"post","link":"https:\/\/www.adufpb.org.br\/site\/exposicao-sargacos-de-rosilda-sa-encerra-nesta-sexta-feira-na-galeria-archidy-picado\/","title":{"rendered":"Exposi\u00e7\u00e3o \u201cSarga\u00e7os\u201d, de Rosilda S\u00e1, encerra nesta sexta-feira na Galeria Archidy Picado"},"content":{"rendered":"<p><a class=\"dt-pswp-item\" href=\"https:\/\/www.adufpb.org.br\/site\/wp-content\/uploads\/2025\/11\/exposicao-sargacos.jpeg\" data-dt-img-description=\"\" data-large_image_width=\"768\" data-large_image_height=\"512\"><img loading=\"lazy\" decoding=\"async\" class=\"alignright size-medium wp-image-35358\" src=\"https:\/\/www.adufpb.org.br\/site\/wp-content\/uploads\/2025\/11\/exposicao-sargacos-300x200.jpeg\" alt=\"\" width=\"300\" height=\"200\" srcset=\"https:\/\/www.adufpb.org.br\/site\/wp-content\/uploads\/2025\/11\/exposicao-sargacos-300x200.jpeg 300w, https:\/\/www.adufpb.org.br\/site\/wp-content\/uploads\/2025\/11\/exposicao-sargacos-250x167.jpeg 250w, https:\/\/www.adufpb.org.br\/site\/wp-content\/uploads\/2025\/11\/exposicao-sargacos.jpeg 768w\" sizes=\"auto, (max-width: 300px) 100vw, 300px\" \/><\/a>A exposi\u00e7\u00e3o \u201cSarga\u00e7os\u201d, da artista e professora Rosilda S\u00e1, do Departamento de Artes Visuais da Universidade Federal da Para\u00edba (UFPB), entra em sua \u00faltima semana de visita\u00e7\u00e3o e segue aberta at\u00e9 esta sexta-feira (14), na Galeria de Arte Archidy Picado, localizada no Espa\u00e7o Cultural Jos\u00e9 Lins do Rego. A mostra \u00e9 gratuita e pode ser visitada das 8h \u00e0s 21h.<\/p>\n<p>Coordenadora do Laborat\u00f3rio de Cer\u00e2mica (LABCE\/DAV\/CCTA\/UFPB), Rosilda S\u00e1 apresenta mais de 25 obras in\u00e9ditas, entre bordados, esculturas e instala\u00e7\u00f5es, em um mergulho sens\u00edvel por suas mem\u00f3rias afetivas e paisagens da inf\u00e2ncia \u2014 a casa dos av\u00f3s, a praia e o mar. As obras, por\u00e9m, v\u00e3o al\u00e9m da dimens\u00e3o pessoal e abordam quest\u00f5es ambientais e coletivas, como a polui\u00e7\u00e3o dos mares e os impactos do pl\u00e1stico no planeta.<\/p>\n<p><a class=\"dt-pswp-item\" href=\"https:\/\/www.adufpb.org.br\/site\/wp-content\/uploads\/2025\/11\/rosilda-sa.jpeg\" data-dt-img-description=\"\" data-large_image_width=\"404\" data-large_image_height=\"468\"><img loading=\"lazy\" decoding=\"async\" class=\"alignleft size-medium wp-image-35357\" src=\"https:\/\/www.adufpb.org.br\/site\/wp-content\/uploads\/2025\/11\/rosilda-sa-259x300.jpeg\" alt=\"\" width=\"259\" height=\"300\" srcset=\"https:\/\/www.adufpb.org.br\/site\/wp-content\/uploads\/2025\/11\/rosilda-sa-259x300.jpeg 259w, https:\/\/www.adufpb.org.br\/site\/wp-content\/uploads\/2025\/11\/rosilda-sa-250x290.jpeg 250w, https:\/\/www.adufpb.org.br\/site\/wp-content\/uploads\/2025\/11\/rosilda-sa.jpeg 404w\" sizes=\"auto, (max-width: 259px) 100vw, 259px\" \/><\/a>Na curadoria de Amanda Tavares, o texto de apresenta\u00e7\u00e3o relaciona a obra de Rosilda ao poema \u201cMar Absoluto\u201d, de Cec\u00edlia Meireles. A curadora destaca que o \u201cn\u00e3o \u00e9 apenas a invoca\u00e7\u00e3o de uma paisagem, mas um cruzamento simb\u00f3lico: diz tanto sobre a ancestralidade, a puls\u00e3o memorial e uma certa busca m\u00edstica pelo Absoluto quanto sobre o presente e incerteza em rela\u00e7\u00e3o ao futuro\u201d.<\/p>\n<p>Durante o per\u00edodo da mostra, foram realizadas a\u00e7\u00f5es educativas e media\u00e7\u00f5es, com apoio do Projeto Mares sem Pl\u00e1stico (UFPB), coordenado pela Dra. Cl\u00e1udia de O. Cunha; do Projeto Artes Visuais &amp; Inclus\u00e3o (UFPB), coordenado pelo Dr. Robson Xavier, que trabalha com os grupos do Instituto dos Cegos da Para\u00edba, Associa\u00e7\u00e3o Ame Down e Instituto Paraibano de Envelhecimento (IPE\/UFPB); do Laborat\u00f3rio de Cer\u00e2mica\/LABCE\/DAV\/CCTA\/UFPB, coord. Dra.Rosilda S\u00e1.<\/p>\n<p><em><strong>Cr\u00e9dito das fotos: C\u00e1cio Murilo de Vasconcelos<\/strong><\/em><\/p>\n<p><strong>AGENDE-SE<\/strong><br \/>\n<em><strong>Exposi\u00e7\u00e3o Sarga\u00e7os, de Rosilda S\u00e1<\/strong><\/em><br \/>\n<strong>Curadoria:<\/strong> Amanda Tavares<br \/>\n<strong>Visita\u00e7\u00e3o:<\/strong> at\u00e9 14 de novembro de 2025<br \/>\n<strong>Local:<\/strong> Galeria de Arte Archidy Picado \u2013 Espa\u00e7o Cultural Jos\u00e9 Lins do Rego (Funesc)<br \/>\n<strong>Entrada gratuita<\/strong><\/p>\n","protected":false},"excerpt":{"rendered":"<p>A exposi\u00e7\u00e3o \u201cSarga\u00e7os\u201d, da artista e professora Rosilda S\u00e1, do Departamento de Artes Visuais da Universidade Federal da Para\u00edba (UFPB), entra em sua \u00faltima semana de visita\u00e7\u00e3o e segue aberta at\u00e9 esta sexta-feira (14), na Galeria de Arte Archidy Picado, localizada no Espa\u00e7o Cultural Jos\u00e9 Lins do Rego. A mostra \u00e9 gratuita e pode ser&hellip;<\/p>\n","protected":false},"author":3,"featured_media":35357,"comment_status":"closed","ping_status":"closed","sticky":false,"template":"","format":"standard","meta":{"footnotes":""},"categories":[1405,15,417],"tags":[486,1830],"class_list":["post-35356","post","type-post","status-publish","format-standard","has-post-thumbnail","hentry","category-chamada-principal","category-noticias","category-noticias-destaque","tag-exposicao","tag-sargacos","category-1405","category-15","category-417","description-off"],"_links":{"self":[{"href":"https:\/\/www.adufpb.org.br\/site\/wp-json\/wp\/v2\/posts\/35356","targetHints":{"allow":["GET"]}}],"collection":[{"href":"https:\/\/www.adufpb.org.br\/site\/wp-json\/wp\/v2\/posts"}],"about":[{"href":"https:\/\/www.adufpb.org.br\/site\/wp-json\/wp\/v2\/types\/post"}],"author":[{"embeddable":true,"href":"https:\/\/www.adufpb.org.br\/site\/wp-json\/wp\/v2\/users\/3"}],"replies":[{"embeddable":true,"href":"https:\/\/www.adufpb.org.br\/site\/wp-json\/wp\/v2\/comments?post=35356"}],"version-history":[{"count":2,"href":"https:\/\/www.adufpb.org.br\/site\/wp-json\/wp\/v2\/posts\/35356\/revisions"}],"predecessor-version":[{"id":35360,"href":"https:\/\/www.adufpb.org.br\/site\/wp-json\/wp\/v2\/posts\/35356\/revisions\/35360"}],"wp:featuredmedia":[{"embeddable":true,"href":"https:\/\/www.adufpb.org.br\/site\/wp-json\/wp\/v2\/media\/35357"}],"wp:attachment":[{"href":"https:\/\/www.adufpb.org.br\/site\/wp-json\/wp\/v2\/media?parent=35356"}],"wp:term":[{"taxonomy":"category","embeddable":true,"href":"https:\/\/www.adufpb.org.br\/site\/wp-json\/wp\/v2\/categories?post=35356"},{"taxonomy":"post_tag","embeddable":true,"href":"https:\/\/www.adufpb.org.br\/site\/wp-json\/wp\/v2\/tags?post=35356"}],"curies":[{"name":"wp","href":"https:\/\/api.w.org\/{rel}","templated":true}]}}