{"id":35304,"date":"2025-11-06T09:58:50","date_gmt":"2025-11-06T12:58:50","guid":{"rendered":"https:\/\/www.adufpb.org.br\/site\/?p=35304"},"modified":"2025-11-10T11:27:47","modified_gmt":"2025-11-10T14:27:47","slug":"docentes-prestigiam-cafe-da-manha-da-adufpb-para-dar-as-boas-vindas-na-volta-as-aulas","status":"publish","type":"post","link":"https:\/\/www.adufpb.org.br\/site\/docentes-prestigiam-cafe-da-manha-da-adufpb-para-dar-as-boas-vindas-na-volta-as-aulas\/","title":{"rendered":"Docentes prestigiam caf\u00e9 da manh\u00e3 da ADUFPB para dar as boas-vindas na volta \u00e0s aulas"},"content":{"rendered":"<p>Dezenas de professoras e professores passaram pela sede da ADUFPB, no Centro de Viv\u00eancia do campus I, na manh\u00e3 da quarta-feira (5), prestigiando o caf\u00e9 da manh\u00e3 de boas-vindas preparado pelo sindicato para marcar o retorno \u00e0s aulas. Salgados, p\u00e3es, bolos, sucos e um caf\u00e9 quentinho foram servidos aos docentes, que se reuniram para um bom bate-papo no Terra\u00e7o Cultural Silvio Frank Allen.<\/p>\n<p>A vice-presidente da ADUFPB, professora Rita Porto, abriu o evento, felicitando todos(as) os(as) presentes e destacando que o sindicato \u00e9 um espa\u00e7o que est\u00e1 sempre de portas abertas para a categoria, tanto na luta pelos diretos trabalhistas, quanto no acolhimento e na valoriza\u00e7\u00e3o da sociabilidade.<\/p>\n<p>Mais de 39 mil estudantes voltaram \u00e0s aulas nos quatro campi da UFPB na \u00faltima segunda-feira (3). Segundo o calend\u00e1rio da universidade, o per\u00edodo letivo 2025.2 se estende at\u00e9 abril de 2026, com previs\u00e3o de encerramento das atividades no dia 17 e realiza\u00e7\u00e3o de exames finais no per\u00edodo de 8 a 14 de abril de 2026.<\/p>\n<p>Confira abaixo algumas fotos do caf\u00e9 da manh\u00e3:<\/p>\n\n\t\t\t<style type='text\/css'>\n\t\t\t\t#gallery-1 {\n\t\t\t\t\tmargin: auto;\n\t\t\t\t}\n\t\t\t\t#gallery-1 .gallery-item {\n\t\t\t\t\tfloat: left;\n\t\t\t\t\tmargin-top: 10px;\n\t\t\t\t\ttext-align: center;\n\t\t\t\t\twidth: 50%;\n\t\t\t\t}\n\t\t\t\t#gallery-1 img {\n\t\t\t\t\tborder: 2px solid #cfcfcf;\n\t\t\t\t}\n\t\t\t\t#gallery-1 .gallery-caption {\n\t\t\t\t\tmargin-left: 0;\n\t\t\t\t}\n\t\t\t\t\/* see gallery_shortcode() in wp-includes\/media.php *\/\n\t\t\t<\/style>\n\t\t<div id='gallery-1' class='dt-gallery-container gallery galleryid-35304 gallery-columns-2 gallery-size-medium'><dl class='gallery-item'>\n\t\t\t\t<dt class='gallery-icon landscape'>\n\t\t\t\t\t<a class=\"rollover\" href='https:\/\/www.adufpb.org.br\/site\/docentes-prestigiam-cafe-da-manha-da-adufpb-para-dar-as-boas-vindas-na-volta-as-aulas\/2025-11-05-cafe-da-manha-de-boas-vindas-4\/'><img loading=\"lazy\" decoding=\"async\" width=\"300\" height=\"169\" src=\"https:\/\/www.adufpb.org.br\/site\/wp-content\/uploads\/2025\/11\/2025.11.05-cafe-da-manha-de-boas-vindas-4-300x169.jpeg\" class=\"attachment-medium size-medium\" alt=\"\" srcset=\"https:\/\/www.adufpb.org.br\/site\/wp-content\/uploads\/2025\/11\/2025.11.05-cafe-da-manha-de-boas-vindas-4-300x169.jpeg 300w, https:\/\/www.adufpb.org.br\/site\/wp-content\/uploads\/2025\/11\/2025.11.05-cafe-da-manha-de-boas-vindas-4-1024x576.jpeg 1024w, https:\/\/www.adufpb.org.br\/site\/wp-content\/uploads\/2025\/11\/2025.11.05-cafe-da-manha-de-boas-vindas-4-768x432.jpeg 768w, https:\/\/www.adufpb.org.br\/site\/wp-content\/uploads\/2025\/11\/2025.11.05-cafe-da-manha-de-boas-vindas-4-1536x864.jpeg 1536w, https:\/\/www.adufpb.org.br\/site\/wp-content\/uploads\/2025\/11\/2025.11.05-cafe-da-manha-de-boas-vindas-4-250x141.jpeg 250w, https:\/\/www.adufpb.org.br\/site\/wp-content\/uploads\/2025\/11\/2025.11.05-cafe-da-manha-de-boas-vindas-4.jpeg 1600w\" sizes=\"auto, (max-width: 300px) 100vw, 300px\" \/><\/a>\n\t\t\t\t<\/dt><\/dl><dl class='gallery-item'>\n\t\t\t\t<dt class='gallery-icon landscape'>\n\t\t\t\t\t<a class=\"rollover\" href='https:\/\/www.adufpb.org.br\/site\/docentes-prestigiam-cafe-da-manha-da-adufpb-para-dar-as-boas-vindas-na-volta-as-aulas\/2025-11-05-cafe-da-manha-de-boas-vindas-2\/'><img loading=\"lazy\" decoding=\"async\" width=\"300\" height=\"169\" src=\"https:\/\/www.adufpb.org.br\/site\/wp-content\/uploads\/2025\/11\/2025.11.05-cafe-da-manha-de-boas-vindas-2-300x169.jpeg\" class=\"attachment-medium size-medium\" alt=\"\" srcset=\"https:\/\/www.adufpb.org.br\/site\/wp-content\/uploads\/2025\/11\/2025.11.05-cafe-da-manha-de-boas-vindas-2-300x169.jpeg 300w, https:\/\/www.adufpb.org.br\/site\/wp-content\/uploads\/2025\/11\/2025.11.05-cafe-da-manha-de-boas-vindas-2-1024x576.jpeg 1024w, https:\/\/www.adufpb.org.br\/site\/wp-content\/uploads\/2025\/11\/2025.11.05-cafe-da-manha-de-boas-vindas-2-768x432.jpeg 768w, https:\/\/www.adufpb.org.br\/site\/wp-content\/uploads\/2025\/11\/2025.11.05-cafe-da-manha-de-boas-vindas-2-1536x864.jpeg 1536w, https:\/\/www.adufpb.org.br\/site\/wp-content\/uploads\/2025\/11\/2025.11.05-cafe-da-manha-de-boas-vindas-2-250x141.jpeg 250w, https:\/\/www.adufpb.org.br\/site\/wp-content\/uploads\/2025\/11\/2025.11.05-cafe-da-manha-de-boas-vindas-2.jpeg 1600w\" sizes=\"auto, (max-width: 300px) 100vw, 300px\" \/><\/a>\n\t\t\t\t<\/dt><\/dl><br style=\"clear: both\" \/><dl class='gallery-item'>\n\t\t\t\t<dt class='gallery-icon landscape'>\n\t\t\t\t\t<a class=\"rollover\" href='https:\/\/www.adufpb.org.br\/site\/docentes-prestigiam-cafe-da-manha-da-adufpb-para-dar-as-boas-vindas-na-volta-as-aulas\/2025-11-05-cafe-da-manha-de-boas-vindas-6\/'><img loading=\"lazy\" decoding=\"async\" width=\"300\" height=\"169\" src=\"https:\/\/www.adufpb.org.br\/site\/wp-content\/uploads\/2025\/11\/2025.11.05-cafe-da-manha-de-boas-vindas-6-300x169.jpeg\" class=\"attachment-medium size-medium\" alt=\"\" srcset=\"https:\/\/www.adufpb.org.br\/site\/wp-content\/uploads\/2025\/11\/2025.11.05-cafe-da-manha-de-boas-vindas-6-300x169.jpeg 300w, https:\/\/www.adufpb.org.br\/site\/wp-content\/uploads\/2025\/11\/2025.11.05-cafe-da-manha-de-boas-vindas-6-1024x576.jpeg 1024w, https:\/\/www.adufpb.org.br\/site\/wp-content\/uploads\/2025\/11\/2025.11.05-cafe-da-manha-de-boas-vindas-6-768x432.jpeg 768w, https:\/\/www.adufpb.org.br\/site\/wp-content\/uploads\/2025\/11\/2025.11.05-cafe-da-manha-de-boas-vindas-6-1536x864.jpeg 1536w, https:\/\/www.adufpb.org.br\/site\/wp-content\/uploads\/2025\/11\/2025.11.05-cafe-da-manha-de-boas-vindas-6-250x141.jpeg 250w, https:\/\/www.adufpb.org.br\/site\/wp-content\/uploads\/2025\/11\/2025.11.05-cafe-da-manha-de-boas-vindas-6.jpeg 1600w\" sizes=\"auto, (max-width: 300px) 100vw, 300px\" \/><\/a>\n\t\t\t\t<\/dt><\/dl><dl class='gallery-item'>\n\t\t\t\t<dt class='gallery-icon landscape'>\n\t\t\t\t\t<a class=\"rollover\" href='https:\/\/www.adufpb.org.br\/site\/docentes-prestigiam-cafe-da-manha-da-adufpb-para-dar-as-boas-vindas-na-volta-as-aulas\/2025-11-05-cafe-da-manha-de-boas-vindas-1\/'><img loading=\"lazy\" decoding=\"async\" width=\"300\" height=\"169\" src=\"https:\/\/www.adufpb.org.br\/site\/wp-content\/uploads\/2025\/11\/2025.11.05-cafe-da-manha-de-boas-vindas-1-300x169.jpeg\" class=\"attachment-medium size-medium\" alt=\"\" srcset=\"https:\/\/www.adufpb.org.br\/site\/wp-content\/uploads\/2025\/11\/2025.11.05-cafe-da-manha-de-boas-vindas-1-300x169.jpeg 300w, https:\/\/www.adufpb.org.br\/site\/wp-content\/uploads\/2025\/11\/2025.11.05-cafe-da-manha-de-boas-vindas-1-1024x576.jpeg 1024w, https:\/\/www.adufpb.org.br\/site\/wp-content\/uploads\/2025\/11\/2025.11.05-cafe-da-manha-de-boas-vindas-1-768x432.jpeg 768w, https:\/\/www.adufpb.org.br\/site\/wp-content\/uploads\/2025\/11\/2025.11.05-cafe-da-manha-de-boas-vindas-1-1536x864.jpeg 1536w, https:\/\/www.adufpb.org.br\/site\/wp-content\/uploads\/2025\/11\/2025.11.05-cafe-da-manha-de-boas-vindas-1-250x141.jpeg 250w, https:\/\/www.adufpb.org.br\/site\/wp-content\/uploads\/2025\/11\/2025.11.05-cafe-da-manha-de-boas-vindas-1.jpeg 1600w\" sizes=\"auto, (max-width: 300px) 100vw, 300px\" \/><\/a>\n\t\t\t\t<\/dt><\/dl><br style=\"clear: both\" \/><dl class='gallery-item'>\n\t\t\t\t<dt class='gallery-icon landscape'>\n\t\t\t\t\t<a class=\"rollover\" href='https:\/\/www.adufpb.org.br\/site\/docentes-prestigiam-cafe-da-manha-da-adufpb-para-dar-as-boas-vindas-na-volta-as-aulas\/2025-11-05-cafe-da-manha-de-boas-vindas-3\/'><img loading=\"lazy\" decoding=\"async\" width=\"300\" height=\"169\" src=\"https:\/\/www.adufpb.org.br\/site\/wp-content\/uploads\/2025\/11\/2025.11.05-cafe-da-manha-de-boas-vindas-3-300x169.jpeg\" class=\"attachment-medium size-medium\" alt=\"\" srcset=\"https:\/\/www.adufpb.org.br\/site\/wp-content\/uploads\/2025\/11\/2025.11.05-cafe-da-manha-de-boas-vindas-3-300x169.jpeg 300w, https:\/\/www.adufpb.org.br\/site\/wp-content\/uploads\/2025\/11\/2025.11.05-cafe-da-manha-de-boas-vindas-3-1024x576.jpeg 1024w, https:\/\/www.adufpb.org.br\/site\/wp-content\/uploads\/2025\/11\/2025.11.05-cafe-da-manha-de-boas-vindas-3-768x432.jpeg 768w, https:\/\/www.adufpb.org.br\/site\/wp-content\/uploads\/2025\/11\/2025.11.05-cafe-da-manha-de-boas-vindas-3-1536x864.jpeg 1536w, https:\/\/www.adufpb.org.br\/site\/wp-content\/uploads\/2025\/11\/2025.11.05-cafe-da-manha-de-boas-vindas-3-250x141.jpeg 250w, https:\/\/www.adufpb.org.br\/site\/wp-content\/uploads\/2025\/11\/2025.11.05-cafe-da-manha-de-boas-vindas-3.jpeg 1600w\" sizes=\"auto, (max-width: 300px) 100vw, 300px\" \/><\/a>\n\t\t\t\t<\/dt><\/dl><dl class='gallery-item'>\n\t\t\t\t<dt class='gallery-icon landscape'>\n\t\t\t\t\t<a class=\"rollover\" href='https:\/\/www.adufpb.org.br\/site\/docentes-prestigiam-cafe-da-manha-da-adufpb-para-dar-as-boas-vindas-na-volta-as-aulas\/2025-11-05-cafe-da-manha-de-boas-vindas-5\/'><img loading=\"lazy\" decoding=\"async\" width=\"300\" height=\"169\" src=\"https:\/\/www.adufpb.org.br\/site\/wp-content\/uploads\/2025\/11\/2025.11.05-cafe-da-manha-de-boas-vindas-5-300x169.jpeg\" class=\"attachment-medium size-medium\" alt=\"\" srcset=\"https:\/\/www.adufpb.org.br\/site\/wp-content\/uploads\/2025\/11\/2025.11.05-cafe-da-manha-de-boas-vindas-5-300x169.jpeg 300w, https:\/\/www.adufpb.org.br\/site\/wp-content\/uploads\/2025\/11\/2025.11.05-cafe-da-manha-de-boas-vindas-5-1024x576.jpeg 1024w, https:\/\/www.adufpb.org.br\/site\/wp-content\/uploads\/2025\/11\/2025.11.05-cafe-da-manha-de-boas-vindas-5-768x432.jpeg 768w, https:\/\/www.adufpb.org.br\/site\/wp-content\/uploads\/2025\/11\/2025.11.05-cafe-da-manha-de-boas-vindas-5-1536x864.jpeg 1536w, https:\/\/www.adufpb.org.br\/site\/wp-content\/uploads\/2025\/11\/2025.11.05-cafe-da-manha-de-boas-vindas-5-250x141.jpeg 250w, https:\/\/www.adufpb.org.br\/site\/wp-content\/uploads\/2025\/11\/2025.11.05-cafe-da-manha-de-boas-vindas-5.jpeg 1600w\" sizes=\"auto, (max-width: 300px) 100vw, 300px\" \/><\/a>\n\t\t\t\t<\/dt><\/dl><br style=\"clear: both\" \/><dl class='gallery-item'>\n\t\t\t\t<dt class='gallery-icon landscape'>\n\t\t\t\t\t<a class=\"rollover\" href='https:\/\/www.adufpb.org.br\/site\/docentes-prestigiam-cafe-da-manha-da-adufpb-para-dar-as-boas-vindas-na-volta-as-aulas\/2025-11-05-cafe-da-manha-de-boas-vindas-7\/'><img loading=\"lazy\" decoding=\"async\" width=\"300\" height=\"169\" src=\"https:\/\/www.adufpb.org.br\/site\/wp-content\/uploads\/2025\/11\/2025.11.05-cafe-da-manha-de-boas-vindas-7-300x169.jpeg\" class=\"attachment-medium size-medium\" alt=\"\" srcset=\"https:\/\/www.adufpb.org.br\/site\/wp-content\/uploads\/2025\/11\/2025.11.05-cafe-da-manha-de-boas-vindas-7-300x169.jpeg 300w, https:\/\/www.adufpb.org.br\/site\/wp-content\/uploads\/2025\/11\/2025.11.05-cafe-da-manha-de-boas-vindas-7-1024x576.jpeg 1024w, https:\/\/www.adufpb.org.br\/site\/wp-content\/uploads\/2025\/11\/2025.11.05-cafe-da-manha-de-boas-vindas-7-768x432.jpeg 768w, https:\/\/www.adufpb.org.br\/site\/wp-content\/uploads\/2025\/11\/2025.11.05-cafe-da-manha-de-boas-vindas-7-1536x864.jpeg 1536w, https:\/\/www.adufpb.org.br\/site\/wp-content\/uploads\/2025\/11\/2025.11.05-cafe-da-manha-de-boas-vindas-7-250x141.jpeg 250w, https:\/\/www.adufpb.org.br\/site\/wp-content\/uploads\/2025\/11\/2025.11.05-cafe-da-manha-de-boas-vindas-7.jpeg 1600w\" sizes=\"auto, (max-width: 300px) 100vw, 300px\" \/><\/a>\n\t\t\t\t<\/dt><\/dl><dl class='gallery-item'>\n\t\t\t\t<dt class='gallery-icon landscape'>\n\t\t\t\t\t<a class=\"rollover\" href='https:\/\/www.adufpb.org.br\/site\/docentes-prestigiam-cafe-da-manha-da-adufpb-para-dar-as-boas-vindas-na-volta-as-aulas\/2025-11-05-cafe-da-manha-de-boas-vindas-8\/'><img loading=\"lazy\" decoding=\"async\" width=\"300\" height=\"169\" src=\"https:\/\/www.adufpb.org.br\/site\/wp-content\/uploads\/2025\/11\/2025.11.05-cafe-da-manha-de-boas-vindas-8-300x169.jpeg\" class=\"attachment-medium size-medium\" alt=\"\" srcset=\"https:\/\/www.adufpb.org.br\/site\/wp-content\/uploads\/2025\/11\/2025.11.05-cafe-da-manha-de-boas-vindas-8-300x169.jpeg 300w, https:\/\/www.adufpb.org.br\/site\/wp-content\/uploads\/2025\/11\/2025.11.05-cafe-da-manha-de-boas-vindas-8-1024x576.jpeg 1024w, https:\/\/www.adufpb.org.br\/site\/wp-content\/uploads\/2025\/11\/2025.11.05-cafe-da-manha-de-boas-vindas-8-768x432.jpeg 768w, https:\/\/www.adufpb.org.br\/site\/wp-content\/uploads\/2025\/11\/2025.11.05-cafe-da-manha-de-boas-vindas-8-1536x864.jpeg 1536w, https:\/\/www.adufpb.org.br\/site\/wp-content\/uploads\/2025\/11\/2025.11.05-cafe-da-manha-de-boas-vindas-8-250x141.jpeg 250w, https:\/\/www.adufpb.org.br\/site\/wp-content\/uploads\/2025\/11\/2025.11.05-cafe-da-manha-de-boas-vindas-8.jpeg 1600w\" sizes=\"auto, (max-width: 300px) 100vw, 300px\" \/><\/a>\n\t\t\t\t<\/dt><\/dl><br style=\"clear: both\" \/><dl class='gallery-item'>\n\t\t\t\t<dt class='gallery-icon landscape'>\n\t\t\t\t\t<a class=\"rollover\" href='https:\/\/www.adufpb.org.br\/site\/docentes-prestigiam-cafe-da-manha-da-adufpb-para-dar-as-boas-vindas-na-volta-as-aulas\/2025-11-05-cafe-da-manha-de-boas-vindas-11\/'><img loading=\"lazy\" decoding=\"async\" width=\"300\" height=\"169\" src=\"https:\/\/www.adufpb.org.br\/site\/wp-content\/uploads\/2025\/11\/2025.11.05-cafe-da-manha-de-boas-vindas-11-300x169.jpeg\" class=\"attachment-medium size-medium\" alt=\"\" srcset=\"https:\/\/www.adufpb.org.br\/site\/wp-content\/uploads\/2025\/11\/2025.11.05-cafe-da-manha-de-boas-vindas-11-300x169.jpeg 300w, https:\/\/www.adufpb.org.br\/site\/wp-content\/uploads\/2025\/11\/2025.11.05-cafe-da-manha-de-boas-vindas-11-1024x576.jpeg 1024w, https:\/\/www.adufpb.org.br\/site\/wp-content\/uploads\/2025\/11\/2025.11.05-cafe-da-manha-de-boas-vindas-11-768x432.jpeg 768w, https:\/\/www.adufpb.org.br\/site\/wp-content\/uploads\/2025\/11\/2025.11.05-cafe-da-manha-de-boas-vindas-11-1536x864.jpeg 1536w, https:\/\/www.adufpb.org.br\/site\/wp-content\/uploads\/2025\/11\/2025.11.05-cafe-da-manha-de-boas-vindas-11-250x141.jpeg 250w, https:\/\/www.adufpb.org.br\/site\/wp-content\/uploads\/2025\/11\/2025.11.05-cafe-da-manha-de-boas-vindas-11.jpeg 1600w\" sizes=\"auto, (max-width: 300px) 100vw, 300px\" \/><\/a>\n\t\t\t\t<\/dt><\/dl><dl class='gallery-item'>\n\t\t\t\t<dt class='gallery-icon landscape'>\n\t\t\t\t\t<a class=\"rollover\" href='https:\/\/www.adufpb.org.br\/site\/docentes-prestigiam-cafe-da-manha-da-adufpb-para-dar-as-boas-vindas-na-volta-as-aulas\/2025-11-05-cafe-da-manha-de-boas-vindas-12\/'><img loading=\"lazy\" decoding=\"async\" width=\"300\" height=\"169\" src=\"https:\/\/www.adufpb.org.br\/site\/wp-content\/uploads\/2025\/11\/2025.11.05-cafe-da-manha-de-boas-vindas-12-300x169.jpeg\" class=\"attachment-medium size-medium\" alt=\"\" srcset=\"https:\/\/www.adufpb.org.br\/site\/wp-content\/uploads\/2025\/11\/2025.11.05-cafe-da-manha-de-boas-vindas-12-300x169.jpeg 300w, https:\/\/www.adufpb.org.br\/site\/wp-content\/uploads\/2025\/11\/2025.11.05-cafe-da-manha-de-boas-vindas-12-1024x576.jpeg 1024w, https:\/\/www.adufpb.org.br\/site\/wp-content\/uploads\/2025\/11\/2025.11.05-cafe-da-manha-de-boas-vindas-12-768x432.jpeg 768w, https:\/\/www.adufpb.org.br\/site\/wp-content\/uploads\/2025\/11\/2025.11.05-cafe-da-manha-de-boas-vindas-12-1536x864.jpeg 1536w, https:\/\/www.adufpb.org.br\/site\/wp-content\/uploads\/2025\/11\/2025.11.05-cafe-da-manha-de-boas-vindas-12-250x141.jpeg 250w, https:\/\/www.adufpb.org.br\/site\/wp-content\/uploads\/2025\/11\/2025.11.05-cafe-da-manha-de-boas-vindas-12.jpeg 1600w\" sizes=\"auto, (max-width: 300px) 100vw, 300px\" \/><\/a>\n\t\t\t\t<\/dt><\/dl><br style=\"clear: both\" \/><dl class='gallery-item'>\n\t\t\t\t<dt class='gallery-icon portrait'>\n\t\t\t\t\t<a class=\"rollover\" href='https:\/\/www.adufpb.org.br\/site\/docentes-prestigiam-cafe-da-manha-da-adufpb-para-dar-as-boas-vindas-na-volta-as-aulas\/2025-11-05-cafe-da-manha-de-boas-vindas-9\/'><img loading=\"lazy\" decoding=\"async\" width=\"169\" height=\"300\" src=\"https:\/\/www.adufpb.org.br\/site\/wp-content\/uploads\/2025\/11\/2025.11.05-cafe-da-manha-de-boas-vindas-9-169x300.jpeg\" class=\"attachment-medium size-medium\" alt=\"\" srcset=\"https:\/\/www.adufpb.org.br\/site\/wp-content\/uploads\/2025\/11\/2025.11.05-cafe-da-manha-de-boas-vindas-9-169x300.jpeg 169w, https:\/\/www.adufpb.org.br\/site\/wp-content\/uploads\/2025\/11\/2025.11.05-cafe-da-manha-de-boas-vindas-9-576x1024.jpeg 576w, https:\/\/www.adufpb.org.br\/site\/wp-content\/uploads\/2025\/11\/2025.11.05-cafe-da-manha-de-boas-vindas-9-768x1365.jpeg 768w, https:\/\/www.adufpb.org.br\/site\/wp-content\/uploads\/2025\/11\/2025.11.05-cafe-da-manha-de-boas-vindas-9-864x1536.jpeg 864w, https:\/\/www.adufpb.org.br\/site\/wp-content\/uploads\/2025\/11\/2025.11.05-cafe-da-manha-de-boas-vindas-9-250x444.jpeg 250w, https:\/\/www.adufpb.org.br\/site\/wp-content\/uploads\/2025\/11\/2025.11.05-cafe-da-manha-de-boas-vindas-9.jpeg 900w\" sizes=\"auto, (max-width: 169px) 100vw, 169px\" \/><\/a>\n\t\t\t\t<\/dt><\/dl><dl class='gallery-item'>\n\t\t\t\t<dt class='gallery-icon portrait'>\n\t\t\t\t\t<a class=\"rollover\" href='https:\/\/www.adufpb.org.br\/site\/docentes-prestigiam-cafe-da-manha-da-adufpb-para-dar-as-boas-vindas-na-volta-as-aulas\/2025-11-05-cafe-da-manha-de-boas-vindas-10\/'><img loading=\"lazy\" decoding=\"async\" width=\"169\" height=\"300\" src=\"https:\/\/www.adufpb.org.br\/site\/wp-content\/uploads\/2025\/11\/2025.11.05-cafe-da-manha-de-boas-vindas-10-169x300.jpeg\" class=\"attachment-medium size-medium\" alt=\"\" srcset=\"https:\/\/www.adufpb.org.br\/site\/wp-content\/uploads\/2025\/11\/2025.11.05-cafe-da-manha-de-boas-vindas-10-169x300.jpeg 169w, https:\/\/www.adufpb.org.br\/site\/wp-content\/uploads\/2025\/11\/2025.11.05-cafe-da-manha-de-boas-vindas-10-576x1024.jpeg 576w, https:\/\/www.adufpb.org.br\/site\/wp-content\/uploads\/2025\/11\/2025.11.05-cafe-da-manha-de-boas-vindas-10-768x1365.jpeg 768w, https:\/\/www.adufpb.org.br\/site\/wp-content\/uploads\/2025\/11\/2025.11.05-cafe-da-manha-de-boas-vindas-10-864x1536.jpeg 864w, https:\/\/www.adufpb.org.br\/site\/wp-content\/uploads\/2025\/11\/2025.11.05-cafe-da-manha-de-boas-vindas-10-250x444.jpeg 250w, https:\/\/www.adufpb.org.br\/site\/wp-content\/uploads\/2025\/11\/2025.11.05-cafe-da-manha-de-boas-vindas-10.jpeg 900w\" sizes=\"auto, (max-width: 169px) 100vw, 169px\" \/><\/a>\n\t\t\t\t<\/dt><\/dl><br style=\"clear: both\" \/>\n\t\t\t<\/div>\n\n","protected":false},"excerpt":{"rendered":"<p>Dezenas de professoras e professores passaram pela sede da ADUFPB, no Centro de Viv\u00eancia do campus I, na manh\u00e3 da quarta-feira (5), prestigiando o caf\u00e9 da manh\u00e3 de boas-vindas preparado pelo sindicato para marcar o retorno \u00e0s aulas. Salgados, p\u00e3es, bolos, sucos e um caf\u00e9 quentinho foram servidos aos docentes, que se reuniram para um&hellip;<\/p>\n","protected":false},"author":3,"featured_media":35315,"comment_status":"closed","ping_status":"closed","sticky":false,"template":"","format":"standard","meta":{"footnotes":""},"categories":[1405,15,417],"tags":[1606,1165,1365],"class_list":["post-35304","post","type-post","status-publish","format-standard","has-post-thumbnail","hentry","category-chamada-principal","category-noticias","category-noticias-destaque","tag-boas-vindas","tag-cafe-da-manha","tag-semestre-letivo","category-1405","category-15","category-417","description-off"],"_links":{"self":[{"href":"https:\/\/www.adufpb.org.br\/site\/wp-json\/wp\/v2\/posts\/35304","targetHints":{"allow":["GET"]}}],"collection":[{"href":"https:\/\/www.adufpb.org.br\/site\/wp-json\/wp\/v2\/posts"}],"about":[{"href":"https:\/\/www.adufpb.org.br\/site\/wp-json\/wp\/v2\/types\/post"}],"author":[{"embeddable":true,"href":"https:\/\/www.adufpb.org.br\/site\/wp-json\/wp\/v2\/users\/3"}],"replies":[{"embeddable":true,"href":"https:\/\/www.adufpb.org.br\/site\/wp-json\/wp\/v2\/comments?post=35304"}],"version-history":[{"count":5,"href":"https:\/\/www.adufpb.org.br\/site\/wp-json\/wp\/v2\/posts\/35304\/revisions"}],"predecessor-version":[{"id":35321,"href":"https:\/\/www.adufpb.org.br\/site\/wp-json\/wp\/v2\/posts\/35304\/revisions\/35321"}],"wp:featuredmedia":[{"embeddable":true,"href":"https:\/\/www.adufpb.org.br\/site\/wp-json\/wp\/v2\/media\/35315"}],"wp:attachment":[{"href":"https:\/\/www.adufpb.org.br\/site\/wp-json\/wp\/v2\/media?parent=35304"}],"wp:term":[{"taxonomy":"category","embeddable":true,"href":"https:\/\/www.adufpb.org.br\/site\/wp-json\/wp\/v2\/categories?post=35304"},{"taxonomy":"post_tag","embeddable":true,"href":"https:\/\/www.adufpb.org.br\/site\/wp-json\/wp\/v2\/tags?post=35304"}],"curies":[{"name":"wp","href":"https:\/\/api.w.org\/{rel}","templated":true}]}}