{"id":35226,"date":"2025-10-30T08:51:19","date_gmt":"2025-10-30T11:51:19","guid":{"rendered":"https:\/\/www.adufpb.org.br\/site\/?p=35226"},"modified":"2025-11-03T09:15:27","modified_gmt":"2025-11-03T12:15:27","slug":"adufpb-integra-delegacao-do-andes-sn-na-cop30-em-belem","status":"publish","type":"post","link":"https:\/\/www.adufpb.org.br\/site\/adufpb-integra-delegacao-do-andes-sn-na-cop30-em-belem\/","title":{"rendered":"ADUFPB integra delega\u00e7\u00e3o do Andes-SN na COP30, em Bel\u00e9m"},"content":{"rendered":"<p><span style=\"font-weight: 400;\"><a class=\"dt-pswp-item\" href=\"https:\/\/www.adufpb.org.br\/site\/wp-content\/uploads\/2025\/10\/COP30.png\" data-dt-img-description=\"\" data-large_image_width=\"1176\" data-large_image_height=\"1164\"><img loading=\"lazy\" decoding=\"async\" class=\"alignright size-medium wp-image-35237\" src=\"https:\/\/www.adufpb.org.br\/site\/wp-content\/uploads\/2025\/10\/COP30-300x297.png\" alt=\"\" width=\"300\" height=\"297\" srcset=\"https:\/\/www.adufpb.org.br\/site\/wp-content\/uploads\/2025\/10\/COP30-300x297.png 300w, https:\/\/www.adufpb.org.br\/site\/wp-content\/uploads\/2025\/10\/COP30-1024x1014.png 1024w, https:\/\/www.adufpb.org.br\/site\/wp-content\/uploads\/2025\/10\/COP30-150x150.png 150w, https:\/\/www.adufpb.org.br\/site\/wp-content\/uploads\/2025\/10\/COP30-768x760.png 768w, https:\/\/www.adufpb.org.br\/site\/wp-content\/uploads\/2025\/10\/COP30-250x247.png 250w, https:\/\/www.adufpb.org.br\/site\/wp-content\/uploads\/2025\/10\/COP30.png 1176w\" sizes=\"auto, (max-width: 300px) 100vw, 300px\" \/><\/a>A ADUFPB estar\u00e1 presente na 30\u00aa Confer\u00eancia das Na\u00e7\u00f5es Unidas sobre Mudan\u00e7as Clim\u00e1ticas, que come\u00e7a no dia 10 de novembro, na cidade de Bel\u00e9m (PA). O professor Ricardo Lucena, ex-presidente do sindicato e membro do Grupo de Trabalho de Pol\u00edtica Agr\u00e1ria, Urbana e Ambiental (GTPAUA) da entidade, foi escolhido pelo GT para integrar a delega\u00e7\u00e3o do Andes &#8211; Sindicato Nacional dentro da C\u00fapula dos Povos, um setor da COP que agrega entidades da sociedade civil.\u00a0<\/span><\/p>\n<p><span style=\"font-weight: 400;\">Os(as) representantes das se\u00e7\u00f5es sindicais ficar\u00e3o na Tenda da Educa\u00e7\u00e3o e debater\u00e3o assuntos relacionados ao ensino e \u00e0s quest\u00f5es ambientais. Os temas a serem tratados foram definidos durante a reuni\u00e3o do GTPAUA Nacional, realizada pelo Andes-SN nos dias 28 e 29 de setembro. A atividade contou com a colabora\u00e7\u00e3o do GT da ADUFPB, representado pelo coordenador do grupo, o professor Maur\u00edcio Javier de Leon, e pelo professor Ricardo Lucena.<\/span><\/p>\n<p><span style=\"font-weight: 400;\">\u201cNesse contexto, o que ficou acertado \u00e9 que a gente vai fazer um debate sobre a quest\u00e3o do antropoceno e a emerg\u00eancia clim\u00e1tica. Sobre como n\u00f3s vamos inserir essa discuss\u00e3o nos curr\u00edculos de educa\u00e7\u00e3o\u201d, explicou Ricardo Lucena. O antropoceno, mencionado por ele, \u00e9 um termo usado para descrever a era atual, que se iniciou com a Revolu\u00e7\u00e3o Industrial e \u00e9 caracterizada por mudan\u00e7as ambientais significativas, como o aumento de gases de efeito estufa, a polui\u00e7\u00e3o por pl\u00e1sticos e a perda de biodiversidade.<\/span><\/p>\n<p><span style=\"font-weight: 400;\">Segundo Ricardo Lucena, os desafios para a inser\u00e7\u00e3o dos debates sobre mudan\u00e7as clim\u00e1ticas nos curr\u00edculos da educa\u00e7\u00e3o superior tamb\u00e9m foram tema central de um evento realizado recentemente na Reitoria pela Coordena\u00e7\u00e3o de Gest\u00e3o Ambiental da UFPB e que tamb\u00e9m contou com a participa\u00e7\u00e3o do GTPAUA.<\/span><\/p>\n<p><span style=\"font-weight: 400;\">O professor tamb\u00e9m vai levar para a COP30 a quest\u00e3o da preserva\u00e7\u00e3o dos rios urbanos, que foi um assunto defendido pelo Grupo de Trabalho da Para\u00edba nos debates do Andes-SN. \u201cO Andes pediu para a gente fazer uma discuss\u00e3o mostrando os conflitos e as lutas internas de cada estado. No nosso caso, a gente observa principalmente a quest\u00e3o da ocupa\u00e7\u00e3o das praias e dos rios. Esses s\u00e3o dois elementos que est\u00e3o presentes no nosso universo\u201d, afirmou. Ao lado dessa quest\u00e3o, o representante da ADUFPB pretende levantar tamb\u00e9m a discuss\u00e3o sobre o Projeto de Lei n\u00ba 2.159\/2021, conhecido como PL da Devasta\u00e7\u00e3o.<\/span><\/p>\n<p><b>Rio Jaguaribe<\/b><\/p>\n<p><span style=\"font-weight: 400;\">Dentro da tem\u00e1tica da preserva\u00e7\u00e3o dos rios urbanos, o professor Ricardo Lucena informou que o GTPAUA vai realizar, no pr\u00f3ximo dia 4 (ter\u00e7a-feira), uma a\u00e7\u00e3o no Centro de Viv\u00eancia do campus I da UFPB para tratar da quest\u00e3o do Rio Jaguaribe. A iniciativa \u00e9 um dos desdobramentos do encontro promovido pelo Andes em setembro. Com o tema\u00a0 \u201cRio das On\u00e7as, o Jaguaribe pede passagem\u201d, o evento ter\u00e1 convidados que v\u00e3o falar sobre os problemas enfrentados hoje, em Jo\u00e3o Pessoa, para manter vivo o mais extenso curso d\u2019\u00e1gua da capital paraibana.<\/span><\/p>\n<p>&nbsp;<\/p>\n<div id=\"attachment_35227\" style=\"width: 661px\" class=\"wp-caption aligncenter\"><a class=\"dt-pswp-item\" href=\"https:\/\/www.adufpb.org.br\/site\/wp-content\/uploads\/2025\/10\/ricardo-lucena.jpeg\" data-dt-img-description=\"\" data-large_image_width=\"651\" data-large_image_height=\"1156\"><img loading=\"lazy\" decoding=\"async\" aria-describedby=\"caption-attachment-35227\" class=\"wp-image-35227 size-medium\" src=\"https:\/\/www.adufpb.org.br\/site\/wp-content\/uploads\/2025\/10\/ricardo-lucena-169x300.jpeg\" alt=\"\" width=\"169\" height=\"300\" srcset=\"https:\/\/www.adufpb.org.br\/site\/wp-content\/uploads\/2025\/10\/ricardo-lucena-169x300.jpeg 169w, https:\/\/www.adufpb.org.br\/site\/wp-content\/uploads\/2025\/10\/ricardo-lucena-577x1024.jpeg 577w, https:\/\/www.adufpb.org.br\/site\/wp-content\/uploads\/2025\/10\/ricardo-lucena-250x444.jpeg 250w, https:\/\/www.adufpb.org.br\/site\/wp-content\/uploads\/2025\/10\/ricardo-lucena.jpeg 651w\" sizes=\"auto, (max-width: 169px) 100vw, 169px\" \/><\/a><p id=\"caption-attachment-35227\" class=\"wp-caption-text\">Ricardo Lucena<\/p><\/div>\n<p><em>Fonte: Ascom ADUFPB<\/em><\/p>\n","protected":false},"excerpt":{"rendered":"<p>A ADUFPB estar\u00e1 presente na 30\u00aa Confer\u00eancia das Na\u00e7\u00f5es Unidas sobre Mudan\u00e7as Clim\u00e1ticas, que come\u00e7a no dia 10 de novembro, na cidade de Bel\u00e9m (PA). O professor Ricardo Lucena, ex-presidente do sindicato e membro do Grupo de Trabalho de Pol\u00edtica Agr\u00e1ria, Urbana e Ambiental (GTPAUA) da entidade, foi escolhido pelo GT para integrar a delega\u00e7\u00e3o&hellip;<\/p>\n","protected":false},"author":3,"featured_media":35237,"comment_status":"closed","ping_status":"closed","sticky":false,"template":"","format":"standard","meta":{"footnotes":""},"categories":[1405,15,417],"tags":[1822,1153,1823,1824],"class_list":["post-35226","post","type-post","status-publish","format-standard","has-post-thumbnail","hentry","category-chamada-principal","category-noticias","category-noticias-destaque","tag-cop30","tag-gtpaua","tag-mudancas-climaticas","tag-rio-jaguaribe","category-1405","category-15","category-417","description-off"],"_links":{"self":[{"href":"https:\/\/www.adufpb.org.br\/site\/wp-json\/wp\/v2\/posts\/35226","targetHints":{"allow":["GET"]}}],"collection":[{"href":"https:\/\/www.adufpb.org.br\/site\/wp-json\/wp\/v2\/posts"}],"about":[{"href":"https:\/\/www.adufpb.org.br\/site\/wp-json\/wp\/v2\/types\/post"}],"author":[{"embeddable":true,"href":"https:\/\/www.adufpb.org.br\/site\/wp-json\/wp\/v2\/users\/3"}],"replies":[{"embeddable":true,"href":"https:\/\/www.adufpb.org.br\/site\/wp-json\/wp\/v2\/comments?post=35226"}],"version-history":[{"count":9,"href":"https:\/\/www.adufpb.org.br\/site\/wp-json\/wp\/v2\/posts\/35226\/revisions"}],"predecessor-version":[{"id":35239,"href":"https:\/\/www.adufpb.org.br\/site\/wp-json\/wp\/v2\/posts\/35226\/revisions\/35239"}],"wp:featuredmedia":[{"embeddable":true,"href":"https:\/\/www.adufpb.org.br\/site\/wp-json\/wp\/v2\/media\/35237"}],"wp:attachment":[{"href":"https:\/\/www.adufpb.org.br\/site\/wp-json\/wp\/v2\/media?parent=35226"}],"wp:term":[{"taxonomy":"category","embeddable":true,"href":"https:\/\/www.adufpb.org.br\/site\/wp-json\/wp\/v2\/categories?post=35226"},{"taxonomy":"post_tag","embeddable":true,"href":"https:\/\/www.adufpb.org.br\/site\/wp-json\/wp\/v2\/tags?post=35226"}],"curies":[{"name":"wp","href":"https:\/\/api.w.org\/{rel}","templated":true}]}}