{"id":3520,"date":"2012-06-27T02:41:13","date_gmt":"2012-06-27T06:41:13","guid":{"rendered":"http:\/\/www.adufpb.org.br\/site\/?p=3520"},"modified":"2012-06-27T02:41:13","modified_gmt":"2012-06-27T06:41:13","slug":"sao-joao-da-adufpb-sera-5a-feira","status":"publish","type":"post","link":"https:\/\/www.adufpb.org.br\/site\/sao-joao-da-adufpb-sera-5a-feira\/","title":{"rendered":"S\u00e3o Jo\u00e3o da ADUFPB ser\u00e1 5\u00aa feira"},"content":{"rendered":"<p><a href=\"http:\/\/www.adufpb.org.br\/site\/wp-content\/uploads\/2012\/06\/CARTAZ-FESTA-JUNINA.jpg\"><img loading=\"lazy\" decoding=\"async\" class=\"alignleft size-medium wp-image-3465\" title=\"CARTAZ FESTA JUNINA\" src=\"http:\/\/www.adufpb.org.br\/site\/wp-content\/uploads\/2012\/06\/CARTAZ-FESTA-JUNINA-213x300.jpg\" alt=\"\" width=\"213\" height=\"300\" srcset=\"https:\/\/www.adufpb.org.br\/site\/wp-content\/uploads\/2012\/06\/CARTAZ-FESTA-JUNINA-213x300.jpg 213w, https:\/\/www.adufpb.org.br\/site\/wp-content\/uploads\/2012\/06\/CARTAZ-FESTA-JUNINA-729x1024.jpg 729w, https:\/\/www.adufpb.org.br\/site\/wp-content\/uploads\/2012\/06\/CARTAZ-FESTA-JUNINA.jpg 1251w\" sizes=\"auto, (max-width: 213px) 100vw, 213px\" \/><\/a>Tudo pronto para a festa de S\u00e3o Jo\u00e3o da ADUFPB, que acontece na pr\u00f3xima quinta-feira (28\/6), \u00e0s 20h, no Jangada Clube.\u00a0Este ano,\u00a0a anima\u00e7\u00e3o ficar\u00e1 por conta de J\u00fanior Limeira e Banda, grupo que levou todo mundo a arrastar o p\u00e9 no Forr\u00f3 da Greve, atividade cultural do Comando Local de Greve dos professores da UFPB realizada no dia 1\u00ba de junho. Al\u00e9m disso, ser\u00e1 servido um buffet com comidas t\u00edpicas.<\/p>\n<p>Os professores filiados podem solicitar suas senhas apenas at\u00e9 esta ter\u00e7a-feira (26\/6) na sede ADUFPB, localizada no Centro de Viv\u00eancia do Campus I. O acesso \u00e0 festa ser\u00e1 feito apenas com a apresenta\u00e7\u00e3o da senha. Acompanhantes obrigatoriamente dever\u00e3o entrar com o s\u00f3cio.<\/p>\n<p>&nbsp;<\/p>\n<p><em>Fonte: Ascom ADUFPB<\/em><\/p>\n","protected":false},"excerpt":{"rendered":"<p>Tudo pronto para a festa de S\u00e3o Jo\u00e3o da ADUFPB, que acontece na pr\u00f3xima quinta-feira (28\/6), \u00e0s 20h, no Jangada Clube.\u00a0Este ano,\u00a0a anima\u00e7\u00e3o ficar\u00e1 por conta de J\u00fanior Limeira e Banda, grupo que levou todo mundo a arrastar o p\u00e9 no Forr\u00f3 da Greve, atividade cultural do Comando Local de Greve dos professores da UFPB&hellip;<\/p>\n","protected":false},"author":3,"featured_media":0,"comment_status":"open","ping_status":"open","sticky":false,"template":"","format":"standard","meta":{"footnotes":""},"categories":[15],"tags":[57,162],"class_list":["post-3520","post","type-post","status-publish","format-standard","hentry","category-noticias","tag-eventos","tag-festas","category-15","description-off"],"_links":{"self":[{"href":"https:\/\/www.adufpb.org.br\/site\/wp-json\/wp\/v2\/posts\/3520","targetHints":{"allow":["GET"]}}],"collection":[{"href":"https:\/\/www.adufpb.org.br\/site\/wp-json\/wp\/v2\/posts"}],"about":[{"href":"https:\/\/www.adufpb.org.br\/site\/wp-json\/wp\/v2\/types\/post"}],"author":[{"embeddable":true,"href":"https:\/\/www.adufpb.org.br\/site\/wp-json\/wp\/v2\/users\/3"}],"replies":[{"embeddable":true,"href":"https:\/\/www.adufpb.org.br\/site\/wp-json\/wp\/v2\/comments?post=3520"}],"version-history":[{"count":1,"href":"https:\/\/www.adufpb.org.br\/site\/wp-json\/wp\/v2\/posts\/3520\/revisions"}],"predecessor-version":[{"id":3521,"href":"https:\/\/www.adufpb.org.br\/site\/wp-json\/wp\/v2\/posts\/3520\/revisions\/3521"}],"wp:attachment":[{"href":"https:\/\/www.adufpb.org.br\/site\/wp-json\/wp\/v2\/media?parent=3520"}],"wp:term":[{"taxonomy":"category","embeddable":true,"href":"https:\/\/www.adufpb.org.br\/site\/wp-json\/wp\/v2\/categories?post=3520"},{"taxonomy":"post_tag","embeddable":true,"href":"https:\/\/www.adufpb.org.br\/site\/wp-json\/wp\/v2\/tags?post=3520"}],"curies":[{"name":"wp","href":"https:\/\/api.w.org\/{rel}","templated":true}]}}