{"id":35114,"date":"2025-10-23T10:35:12","date_gmt":"2025-10-23T13:35:12","guid":{"rendered":"https:\/\/www.adufpb.org.br\/site\/?p=35114"},"modified":"2025-10-28T09:58:38","modified_gmt":"2025-10-28T12:58:38","slug":"dia-doa-servidora-adufpb-estara-fechada-na-proxima-segunda-feira-27","status":"publish","type":"post","link":"https:\/\/www.adufpb.org.br\/site\/dia-doa-servidora-adufpb-estara-fechada-na-proxima-segunda-feira-27\/","title":{"rendered":"Dia do(a) Servidor(a): ADUFPB estar\u00e1 fechada na pr\u00f3xima segunda-feira (27)"},"content":{"rendered":"<p><span style=\"font-size: 14pt;\">A ADUFPB informa que a sede administrativa da entidade, localizada no Centro de Viv\u00eancia do campus I da UFPB, bem como as secretarias adjuntas dos campi de Areia, Bananeiras e Litoral Norte, estar\u00e3o fechadas na pr\u00f3xima segunda-feira (27). <\/span><\/p>\n<p><span style=\"font-size: 14pt;\">A suspens\u00e3o de atividades acompanha a decis\u00e3o da Universidade, que antecipou em um dia o feriado do Dia do(a) Servidor(a) P\u00fablico, comemorado na ter\u00e7a-feira, 28 de outubro.<\/span><\/p>\n<p>&nbsp;<\/p>\n<p style=\"text-align: center;\"><strong><span style=\"font-size: 14pt;\">Diretoria Executiva da ADUFPB<\/span><\/strong><\/p>\n","protected":false},"excerpt":{"rendered":"<p>A ADUFPB informa que a sede administrativa da entidade, localizada no Centro de Viv\u00eancia do campus I da UFPB, bem como as secretarias adjuntas dos campi de Areia, Bananeiras e Litoral Norte, estar\u00e3o fechadas na pr\u00f3xima segunda-feira (27). A suspens\u00e3o de atividades acompanha a decis\u00e3o da Universidade, que antecipou em um dia o feriado do&hellip;<\/p>\n","protected":false},"author":3,"featured_media":30507,"comment_status":"closed","ping_status":"closed","sticky":false,"template":"","format":"standard","meta":{"footnotes":""},"categories":[1405,15,417],"tags":[1406,898],"class_list":["post-35114","post","type-post","status-publish","format-standard","has-post-thumbnail","hentry","category-chamada-principal","category-noticias","category-noticias-destaque","tag-dia-do-servidor","tag-feriado","category-1405","category-15","category-417","description-off"],"_links":{"self":[{"href":"https:\/\/www.adufpb.org.br\/site\/wp-json\/wp\/v2\/posts\/35114","targetHints":{"allow":["GET"]}}],"collection":[{"href":"https:\/\/www.adufpb.org.br\/site\/wp-json\/wp\/v2\/posts"}],"about":[{"href":"https:\/\/www.adufpb.org.br\/site\/wp-json\/wp\/v2\/types\/post"}],"author":[{"embeddable":true,"href":"https:\/\/www.adufpb.org.br\/site\/wp-json\/wp\/v2\/users\/3"}],"replies":[{"embeddable":true,"href":"https:\/\/www.adufpb.org.br\/site\/wp-json\/wp\/v2\/comments?post=35114"}],"version-history":[{"count":4,"href":"https:\/\/www.adufpb.org.br\/site\/wp-json\/wp\/v2\/posts\/35114\/revisions"}],"predecessor-version":[{"id":35118,"href":"https:\/\/www.adufpb.org.br\/site\/wp-json\/wp\/v2\/posts\/35114\/revisions\/35118"}],"wp:featuredmedia":[{"embeddable":true,"href":"https:\/\/www.adufpb.org.br\/site\/wp-json\/wp\/v2\/media\/30507"}],"wp:attachment":[{"href":"https:\/\/www.adufpb.org.br\/site\/wp-json\/wp\/v2\/media?parent=35114"}],"wp:term":[{"taxonomy":"category","embeddable":true,"href":"https:\/\/www.adufpb.org.br\/site\/wp-json\/wp\/v2\/categories?post=35114"},{"taxonomy":"post_tag","embeddable":true,"href":"https:\/\/www.adufpb.org.br\/site\/wp-json\/wp\/v2\/tags?post=35114"}],"curies":[{"name":"wp","href":"https:\/\/api.w.org\/{rel}","templated":true}]}}