{"id":35060,"date":"2025-10-01T21:02:50","date_gmt":"2025-10-02T00:02:50","guid":{"rendered":"https:\/\/www.adufpb.org.br\/site\/?p=35060"},"modified":"2025-10-08T11:22:04","modified_gmt":"2025-10-08T14:22:04","slug":"gt-de-politica-e-formacao-sindical-reune-se-na-proxima-sexta-feira-3-10-na-sala-de-leitura-da-adufpb","status":"publish","type":"post","link":"https:\/\/www.adufpb.org.br\/site\/gt-de-politica-e-formacao-sindical-reune-se-na-proxima-sexta-feira-3-10-na-sala-de-leitura-da-adufpb\/","title":{"rendered":"GT de Pol\u00edtica e Forma\u00e7\u00e3o Sindical re\u00fane-se na pr\u00f3xima sexta-feira (3\/10) na Sala de Leitura da ADUFPB"},"content":{"rendered":"<p>O<a class=\"dt-pswp-item\" href=\"https:\/\/www.adufpb.org.br\/site\/wp-content\/uploads\/2025\/10\/2025.10.03-reuniao-GTPFS.jpeg\" data-dt-img-description=\"\" data-large_image_width=\"1080\" data-large_image_height=\"1078\"><img loading=\"lazy\" decoding=\"async\" class=\"alignright size-medium wp-image-35061\" src=\"https:\/\/www.adufpb.org.br\/site\/wp-content\/uploads\/2025\/10\/2025.10.03-reuniao-GTPFS-300x300.jpeg\" alt=\"\" width=\"300\" height=\"300\" srcset=\"https:\/\/www.adufpb.org.br\/site\/wp-content\/uploads\/2025\/10\/2025.10.03-reuniao-GTPFS-300x300.jpeg 300w, https:\/\/www.adufpb.org.br\/site\/wp-content\/uploads\/2025\/10\/2025.10.03-reuniao-GTPFS-1024x1022.jpeg 1024w, https:\/\/www.adufpb.org.br\/site\/wp-content\/uploads\/2025\/10\/2025.10.03-reuniao-GTPFS-150x150.jpeg 150w, https:\/\/www.adufpb.org.br\/site\/wp-content\/uploads\/2025\/10\/2025.10.03-reuniao-GTPFS-768x767.jpeg 768w, https:\/\/www.adufpb.org.br\/site\/wp-content\/uploads\/2025\/10\/2025.10.03-reuniao-GTPFS-250x250.jpeg 250w, https:\/\/www.adufpb.org.br\/site\/wp-content\/uploads\/2025\/10\/2025.10.03-reuniao-GTPFS.jpeg 1080w\" sizes=\"auto, (max-width: 300px) 100vw, 300px\" \/><\/a> Grupo de Trabalho de Pol\u00edtica e Forma\u00e7\u00e3o Sindical (GTPFS) da ADUFPB re\u00fane-se na pr\u00f3xima sexta-feira (3\/10) para tratar sobre os encaminhamentos propostos pelos GTs de pol\u00edtica e forma\u00e7\u00e3o sindical do ANDES, al\u00e9m de planejar um debate sobre a conjuntura nacional.<\/p>\n<p>A reuni\u00e3o ser\u00e1 realizada na Sala de Leitura da ADUFPB, no Centro de Viv\u00eancia do campus I, a partir das 15h. Todos(as) os(as) docentes interessados(as) no tema pol\u00edtica e forma\u00e7\u00e3o sindical podem participar da reuni\u00e3o e contribuir com propostas para os debates<\/p>\n<p><strong>Pauta:<\/strong><\/p>\n<p>1) Discutir e organizar o debate sobre Conjuntura Nacional para o dia 09\/10\/2025, na Sala de Leitura da ADUFPB.<br \/>\n2) Discutir o encaminhamento do CONADE\/REUN\u00c3O DA REGIONAL II, sobre Proporcionalidade e Majorabilidade.<br \/>\n3) Discutir os princ\u00edpios pol\u00edticos que norteiam as resolu\u00e7\u00f5es sobre rateio, quest\u00f5es financeiras e administrativas.<\/p>\n<p><em>Fonte: Ascom ADUFPB<\/em><\/p>\n","protected":false},"excerpt":{"rendered":"<p>O Grupo de Trabalho de Pol\u00edtica e Forma\u00e7\u00e3o Sindical (GTPFS) da ADUFPB re\u00fane-se na pr\u00f3xima sexta-feira (3\/10) para tratar sobre os encaminhamentos propostos pelos GTs de pol\u00edtica e forma\u00e7\u00e3o sindical do ANDES, al\u00e9m de planejar um debate sobre a conjuntura nacional. A reuni\u00e3o ser\u00e1 realizada na Sala de Leitura da ADUFPB, no Centro de Viv\u00eancia&hellip;<\/p>\n","protected":false},"author":3,"featured_media":35061,"comment_status":"closed","ping_status":"closed","sticky":false,"template":"","format":"standard","meta":{"footnotes":""},"categories":[1405,15,417],"tags":[1719],"class_list":["post-35060","post","type-post","status-publish","format-standard","has-post-thumbnail","hentry","category-chamada-principal","category-noticias","category-noticias-destaque","tag-gtpfs","category-1405","category-15","category-417","description-off"],"_links":{"self":[{"href":"https:\/\/www.adufpb.org.br\/site\/wp-json\/wp\/v2\/posts\/35060","targetHints":{"allow":["GET"]}}],"collection":[{"href":"https:\/\/www.adufpb.org.br\/site\/wp-json\/wp\/v2\/posts"}],"about":[{"href":"https:\/\/www.adufpb.org.br\/site\/wp-json\/wp\/v2\/types\/post"}],"author":[{"embeddable":true,"href":"https:\/\/www.adufpb.org.br\/site\/wp-json\/wp\/v2\/users\/3"}],"replies":[{"embeddable":true,"href":"https:\/\/www.adufpb.org.br\/site\/wp-json\/wp\/v2\/comments?post=35060"}],"version-history":[{"count":1,"href":"https:\/\/www.adufpb.org.br\/site\/wp-json\/wp\/v2\/posts\/35060\/revisions"}],"predecessor-version":[{"id":35062,"href":"https:\/\/www.adufpb.org.br\/site\/wp-json\/wp\/v2\/posts\/35060\/revisions\/35062"}],"wp:featuredmedia":[{"embeddable":true,"href":"https:\/\/www.adufpb.org.br\/site\/wp-json\/wp\/v2\/media\/35061"}],"wp:attachment":[{"href":"https:\/\/www.adufpb.org.br\/site\/wp-json\/wp\/v2\/media?parent=35060"}],"wp:term":[{"taxonomy":"category","embeddable":true,"href":"https:\/\/www.adufpb.org.br\/site\/wp-json\/wp\/v2\/categories?post=35060"},{"taxonomy":"post_tag","embeddable":true,"href":"https:\/\/www.adufpb.org.br\/site\/wp-json\/wp\/v2\/tags?post=35060"}],"curies":[{"name":"wp","href":"https:\/\/api.w.org\/{rel}","templated":true}]}}