{"id":35014,"date":"2025-09-26T11:01:09","date_gmt":"2025-09-26T14:01:09","guid":{"rendered":"https:\/\/www.adufpb.org.br\/site\/?p=35014"},"modified":"2025-10-01T10:11:25","modified_gmt":"2025-10-01T13:11:25","slug":"adufpb-promove-reuniao-do-grupo-de-trabalho-sobre-questoes-etnico-raciais-de-genero-e-diversidade-sexual","status":"publish","type":"post","link":"https:\/\/www.adufpb.org.br\/site\/adufpb-promove-reuniao-do-grupo-de-trabalho-sobre-questoes-etnico-raciais-de-genero-e-diversidade-sexual\/","title":{"rendered":"ADUFPB promove reuni\u00e3o do Grupo de Trabalho sobre Quest\u00f5es \u00c9tnico-Raciais, de G\u00eanero e Diversidade Sexual"},"content":{"rendered":"<p><a class=\"dt-pswp-item\" href=\"https:\/\/www.adufpb.org.br\/site\/wp-content\/uploads\/2025\/09\/2025.10.02-reuniao-GTPCEGDS.jpeg\" data-dt-img-description=\"\" data-large_image_width=\"1082\" data-large_image_height=\"1082\"><img loading=\"lazy\" decoding=\"async\" class=\"alignright size-medium wp-image-35015\" src=\"https:\/\/www.adufpb.org.br\/site\/wp-content\/uploads\/2025\/09\/2025.10.02-reuniao-GTPCEGDS-300x300.jpeg\" alt=\"\" width=\"300\" height=\"300\" srcset=\"https:\/\/www.adufpb.org.br\/site\/wp-content\/uploads\/2025\/09\/2025.10.02-reuniao-GTPCEGDS-300x300.jpeg 300w, https:\/\/www.adufpb.org.br\/site\/wp-content\/uploads\/2025\/09\/2025.10.02-reuniao-GTPCEGDS-1024x1024.jpeg 1024w, https:\/\/www.adufpb.org.br\/site\/wp-content\/uploads\/2025\/09\/2025.10.02-reuniao-GTPCEGDS-150x150.jpeg 150w, https:\/\/www.adufpb.org.br\/site\/wp-content\/uploads\/2025\/09\/2025.10.02-reuniao-GTPCEGDS-768x768.jpeg 768w, https:\/\/www.adufpb.org.br\/site\/wp-content\/uploads\/2025\/09\/2025.10.02-reuniao-GTPCEGDS-250x250.jpeg 250w, https:\/\/www.adufpb.org.br\/site\/wp-content\/uploads\/2025\/09\/2025.10.02-reuniao-GTPCEGDS.jpeg 1082w\" sizes=\"auto, (max-width: 300px) 100vw, 300px\" \/><\/a>Na pr\u00f3xima quinta-feira (2), a ADUFPB realiza reuni\u00e3o do Grupo de Trabalho sobre Pol\u00edticas de Classe para as Quest\u00f5es \u00c9tnico-Raciais, de G\u00eanero e Diversidade Sexual (GTPCEGDS). O encontro acontecer\u00e1 \u00e0s 9h30, na Sala de Leitura da sede do sindicato, no campus I da UFPB.<\/p>\n<p>A pauta da reuni\u00e3o inclui informes gerais e debates sobre a Marcha das Mulheres Negras, al\u00e9m do repasse das discuss\u00f5es realizadas no Grupo de Trabalho de Promo\u00e7\u00e3o da Educa\u00e7\u00e3o \u00c9tnico-Racial da UFPB. Tamb\u00e9m ser\u00e1 constru\u00edda uma agenda de fomento \u00e0s pr\u00e1ticas antirracistas e da consci\u00eancia negra nos quatro campi da universidade. Os trabalhos ser\u00e3o conclu\u00eddos com a defini\u00e7\u00e3o de encaminhamentos.<\/p>\n<p><strong>AGENDE-SE<\/strong><br \/>\n<em><strong>Reuni\u00e3o do GTPCEGDS<\/strong><\/em><br \/>\n<strong>Data:<\/strong> quinta-feira, 2 de outubro<br \/>\n<strong>Hor\u00e1rio:<\/strong> 9h30<br \/>\n<strong>Local:<\/strong> Sala de Leitura da ADUFPB<\/p>\n<p><strong>Pauta:<\/strong><br \/>\n1. Informes gerais<br \/>\n2. Marcha das Mulheres Negras<br \/>\n3. Repasse do Grupo de Trabalho sobre a Promo\u00e7\u00e3o da Educa\u00e7\u00e3o \u00c9tnico-Racial da UFPB<br \/>\n4. Constru\u00e7\u00e3o de Agenda de Fomento \u00e0s Pr\u00e1ticas Antirracistas e da Consci\u00eancia Negra nos 4 campi<br \/>\n5. Encaminhamentos<\/p>\n<p><em>Fonte: Ascom ADUFPB<\/em><\/p>\n","protected":false},"excerpt":{"rendered":"<p>Na pr\u00f3xima quinta-feira (2), a ADUFPB realiza reuni\u00e3o do Grupo de Trabalho sobre Pol\u00edticas de Classe para as Quest\u00f5es \u00c9tnico-Raciais, de G\u00eanero e Diversidade Sexual (GTPCEGDS). O encontro acontecer\u00e1 \u00e0s 9h30, na Sala de Leitura da sede do sindicato, no campus I da UFPB. A pauta da reuni\u00e3o inclui informes gerais e debates sobre a&hellip;<\/p>\n","protected":false},"author":3,"featured_media":35015,"comment_status":"closed","ping_status":"closed","sticky":false,"template":"","format":"standard","meta":{"footnotes":""},"categories":[1405,15,417],"tags":[722],"class_list":["post-35014","post","type-post","status-publish","format-standard","has-post-thumbnail","hentry","category-chamada-principal","category-noticias","category-noticias-destaque","tag-gtpcegds","category-1405","category-15","category-417","description-off"],"_links":{"self":[{"href":"https:\/\/www.adufpb.org.br\/site\/wp-json\/wp\/v2\/posts\/35014","targetHints":{"allow":["GET"]}}],"collection":[{"href":"https:\/\/www.adufpb.org.br\/site\/wp-json\/wp\/v2\/posts"}],"about":[{"href":"https:\/\/www.adufpb.org.br\/site\/wp-json\/wp\/v2\/types\/post"}],"author":[{"embeddable":true,"href":"https:\/\/www.adufpb.org.br\/site\/wp-json\/wp\/v2\/users\/3"}],"replies":[{"embeddable":true,"href":"https:\/\/www.adufpb.org.br\/site\/wp-json\/wp\/v2\/comments?post=35014"}],"version-history":[{"count":1,"href":"https:\/\/www.adufpb.org.br\/site\/wp-json\/wp\/v2\/posts\/35014\/revisions"}],"predecessor-version":[{"id":35016,"href":"https:\/\/www.adufpb.org.br\/site\/wp-json\/wp\/v2\/posts\/35014\/revisions\/35016"}],"wp:featuredmedia":[{"embeddable":true,"href":"https:\/\/www.adufpb.org.br\/site\/wp-json\/wp\/v2\/media\/35015"}],"wp:attachment":[{"href":"https:\/\/www.adufpb.org.br\/site\/wp-json\/wp\/v2\/media?parent=35014"}],"wp:term":[{"taxonomy":"category","embeddable":true,"href":"https:\/\/www.adufpb.org.br\/site\/wp-json\/wp\/v2\/categories?post=35014"},{"taxonomy":"post_tag","embeddable":true,"href":"https:\/\/www.adufpb.org.br\/site\/wp-json\/wp\/v2\/tags?post=35014"}],"curies":[{"name":"wp","href":"https:\/\/api.w.org\/{rel}","templated":true}]}}