{"id":35006,"date":"2025-09-24T12:52:06","date_gmt":"2025-09-24T15:52:06","guid":{"rendered":"https:\/\/www.adufpb.org.br\/site\/?p=35006"},"modified":"2025-09-26T11:01:49","modified_gmt":"2025-09-26T14:01:49","slug":"sede-social-do-cabo-branco-sediara-atividade-do-andes-sn-no-sabado","status":"publish","type":"post","link":"https:\/\/www.adufpb.org.br\/site\/sede-social-do-cabo-branco-sediara-atividade-do-andes-sn-no-sabado\/","title":{"rendered":"Sede Social do Cabo Branco sediar\u00e1 atividade do ANDES-SN no s\u00e1bado"},"content":{"rendered":"<p><img loading=\"lazy\" decoding=\"async\" class=\"size-large wp-image-32253 aligncenter\" src=\"https:\/\/www.adufpb.org.br\/site\/wp-content\/uploads\/2024\/09\/2022.05.10-sede-sociocultural-1024x575.jpg\" alt=\"\" width=\"1024\" height=\"575\" srcset=\"https:\/\/www.adufpb.org.br\/site\/wp-content\/uploads\/2024\/09\/2022.05.10-sede-sociocultural-1024x575.jpg 1024w, https:\/\/www.adufpb.org.br\/site\/wp-content\/uploads\/2024\/09\/2022.05.10-sede-sociocultural-300x169.jpg 300w, https:\/\/www.adufpb.org.br\/site\/wp-content\/uploads\/2024\/09\/2022.05.10-sede-sociocultural-768x432.jpg 768w, https:\/\/www.adufpb.org.br\/site\/wp-content\/uploads\/2024\/09\/2022.05.10-sede-sociocultural-1536x863.jpg 1536w, https:\/\/www.adufpb.org.br\/site\/wp-content\/uploads\/2024\/09\/2022.05.10-sede-sociocultural-2048x1151.jpg 2048w, https:\/\/www.adufpb.org.br\/site\/wp-content\/uploads\/2024\/09\/2022.05.10-sede-sociocultural-250x141.jpg 250w\" sizes=\"auto, (max-width: 1024px) 100vw, 1024px\" \/><\/p>\n<p>Representantes da ADUFPB e da Regional Nordeste 2 do ANDES-SN se reunir\u00e3o no s\u00e1bado (27) na sede social do sindicato, no bairro do Cabo Branco para discutir os efeitos de uma eventual aprova\u00e7\u00e3o da Reforma Administrativa.<\/p>\n<p>Por conta disso a sede social que estar\u00e1 reservada o dia inteiro para essa atividade, ficando indispon\u00edvel para os demais sindicalizados nessa data.<\/p>\n<p>A Reforma Administrativa representa uma verdadeira \u201cdemoli\u00e7\u00e3o dos direitos de todos os trabalhadores e trabalhadoras do servi\u00e7o p\u00fablico\u201d, de acordo com o presidente da ADUFPB, Edson Franco.<\/p>\n<p>Diversas entidades sindicais do funcionalismo p\u00fablico t\u00eam se mobilizado em Bras\u00edlia e nos estados, pressionando parlamentares e os minist\u00e9rios da Educa\u00e7\u00e3o, da Gest\u00e3o e da Inova\u00e7\u00e3o para barrar o avan\u00e7o da Reforma Administrativa.<\/p>\n","protected":false},"excerpt":{"rendered":"<p>Representantes da ADUFPB e da Regional Nordeste 2 do ANDES-SN se reunir\u00e3o no s\u00e1bado (27) na sede social do sindicato, no bairro do Cabo Branco para discutir os efeitos de uma eventual aprova\u00e7\u00e3o da Reforma Administrativa. Por conta disso a sede social que estar\u00e1 reservada o dia inteiro para essa atividade, ficando indispon\u00edvel para os&hellip;<\/p>\n","protected":false},"author":8,"featured_media":32253,"comment_status":"closed","ping_status":"closed","sticky":false,"template":"","format":"standard","meta":{"footnotes":""},"categories":[1405,4,15,417],"tags":[],"class_list":["post-35006","post","type-post","status-publish","format-standard","has-post-thumbnail","hentry","category-chamada-principal","category-comunicacao","category-noticias","category-noticias-destaque","category-1405","category-4","category-15","category-417","description-off"],"_links":{"self":[{"href":"https:\/\/www.adufpb.org.br\/site\/wp-json\/wp\/v2\/posts\/35006","targetHints":{"allow":["GET"]}}],"collection":[{"href":"https:\/\/www.adufpb.org.br\/site\/wp-json\/wp\/v2\/posts"}],"about":[{"href":"https:\/\/www.adufpb.org.br\/site\/wp-json\/wp\/v2\/types\/post"}],"author":[{"embeddable":true,"href":"https:\/\/www.adufpb.org.br\/site\/wp-json\/wp\/v2\/users\/8"}],"replies":[{"embeddable":true,"href":"https:\/\/www.adufpb.org.br\/site\/wp-json\/wp\/v2\/comments?post=35006"}],"version-history":[{"count":2,"href":"https:\/\/www.adufpb.org.br\/site\/wp-json\/wp\/v2\/posts\/35006\/revisions"}],"predecessor-version":[{"id":35008,"href":"https:\/\/www.adufpb.org.br\/site\/wp-json\/wp\/v2\/posts\/35006\/revisions\/35008"}],"wp:featuredmedia":[{"embeddable":true,"href":"https:\/\/www.adufpb.org.br\/site\/wp-json\/wp\/v2\/media\/32253"}],"wp:attachment":[{"href":"https:\/\/www.adufpb.org.br\/site\/wp-json\/wp\/v2\/media?parent=35006"}],"wp:term":[{"taxonomy":"category","embeddable":true,"href":"https:\/\/www.adufpb.org.br\/site\/wp-json\/wp\/v2\/categories?post=35006"},{"taxonomy":"post_tag","embeddable":true,"href":"https:\/\/www.adufpb.org.br\/site\/wp-json\/wp\/v2\/tags?post=35006"}],"curies":[{"name":"wp","href":"https:\/\/api.w.org\/{rel}","templated":true}]}}