{"id":34942,"date":"2025-09-16T17:21:52","date_gmt":"2025-09-16T20:21:52","guid":{"rendered":"https:\/\/www.adufpb.org.br\/site\/?p=34942"},"modified":"2025-09-19T10:33:45","modified_gmt":"2025-09-19T13:33:45","slug":"gt-multicampia-realiza-reunioes-na-quarta-feira-17-e-na-quinta-feira-18-para-discutir-demandas-locais","status":"publish","type":"post","link":"https:\/\/www.adufpb.org.br\/site\/gt-multicampia-realiza-reunioes-na-quarta-feira-17-e-na-quinta-feira-18-para-discutir-demandas-locais\/","title":{"rendered":"GT Multicampia realiza reuni\u00f5es na quarta-feira (17) e na quinta-feira (18) para discutir demandas locais"},"content":{"rendered":"<p><a class=\"dt-pswp-item\" href=\"https:\/\/www.adufpb.org.br\/site\/wp-content\/uploads\/2025\/09\/2025.09.17-18-reuniao-GT-multicampia.jpeg\" data-dt-img-description=\"\" data-large_image_width=\"1079\" data-large_image_height=\"1071\"><img loading=\"lazy\" decoding=\"async\" class=\"alignright size-medium wp-image-34943\" src=\"https:\/\/www.adufpb.org.br\/site\/wp-content\/uploads\/2025\/09\/2025.09.17-18-reuniao-GT-multicampia-300x298.jpeg\" alt=\"\" width=\"300\" height=\"298\" srcset=\"https:\/\/www.adufpb.org.br\/site\/wp-content\/uploads\/2025\/09\/2025.09.17-18-reuniao-GT-multicampia-300x298.jpeg 300w, https:\/\/www.adufpb.org.br\/site\/wp-content\/uploads\/2025\/09\/2025.09.17-18-reuniao-GT-multicampia-1024x1016.jpeg 1024w, https:\/\/www.adufpb.org.br\/site\/wp-content\/uploads\/2025\/09\/2025.09.17-18-reuniao-GT-multicampia-150x150.jpeg 150w, https:\/\/www.adufpb.org.br\/site\/wp-content\/uploads\/2025\/09\/2025.09.17-18-reuniao-GT-multicampia-768x762.jpeg 768w, https:\/\/www.adufpb.org.br\/site\/wp-content\/uploads\/2025\/09\/2025.09.17-18-reuniao-GT-multicampia-250x248.jpeg 250w, https:\/\/www.adufpb.org.br\/site\/wp-content\/uploads\/2025\/09\/2025.09.17-18-reuniao-GT-multicampia.jpeg 1079w\" sizes=\"auto, (max-width: 300px) 100vw, 300px\" \/><\/a>O Grupo de Trabalho Multicampia, da ADUFPB, realiza, nesta quarta-feira (17) e na quinta-feira (18), reuni\u00f5es nos tr\u00eas campi de interior da UFPB. Em pauta est\u00e3o os seguintes pontos: informes, levantamento das demandas locais e encaminhamentos.<\/p>\n<p>Na quarta-feira, a atividade ocorrer\u00e1 na sede da ADUFPB do campus IV &#8211; Litoral Norte, a partir das 17h. J\u00e1 na quinta-feira, haver\u00e1 reuni\u00e3o no campus III &#8211; Bananeiras, a partir das 9h30, e no campus II &#8211; Areia, a partir das 14h, tamb\u00e9m nas respectivas sedes locais do sindicato.<\/p>\n<p>O GT Multicampia da ADUFPB tem como objetivo discutir as condi\u00e7\u00f5es de trabalho e infraestrutura nos campi do interior (Areia, Bananeiras e Litoral Norte). Ele come\u00e7ou a atuar em fevereiro deste ano e tem como modelo o GT de Multicampia e Fronteira, fundado pelo Andes \u2013 Sindicato Nacional no dia 16 de junho do ano passado. A proposta de cria\u00e7\u00e3o de um espa\u00e7o para discutir as especificidades das institui\u00e7\u00f5es de ensino federais com v\u00e1rios campi ou localizadas em territ\u00f3rios de fronteira foi aprovada no 42\u00ba Congresso do ANDES-SN, realizado este ano em Fortaleza (CE).<\/p>\n<p><strong>AGENDE-SE<\/strong><br \/>\n<em><strong>Reuni\u00e3o do GT Multicampia<\/strong><\/em><\/p>\n<ul>\n<li><strong>Quarta-feira, 17 de setembro<\/strong><br \/>\n17h | Campus IV &#8211; Litoral Norte<\/li>\n<li><strong>Quinta-feira, 18 de setembro<\/strong><br \/>\n9h30 | Campus III &#8211; Bananeiras<br \/>\n14h | Campus II &#8211; Areia<\/li>\n<\/ul>\n<p><strong>Pauta:<\/strong><\/p>\n<p>1. Informes<br \/>\n2. Levantamento das demandas locais<br \/>\n3. Encaminhamentos<\/p>\n<p><em>Fonte: Ascom ADUFPB<\/em><\/p>\n","protected":false},"excerpt":{"rendered":"<p>O Grupo de Trabalho Multicampia, da ADUFPB, realiza, nesta quarta-feira (17) e na quinta-feira (18), reuni\u00f5es nos tr\u00eas campi de interior da UFPB. Em pauta est\u00e3o os seguintes pontos: informes, levantamento das demandas locais e encaminhamentos. Na quarta-feira, a atividade ocorrer\u00e1 na sede da ADUFPB do campus IV &#8211; Litoral Norte, a partir das 17h.&hellip;<\/p>\n","protected":false},"author":3,"featured_media":34943,"comment_status":"closed","ping_status":"closed","sticky":false,"template":"","format":"standard","meta":{"footnotes":""},"categories":[1405,15,417],"tags":[763,173,257,97,1801],"class_list":["post-34942","post","type-post","status-publish","format-standard","has-post-thumbnail","hentry","category-chamada-principal","category-noticias","category-noticias-destaque","tag-areia","tag-bananeiras","tag-gt","tag-litoral-norte","tag-multicampia","category-1405","category-15","category-417","description-off"],"_links":{"self":[{"href":"https:\/\/www.adufpb.org.br\/site\/wp-json\/wp\/v2\/posts\/34942","targetHints":{"allow":["GET"]}}],"collection":[{"href":"https:\/\/www.adufpb.org.br\/site\/wp-json\/wp\/v2\/posts"}],"about":[{"href":"https:\/\/www.adufpb.org.br\/site\/wp-json\/wp\/v2\/types\/post"}],"author":[{"embeddable":true,"href":"https:\/\/www.adufpb.org.br\/site\/wp-json\/wp\/v2\/users\/3"}],"replies":[{"embeddable":true,"href":"https:\/\/www.adufpb.org.br\/site\/wp-json\/wp\/v2\/comments?post=34942"}],"version-history":[{"count":3,"href":"https:\/\/www.adufpb.org.br\/site\/wp-json\/wp\/v2\/posts\/34942\/revisions"}],"predecessor-version":[{"id":34946,"href":"https:\/\/www.adufpb.org.br\/site\/wp-json\/wp\/v2\/posts\/34942\/revisions\/34946"}],"wp:featuredmedia":[{"embeddable":true,"href":"https:\/\/www.adufpb.org.br\/site\/wp-json\/wp\/v2\/media\/34943"}],"wp:attachment":[{"href":"https:\/\/www.adufpb.org.br\/site\/wp-json\/wp\/v2\/media?parent=34942"}],"wp:term":[{"taxonomy":"category","embeddable":true,"href":"https:\/\/www.adufpb.org.br\/site\/wp-json\/wp\/v2\/categories?post=34942"},{"taxonomy":"post_tag","embeddable":true,"href":"https:\/\/www.adufpb.org.br\/site\/wp-json\/wp\/v2\/tags?post=34942"}],"curies":[{"name":"wp","href":"https:\/\/api.w.org\/{rel}","templated":true}]}}