{"id":3478,"date":"2012-06-23T06:51:31","date_gmt":"2012-06-23T10:51:31","guid":{"rendered":"http:\/\/www.adufpb.org.br\/site\/?p=3478"},"modified":"2012-06-25T20:55:39","modified_gmt":"2012-06-26T00:55:39","slug":"assembleia-clg-pode-fazer-convocatoria-extraordinaria","status":"publish","type":"post","link":"https:\/\/www.adufpb.org.br\/site\/assembleia-clg-pode-fazer-convocatoria-extraordinaria\/","title":{"rendered":"Assembleia: CLG pode fazer convocat\u00f3ria extraordin\u00e1ria"},"content":{"rendered":"<p><a href=\"http:\/\/www.adufpb.org.br\/site\/wp-content\/uploads\/2012\/06\/assembleia.jpg\"><img loading=\"lazy\" decoding=\"async\" class=\"alignleft size-medium wp-image-3479\" title=\"assembleia\" src=\"http:\/\/www.adufpb.org.br\/site\/wp-content\/uploads\/2012\/06\/assembleia-300x225.jpg\" alt=\"\" width=\"300\" height=\"225\" srcset=\"https:\/\/www.adufpb.org.br\/site\/wp-content\/uploads\/2012\/06\/assembleia-300x225.jpg 300w, https:\/\/www.adufpb.org.br\/site\/wp-content\/uploads\/2012\/06\/assembleia.jpg 960w\" sizes=\"auto, (max-width: 300px) 100vw, 300px\" \/><\/a>Os professores da UFPB, em greve desde o dia 17 de maio, realizaram assembleia na \u00faltima quinta-feira (21\/6) e definiram atividades de mobiliza\u00e7\u00e3o em conjunto com os servidores t\u00e9cnico-administrativos da universidade e com os servidores do IFPB.<\/p>\n<p>Eles tamb\u00e9m definiram que o Comando Local de Greve far\u00e1 uma convocat\u00f3ria extraordin\u00e1ria de Assembleia Geral, com anteced\u00eancia m\u00ednima de 48 horas, em caso de uma poss\u00edvel apresenta\u00e7\u00e3o de proposta do governo federal.<\/p>\n<p>Os professores foram informados de que, em reuni\u00e3o com o CLG na \u00faltima segunda-feira (18\/6), os professores dos programas de p\u00f3s-gradua\u00e7\u00e3o aprovaram um Manifesto de Apoio \u00e0 Greve. J\u00e1 os estudantes realizaram assembleia na \u00faltima quarta-feira para discutir como podem apoiar o movimento. Uma nova assembleia est\u00e1 marcada para o dia 3\/7.<\/p>\n<p>Outro informe foi referente \u00e0 nova diretoria do Andes-SN, que tomou posse na quinta-feira, durante o 57\u00ba Conad, que est\u00e1 sendo realizado em Parna\u00edba (PI) at\u00e9 o pr\u00f3ximo domingo (24\/6).<\/p>\n<p>A assembleia dos professores definiu algumas atividades conjuntas com o Sintefpb (Sindicato dos Trabalhadores Federais da Educa\u00e7\u00e3o B\u00e1sica e Tecnol\u00f3gica da Para\u00edba) e com o Sintespb (Sindicato dos Trabalhadores em Ensino Superior do Estado da Para\u00edba). Entre elas est\u00e1 um ato p\u00fablico na Lagoa do Parque Sol\u00f3n de Lucena, na pr\u00f3xima quinta-feira (28), e o ato \u201cEduca\u00e7\u00e3o vai \u00e0 Pra\u00e7a\u201d, no dia 4 de julho.<\/p>\n<p>&nbsp;<\/p>\n<p><span style=\"text-decoration: underline;\"><strong>Calend\u00e1rio de atividades:<\/strong><\/span><\/p>\n<p><strong>Segunda-feira (25\/06)<\/strong><\/p>\n<p>9h00 \u2013 Reuni\u00e3o Preparat\u00f3ria da Audi\u00eancia P\u00fablica com Deputados e Senadores da Para\u00edba;<\/p>\n<p>14h30 \u2013 Reuni\u00e3o do Comando Local de Greve<\/p>\n<p>17h00 \u2013 CINE GREVE<\/p>\n<p>18h00 &#8211; Oficina de teatro, com o professor Carlos Cartax<\/p>\n<p>&nbsp;<\/p>\n<p><strong>Ter\u00e7a-feira (26\/06)<\/strong><\/p>\n<p>9h00 \u2013 F\u00f3rum em Defesa da UFPB \u2013 Constru\u00e7\u00e3o da Pauta Local (Gradua\u00e7\u00e3o e P\u00f3s-gradua\u00e7\u00e3o)<\/p>\n<p>15h00 \u2013 Reuni\u00e3o Preparat\u00f3ria do Ato P\u00fablico na Lagoa<\/p>\n<p>15h00 \u2013 Oficina de constru\u00e7\u00e3o do material para o Ato na Lagoa (Centro de Viv\u00eancia)<\/p>\n<p>18h00 &#8211; Oficina de teatro, com o professor Carlos Cartaxo<\/p>\n<p>&nbsp;<\/p>\n<p><strong>Quarta-feira (27\/06)<\/strong><\/p>\n<p>9h00 \u2013 Reuni\u00e3o dos Grupos de Trabalho da ADUFPB<\/p>\n<p>14h30 \u2013 Reuni\u00e3o do Comando Local de Greve<\/p>\n<p>&nbsp;<\/p>\n<p><strong>Quinta-feira (28\/06)<\/strong><\/p>\n<p>8h00 \u2013 Ato P\u00fablico na Lagoa (Caminhada e Panfletagem)<\/p>\n<p>15h00 \u2013 Debate da proposta de Carreira apresentada pelo ANDES-SN<\/p>\n<p>20h00 \u2013 Festa Junina ADUFPB \u2013 Jangada Clube<\/p>\n<p><strong>Ter\u00e7a-feira (03\/07)<\/strong><\/p>\n<p>9h00 &#8211; Assembl\u00e9ia Ordin\u00e1ria da GREVE<\/p>\n<p>&nbsp;<\/p>\n<p><strong>Quarta-feira (04\/07)<\/strong><\/p>\n<p>09h00 \u00e0s 16h00 &#8211; Ato P\u00fablico \u2013 Educa\u00e7\u00e3o vai \u00e0 Pra\u00e7a<\/p>\n<p>14h00 \u2013 reuni\u00e3o dos Estudantes da p\u00f3s-gradua\u00e7\u00e3o (sala 505 CCHLA)<\/p>\n<p>&nbsp;<\/p>\n<p><strong>Sexta-feira (06\/07)<\/strong><\/p>\n<p>15h00 &#8211; Audi\u00eancia P\u00fablica na Faculdade de Direito (Pra\u00e7a Jo\u00e3o Pessoa)<\/p>\n<p>&nbsp;<\/p>\n<p><em>Fonte: Ascom ADUFPB<\/em><\/p>\n","protected":false},"excerpt":{"rendered":"<p>Os professores da UFPB, em greve desde o dia 17 de maio, realizaram assembleia na \u00faltima quinta-feira (21\/6) e definiram atividades de mobiliza\u00e7\u00e3o em conjunto com os servidores t\u00e9cnico-administrativos da universidade e com os servidores do IFPB. Eles tamb\u00e9m definiram que o Comando Local de Greve far\u00e1 uma convocat\u00f3ria extraordin\u00e1ria de Assembleia Geral, com anteced\u00eancia&hellip;<\/p>\n","protected":false},"author":3,"featured_media":0,"comment_status":"open","ping_status":"open","sticky":false,"template":"","format":"standard","meta":{"footnotes":""},"categories":[15],"tags":[132],"class_list":["post-3478","post","type-post","status-publish","format-standard","hentry","category-noticias","tag-greve","category-15","description-off"],"_links":{"self":[{"href":"https:\/\/www.adufpb.org.br\/site\/wp-json\/wp\/v2\/posts\/3478","targetHints":{"allow":["GET"]}}],"collection":[{"href":"https:\/\/www.adufpb.org.br\/site\/wp-json\/wp\/v2\/posts"}],"about":[{"href":"https:\/\/www.adufpb.org.br\/site\/wp-json\/wp\/v2\/types\/post"}],"author":[{"embeddable":true,"href":"https:\/\/www.adufpb.org.br\/site\/wp-json\/wp\/v2\/users\/3"}],"replies":[{"embeddable":true,"href":"https:\/\/www.adufpb.org.br\/site\/wp-json\/wp\/v2\/comments?post=3478"}],"version-history":[{"count":2,"href":"https:\/\/www.adufpb.org.br\/site\/wp-json\/wp\/v2\/posts\/3478\/revisions"}],"predecessor-version":[{"id":3487,"href":"https:\/\/www.adufpb.org.br\/site\/wp-json\/wp\/v2\/posts\/3478\/revisions\/3487"}],"wp:attachment":[{"href":"https:\/\/www.adufpb.org.br\/site\/wp-json\/wp\/v2\/media?parent=3478"}],"wp:term":[{"taxonomy":"category","embeddable":true,"href":"https:\/\/www.adufpb.org.br\/site\/wp-json\/wp\/v2\/categories?post=3478"},{"taxonomy":"post_tag","embeddable":true,"href":"https:\/\/www.adufpb.org.br\/site\/wp-json\/wp\/v2\/tags?post=3478"}],"curies":[{"name":"wp","href":"https:\/\/api.w.org\/{rel}","templated":true}]}}