{"id":34716,"date":"2025-08-12T10:03:23","date_gmt":"2025-08-12T13:03:23","guid":{"rendered":"https:\/\/www.adufpb.org.br\/site\/?p=34716"},"modified":"2025-08-12T10:53:37","modified_gmt":"2025-08-12T13:53:37","slug":"nota-de-pesar-jose-kehrle","status":"publish","type":"post","link":"https:\/\/www.adufpb.org.br\/site\/nota-de-pesar-jose-kehrle\/","title":{"rendered":"NOTA DE PESAR \u2013 Jos\u00e9 Kehrle"},"content":{"rendered":"<p><img loading=\"lazy\" decoding=\"async\" class=\"alignright size-medium wp-image-34718\" src=\"https:\/\/www.adufpb.org.br\/site\/wp-content\/uploads\/2025\/08\/Kehrle-293x300.jpg\" alt=\"\" width=\"293\" height=\"300\" srcset=\"https:\/\/www.adufpb.org.br\/site\/wp-content\/uploads\/2025\/08\/Kehrle-293x300.jpg 293w, https:\/\/www.adufpb.org.br\/site\/wp-content\/uploads\/2025\/08\/Kehrle-250x256.jpg 250w, https:\/\/www.adufpb.org.br\/site\/wp-content\/uploads\/2025\/08\/Kehrle.jpg 413w\" sizes=\"auto, (max-width: 293px) 100vw, 293px\" \/>A Diretoria Executiva da ADUFPB vem a p\u00fablico manifestar o seu profundo pesar pelo falecimento, ocorrido no dia 11 de agosto de 2025, de <strong>Jos\u00e9 Kehrle<\/strong>, professor aposentado do Departamento de Habilita\u00e7\u00f5es Pedag\u00f3gicas, do Centro de Educa\u00e7\u00e3o da Universidade Federal da Para\u00edba.<\/p>\n<p>O professor <strong>Jos\u00e9 Kehrle<\/strong> era sindicalizado e s\u00f3cio-fundador da<strong> ADUFPB<\/strong> desde 10\/11\/1978. O vel\u00f3rio ocorrer\u00e1 no Campo da Esperan\u00e7a, Asa Sul, Bras\u00edlia-DF, a partir das 15h de 12\/08\/2025 e a crema\u00e7\u00e3o, \u00e0s 17h15 do dia 12\/08\/2025.<\/p>\n<p>Aos membros da fam\u00edlia e amigos, nossos sentimentos.<\/p>\n<p style=\"text-align: center;\"><strong>Jo\u00e3o Pessoa, 12 de agosto de 2025.<\/strong><br \/>\n<strong>DIRETORIA E FUNCION\u00c1RIOS DA ADUFPB<\/strong><\/p>\n","protected":false},"excerpt":{"rendered":"<p>A Diretoria Executiva da ADUFPB vem a p\u00fablico manifestar o seu profundo pesar pelo falecimento, ocorrido no dia 11 de agosto de 2025, de Jos\u00e9 Kehrle, professor aposentado do Departamento de Habilita\u00e7\u00f5es Pedag\u00f3gicas, do Centro de Educa\u00e7\u00e3o da Universidade Federal da Para\u00edba. O professor Jos\u00e9 Kehrle era sindicalizado e s\u00f3cio-fundador da ADUFPB desde 10\/11\/1978. O&hellip;<\/p>\n","protected":false},"author":8,"featured_media":34718,"comment_status":"closed","ping_status":"closed","sticky":false,"template":"","format":"standard","meta":{"footnotes":""},"categories":[4,15,417],"tags":[],"class_list":["post-34716","post","type-post","status-publish","format-standard","has-post-thumbnail","hentry","category-comunicacao","category-noticias","category-noticias-destaque","category-4","category-15","category-417","description-off"],"_links":{"self":[{"href":"https:\/\/www.adufpb.org.br\/site\/wp-json\/wp\/v2\/posts\/34716","targetHints":{"allow":["GET"]}}],"collection":[{"href":"https:\/\/www.adufpb.org.br\/site\/wp-json\/wp\/v2\/posts"}],"about":[{"href":"https:\/\/www.adufpb.org.br\/site\/wp-json\/wp\/v2\/types\/post"}],"author":[{"embeddable":true,"href":"https:\/\/www.adufpb.org.br\/site\/wp-json\/wp\/v2\/users\/8"}],"replies":[{"embeddable":true,"href":"https:\/\/www.adufpb.org.br\/site\/wp-json\/wp\/v2\/comments?post=34716"}],"version-history":[{"count":5,"href":"https:\/\/www.adufpb.org.br\/site\/wp-json\/wp\/v2\/posts\/34716\/revisions"}],"predecessor-version":[{"id":34722,"href":"https:\/\/www.adufpb.org.br\/site\/wp-json\/wp\/v2\/posts\/34716\/revisions\/34722"}],"wp:featuredmedia":[{"embeddable":true,"href":"https:\/\/www.adufpb.org.br\/site\/wp-json\/wp\/v2\/media\/34718"}],"wp:attachment":[{"href":"https:\/\/www.adufpb.org.br\/site\/wp-json\/wp\/v2\/media?parent=34716"}],"wp:term":[{"taxonomy":"category","embeddable":true,"href":"https:\/\/www.adufpb.org.br\/site\/wp-json\/wp\/v2\/categories?post=34716"},{"taxonomy":"post_tag","embeddable":true,"href":"https:\/\/www.adufpb.org.br\/site\/wp-json\/wp\/v2\/tags?post=34716"}],"curies":[{"name":"wp","href":"https:\/\/api.w.org\/{rel}","templated":true}]}}