{"id":34701,"date":"2025-08-04T09:55:56","date_gmt":"2025-08-04T12:55:56","guid":{"rendered":"https:\/\/www.adufpb.org.br\/site\/?p=34701"},"modified":"2025-08-08T10:20:26","modified_gmt":"2025-08-08T13:20:26","slug":"adufpb-convoca-para-assembleia-geral-em-joao-pessoa","status":"publish","type":"post","link":"https:\/\/www.adufpb.org.br\/site\/adufpb-convoca-para-assembleia-geral-em-joao-pessoa\/","title":{"rendered":"ADUFPB convoca para Assembleia Geral em Jo\u00e3o Pessoa nesta quinta-feira (7)"},"content":{"rendered":"<p><img loading=\"lazy\" decoding=\"async\" class=\"alignright wp-image-34702 size-medium\" src=\"https:\/\/www.adufpb.org.br\/site\/wp-content\/uploads\/2025\/08\/WhatsApp-Image-2025-08-04-at-09.15.44-298x300.jpeg\" alt=\"\" width=\"298\" height=\"300\" srcset=\"https:\/\/www.adufpb.org.br\/site\/wp-content\/uploads\/2025\/08\/WhatsApp-Image-2025-08-04-at-09.15.44-298x300.jpeg 298w, https:\/\/www.adufpb.org.br\/site\/wp-content\/uploads\/2025\/08\/WhatsApp-Image-2025-08-04-at-09.15.44-1018x1024.jpeg 1018w, https:\/\/www.adufpb.org.br\/site\/wp-content\/uploads\/2025\/08\/WhatsApp-Image-2025-08-04-at-09.15.44-150x150.jpeg 150w, https:\/\/www.adufpb.org.br\/site\/wp-content\/uploads\/2025\/08\/WhatsApp-Image-2025-08-04-at-09.15.44-768x772.jpeg 768w, https:\/\/www.adufpb.org.br\/site\/wp-content\/uploads\/2025\/08\/WhatsApp-Image-2025-08-04-at-09.15.44-250x251.jpeg 250w, https:\/\/www.adufpb.org.br\/site\/wp-content\/uploads\/2025\/08\/WhatsApp-Image-2025-08-04-at-09.15.44.jpeg 1083w\" sizes=\"auto, (max-width: 298px) 100vw, 298px\" \/>A ADUFPB realizar\u00e1 no dia 7 de agosto (quinta-feira), a terceira Assembleia Geral da ADUFPB ser\u00e1 realizada em Jo\u00e3o Pessoa, abrangendo tamb\u00e9m docentes do Litoral Norte (Mamanguape e Rio Tinto). A reuni\u00e3o acontecer\u00e1 a partir das 9h, no Centro de Viv\u00eancia da UFPB, no Campus I.<\/p>\n<p>Durante a \u00faltima semana, teve in\u00edcio a rodada de Assembleias Gerais para discutir temas de interesse da categoria docente. Na pauta, est\u00e3o previstos informes gerais sobre a\u00e7\u00f5es e atividades realizadas pelo sindicato, discuss\u00f5es e informes sobre o Aux\u00edlio Transporte para docentes (com rela\u00e7\u00e3o \u00e0 Instru\u00e7\u00e3o Normativa SRT\/MGI n\u00ba 71); informes jur\u00eddicos sobre as a\u00e7\u00f5es rescis\u00f3rias dos 28,86%, al\u00e9m de encaminhamentos para futuras a\u00e7\u00f5es promovidas pela entidade.<\/p>\n<p>A Diretoria da ADUFPB destaca que a participa\u00e7\u00e3o dos professores \u00e9 essencial para fortalecer as reivindica\u00e7\u00f5es da categoria e garantir avan\u00e7os nas demandas apresentadas. A rodada come\u00e7ou em 30 de julho, no Campus II, em Areia, seguida por outra, em 31 de julho, no Campus III, em Bananeiras.<\/p>\n<p>A Diretoria da ADUFPB refor\u00e7a a import\u00e2ncia da presen\u00e7a dos docentes nesses encontros para contribuir com o debate e fortalecer as decis\u00f5es coletivas da categoria. Recomenda ainda que os professores e professoras da UFPB se mobilizem e contribuam para a luta docente, convidando colegas de departamentos para participarem das reuni\u00f5es e atividades pol\u00edticas de interesse da categoria.<\/p>\n","protected":false},"excerpt":{"rendered":"<p>A ADUFPB realizar\u00e1 no dia 7 de agosto (quinta-feira), a terceira Assembleia Geral da ADUFPB ser\u00e1 realizada em Jo\u00e3o Pessoa, abrangendo tamb\u00e9m docentes do Litoral Norte (Mamanguape e Rio Tinto). A reuni\u00e3o acontecer\u00e1 a partir das 9h, no Centro de Viv\u00eancia da UFPB, no Campus I. Durante a \u00faltima semana, teve in\u00edcio a rodada de&hellip;<\/p>\n","protected":false},"author":8,"featured_media":34702,"comment_status":"closed","ping_status":"closed","sticky":false,"template":"","format":"standard","meta":{"footnotes":""},"categories":[3,4,15],"tags":[],"class_list":["post-34701","post","type-post","status-publish","format-standard","has-post-thumbnail","hentry","category-adufpb","category-comunicacao","category-noticias","category-3","category-4","category-15","description-off"],"_links":{"self":[{"href":"https:\/\/www.adufpb.org.br\/site\/wp-json\/wp\/v2\/posts\/34701","targetHints":{"allow":["GET"]}}],"collection":[{"href":"https:\/\/www.adufpb.org.br\/site\/wp-json\/wp\/v2\/posts"}],"about":[{"href":"https:\/\/www.adufpb.org.br\/site\/wp-json\/wp\/v2\/types\/post"}],"author":[{"embeddable":true,"href":"https:\/\/www.adufpb.org.br\/site\/wp-json\/wp\/v2\/users\/8"}],"replies":[{"embeddable":true,"href":"https:\/\/www.adufpb.org.br\/site\/wp-json\/wp\/v2\/comments?post=34701"}],"version-history":[{"count":2,"href":"https:\/\/www.adufpb.org.br\/site\/wp-json\/wp\/v2\/posts\/34701\/revisions"}],"predecessor-version":[{"id":34704,"href":"https:\/\/www.adufpb.org.br\/site\/wp-json\/wp\/v2\/posts\/34701\/revisions\/34704"}],"wp:featuredmedia":[{"embeddable":true,"href":"https:\/\/www.adufpb.org.br\/site\/wp-json\/wp\/v2\/media\/34702"}],"wp:attachment":[{"href":"https:\/\/www.adufpb.org.br\/site\/wp-json\/wp\/v2\/media?parent=34701"}],"wp:term":[{"taxonomy":"category","embeddable":true,"href":"https:\/\/www.adufpb.org.br\/site\/wp-json\/wp\/v2\/categories?post=34701"},{"taxonomy":"post_tag","embeddable":true,"href":"https:\/\/www.adufpb.org.br\/site\/wp-json\/wp\/v2\/tags?post=34701"}],"curies":[{"name":"wp","href":"https:\/\/api.w.org\/{rel}","templated":true}]}}