{"id":34606,"date":"2025-07-17T12:12:43","date_gmt":"2025-07-17T15:12:43","guid":{"rendered":"https:\/\/www.adufpb.org.br\/site\/?p=34606"},"modified":"2025-07-17T12:13:32","modified_gmt":"2025-07-17T15:13:32","slug":"nota-de-pesar-pela-morte-de-estudantes-em-viagem-ao-congresso-da-une","status":"publish","type":"post","link":"https:\/\/www.adufpb.org.br\/site\/nota-de-pesar-pela-morte-de-estudantes-em-viagem-ao-congresso-da-une\/","title":{"rendered":"NOTA DE PESAR pelas v\u00edtimas de acidente em viagem ao Congresso da UNE"},"content":{"rendered":"<p class=\"selectable-text copyable-text x15bjb6t x1n2onr6\" dir=\"ltr\"><span class=\"selectable-text copyable-text xkrh14z\"><img loading=\"lazy\" decoding=\"async\" class=\"aligncenter wp-image-34609\" src=\"https:\/\/www.adufpb.org.br\/site\/wp-content\/uploads\/2025\/07\/Pesar_web-1024x768.jpg\" alt=\"\" width=\"600\" height=\"450\" srcset=\"https:\/\/www.adufpb.org.br\/site\/wp-content\/uploads\/2025\/07\/Pesar_web-1024x768.jpg 1024w, https:\/\/www.adufpb.org.br\/site\/wp-content\/uploads\/2025\/07\/Pesar_web-300x225.jpg 300w, https:\/\/www.adufpb.org.br\/site\/wp-content\/uploads\/2025\/07\/Pesar_web-768x576.jpg 768w, https:\/\/www.adufpb.org.br\/site\/wp-content\/uploads\/2025\/07\/Pesar_web-1536x1152.jpg 1536w, https:\/\/www.adufpb.org.br\/site\/wp-content\/uploads\/2025\/07\/Pesar_web-250x188.jpg 250w, https:\/\/www.adufpb.org.br\/site\/wp-content\/uploads\/2025\/07\/Pesar_web.jpg 2000w\" sizes=\"auto, (max-width: 600px) 100vw, 600px\" \/><\/span><\/p>\n<p class=\"selectable-text copyable-text x15bjb6t x1n2onr6\" dir=\"ltr\"><span class=\"selectable-text copyable-text xkrh14z\">Todos que fazem a ADUFPB v\u00eam a p\u00fablico manifestar profundo pesar pela morte de cinco pessoas que viajavam para participar do Congresso da Uni\u00e3o Nacional dos Estudantes (UNE) em Goi\u00e2nia, na madrugada da quarta-feira (16). O acidente ocorreu na BR-153, em Goi\u00e1s, envolvendo um caminh\u00e3o de grande porte e um micro-\u00f4nibus.<\/span><\/p>\n<p class=\"selectable-text copyable-text x15bjb6t x1n2onr6\" dir=\"ltr\"><span class=\"selectable-text copyable-text xkrh14z\">O acidente fatal vitimou tr\u00eas estudantes da Universidade Federal do Par\u00e1 (UFPA) al\u00e9m dos condutores da carreta e do micro-\u00f4nibus. Neste momento de dor pelas perdas irrepar\u00e1veis, queremos externar aos familiares, aos amigos e aos colegas das v\u00edtimas, assim como \u00e0 comunidade da Universidade Federal do Par\u00e1 e da UNE, nossas condol\u00eancias.<\/span><\/p>\n<p style=\"text-align: center;\">Jo\u00e3o Pessoa, 17 de julho de 2025.<\/p>\n<p style=\"text-align: center;\"><strong>DIRETORIA EXECUTIVA e<\/strong><\/p>\n<p style=\"text-align: center;\"><strong>FUNCION\u00c1RIOS DA ADUFPB<\/strong><\/p>\n<p>&nbsp;<\/p>\n","protected":false},"excerpt":{"rendered":"<p>Todos que fazem a ADUFPB v\u00eam a p\u00fablico manifestar profundo pesar pela morte de cinco pessoas que viajavam para participar do Congresso da Uni\u00e3o Nacional dos Estudantes (UNE) em Goi\u00e2nia, na madrugada da quarta-feira (16). O acidente ocorreu na BR-153, em Goi\u00e1s, envolvendo um caminh\u00e3o de grande porte e um micro-\u00f4nibus. O acidente fatal vitimou&hellip;<\/p>\n","protected":false},"author":8,"featured_media":34609,"comment_status":"closed","ping_status":"closed","sticky":false,"template":"","format":"standard","meta":{"footnotes":""},"categories":[1,1405,4,15],"tags":[],"class_list":["post-34606","post","type-post","status-publish","format-standard","has-post-thumbnail","hentry","category-agenda","category-chamada-principal","category-comunicacao","category-noticias","category-1","category-1405","category-4","category-15","description-off"],"_links":{"self":[{"href":"https:\/\/www.adufpb.org.br\/site\/wp-json\/wp\/v2\/posts\/34606","targetHints":{"allow":["GET"]}}],"collection":[{"href":"https:\/\/www.adufpb.org.br\/site\/wp-json\/wp\/v2\/posts"}],"about":[{"href":"https:\/\/www.adufpb.org.br\/site\/wp-json\/wp\/v2\/types\/post"}],"author":[{"embeddable":true,"href":"https:\/\/www.adufpb.org.br\/site\/wp-json\/wp\/v2\/users\/8"}],"replies":[{"embeddable":true,"href":"https:\/\/www.adufpb.org.br\/site\/wp-json\/wp\/v2\/comments?post=34606"}],"version-history":[{"count":4,"href":"https:\/\/www.adufpb.org.br\/site\/wp-json\/wp\/v2\/posts\/34606\/revisions"}],"predecessor-version":[{"id":34612,"href":"https:\/\/www.adufpb.org.br\/site\/wp-json\/wp\/v2\/posts\/34606\/revisions\/34612"}],"wp:featuredmedia":[{"embeddable":true,"href":"https:\/\/www.adufpb.org.br\/site\/wp-json\/wp\/v2\/media\/34609"}],"wp:attachment":[{"href":"https:\/\/www.adufpb.org.br\/site\/wp-json\/wp\/v2\/media?parent=34606"}],"wp:term":[{"taxonomy":"category","embeddable":true,"href":"https:\/\/www.adufpb.org.br\/site\/wp-json\/wp\/v2\/categories?post=34606"},{"taxonomy":"post_tag","embeddable":true,"href":"https:\/\/www.adufpb.org.br\/site\/wp-json\/wp\/v2\/tags?post=34606"}],"curies":[{"name":"wp","href":"https:\/\/api.w.org\/{rel}","templated":true}]}}