{"id":34203,"date":"2025-05-13T12:17:29","date_gmt":"2025-05-13T15:17:29","guid":{"rendered":"https:\/\/www.adufpb.org.br\/site\/?p=34203"},"modified":"2025-05-13T12:17:29","modified_gmt":"2025-05-13T15:17:29","slug":"eleicoes-andes-sn-2025-chapa-1-vence-disputa-pela-direcao-do-sindicato-nacional","status":"publish","type":"post","link":"https:\/\/www.adufpb.org.br\/site\/eleicoes-andes-sn-2025-chapa-1-vence-disputa-pela-direcao-do-sindicato-nacional\/","title":{"rendered":"Elei\u00e7\u00f5es ANDES-SN 2025: Chapa 1 vence disputa pela dire\u00e7\u00e3o do Sindicato Nacional"},"content":{"rendered":"<div class=\"col-12 text-center\"><\/div>\n<div id=\"noticia-descricao\" class=\"col-12 col-md-06 mt-3 mx-100\">\n<p>A Comiss\u00e3o Eleitoral Central (CEC) promulgou, na segunda-feira (12), o resultado oficial das elei\u00e7\u00f5es para a dire\u00e7\u00e3o do ANDES-SN, bi\u00eanio 2025\/2027. Do total de 14.798 votantes, a <strong>Chapa 1 &#8211; \u201cANDES pela base: diversidade e lutas\u201d<\/strong>\u00a0venceu as elei\u00e7\u00f5es com 6.453 votos.<\/p>\n<p><img loading=\"lazy\" decoding=\"async\" src=\"http:\/\/www.andes.org.br\/diretorios\/images\/Luciano\/2025\/MAI25\/final_quadro_votos_.png\" alt=\"\" width=\"704\" height=\"354\" \/><\/p>\n<p>A Chapa 4 &#8211; \u201cOposi\u00e7\u00e3o para renovar o ANDES-Sindicato Nacional\u201d ficou em segundo lugar, com 3.575 votos; a Chapa 2 &#8211; \u201cRENOVA ANDES\u201d, obteve 2.390 votos e a Chapa 3 &#8211; \u201cANDES-SN Classista e de Luta\u201d, 2.015 votos. Foram registrados ainda 145 votos em branco e 220 nulos.<\/p>\n<p>A posse da nova diretoria ocorrer\u00e1 na plen\u00e1ria de Abertura do 68\u00ba Conad, que ser\u00e1 realizado em Manaus (AM), de 11 a 13 de julho.<\/p>\n<p><em>Fonte: Andes-SN<\/em><\/p>\n<\/div>\n","protected":false},"excerpt":{"rendered":"<p>A Comiss\u00e3o Eleitoral Central (CEC) promulgou, na segunda-feira (12), o resultado oficial das elei\u00e7\u00f5es para a dire\u00e7\u00e3o do ANDES-SN, bi\u00eanio 2025\/2027. Do total de 14.798 votantes, a Chapa 1 &#8211; \u201cANDES pela base: diversidade e lutas\u201d\u00a0venceu as elei\u00e7\u00f5es com 6.453 votos. A Chapa 4 &#8211; \u201cOposi\u00e7\u00e3o para renovar o ANDES-Sindicato Nacional\u201d ficou em segundo lugar,&hellip;<\/p>\n","protected":false},"author":3,"featured_media":34064,"comment_status":"closed","ping_status":"closed","sticky":false,"template":"","format":"standard","meta":{"footnotes":""},"categories":[417],"tags":[92,1092,227,1627],"class_list":["post-34203","post","type-post","status-publish","format-standard","has-post-thumbnail","hentry","category-noticias-destaque","tag-andes","tag-eleicao","tag-eleicao-do-andes","tag-resultado","category-417","description-off"],"_links":{"self":[{"href":"https:\/\/www.adufpb.org.br\/site\/wp-json\/wp\/v2\/posts\/34203","targetHints":{"allow":["GET"]}}],"collection":[{"href":"https:\/\/www.adufpb.org.br\/site\/wp-json\/wp\/v2\/posts"}],"about":[{"href":"https:\/\/www.adufpb.org.br\/site\/wp-json\/wp\/v2\/types\/post"}],"author":[{"embeddable":true,"href":"https:\/\/www.adufpb.org.br\/site\/wp-json\/wp\/v2\/users\/3"}],"replies":[{"embeddable":true,"href":"https:\/\/www.adufpb.org.br\/site\/wp-json\/wp\/v2\/comments?post=34203"}],"version-history":[{"count":1,"href":"https:\/\/www.adufpb.org.br\/site\/wp-json\/wp\/v2\/posts\/34203\/revisions"}],"predecessor-version":[{"id":34204,"href":"https:\/\/www.adufpb.org.br\/site\/wp-json\/wp\/v2\/posts\/34203\/revisions\/34204"}],"wp:featuredmedia":[{"embeddable":true,"href":"https:\/\/www.adufpb.org.br\/site\/wp-json\/wp\/v2\/media\/34064"}],"wp:attachment":[{"href":"https:\/\/www.adufpb.org.br\/site\/wp-json\/wp\/v2\/media?parent=34203"}],"wp:term":[{"taxonomy":"category","embeddable":true,"href":"https:\/\/www.adufpb.org.br\/site\/wp-json\/wp\/v2\/categories?post=34203"},{"taxonomy":"post_tag","embeddable":true,"href":"https:\/\/www.adufpb.org.br\/site\/wp-json\/wp\/v2\/tags?post=34203"}],"curies":[{"name":"wp","href":"https:\/\/api.w.org\/{rel}","templated":true}]}}