{"id":34095,"date":"2025-04-25T11:20:06","date_gmt":"2025-04-25T14:20:06","guid":{"rendered":"https:\/\/www.adufpb.org.br\/site\/?p=34095"},"modified":"2025-04-30T13:55:21","modified_gmt":"2025-04-30T16:55:21","slug":"adufpb-esta-presente-no-iv-seminario-integrado-do-gtpcegds-do-andes-sn-em-sao-paulo","status":"publish","type":"post","link":"https:\/\/www.adufpb.org.br\/site\/adufpb-esta-presente-no-iv-seminario-integrado-do-gtpcegds-do-andes-sn-em-sao-paulo\/","title":{"rendered":"ADUFPB est\u00e1 presente no IV Semin\u00e1rio Integrado do GTPCEGDS do Andes-SN, em S\u00e3o Paulo"},"content":{"rendered":"<p>As professoras da Universidade Federal da Para\u00edba (UFPB), Elisangela In\u00e1cio (diretora de Comunica\u00e7\u00e3o da ADUFPB e coordenadora do GTPCEGDS) e Maria da Concei\u00e7\u00e3o F\u00e9lix (docente do curso de Servi\u00e7o Social, integrante do NEABI\/UFPB e participante do GTPCEGDS da ADUFPB), est\u00e3o participando do IV Semin\u00e1rio Integrado do Grupo de Trabalho de Pol\u00edtica de Classe para as Quest\u00f5es \u00c9tnico-Raciais, de G\u00eanero e Diversidade Sexual (GTPCEGDS) do ANDES-SN, que ocorre no per\u00edodo de 24 a 27 de abril na Universidade de S\u00e3o Paulo (USP-SP).<\/p>\n<p>O Semin\u00e1rio tem por objetivo reunir lideran\u00e7as das se\u00e7\u00f5es sindicais e docentes dos Institutos e Universidades federais para discutir sobre pol\u00edticas de classe, etnia, g\u00eanero e diversidade sexual; fortalecer as a\u00e7\u00f5es afirmativas; desenvolver novas iniciativas e de enfrentamento ao ass\u00e9dio moral e sexual, e a\u00e7\u00f5es de combate ao racismo, ao machismo e a misoginia, a LGBTFOBIA e qualquer forma de discrimina\u00e7\u00e3o e viol\u00eancia.<\/p>\n<p>O IV Semin\u00e1rio Integrado inclui tamb\u00e9m o VI Semin\u00e1rio Nacional de Mulheres; o V Semin\u00e1rio Nacional de Diversidade Sexual e o VI Semin\u00e1rio Nacional de Repara\u00e7\u00e3o e A\u00e7\u00f5es Afirmativas do ANDES-SN.<\/p>\n<p>&nbsp;<\/p>\n<p><a class=\"dt-pswp-item\" href=\"https:\/\/www.adufpb.org.br\/site\/wp-content\/uploads\/2025\/04\/2025.04.24-27-reuniao-GT-diversidade-andes.jpeg\" data-dt-img-description=\"\" data-large_image_width=\"828\" data-large_image_height=\"1472\"><img loading=\"lazy\" decoding=\"async\" class=\"aligncenter size-large wp-image-34097\" src=\"https:\/\/www.adufpb.org.br\/site\/wp-content\/uploads\/2025\/04\/2025.04.24-27-reuniao-GT-diversidade-andes-576x1024.jpeg\" alt=\"\" width=\"576\" height=\"1024\" srcset=\"https:\/\/www.adufpb.org.br\/site\/wp-content\/uploads\/2025\/04\/2025.04.24-27-reuniao-GT-diversidade-andes-576x1024.jpeg 576w, https:\/\/www.adufpb.org.br\/site\/wp-content\/uploads\/2025\/04\/2025.04.24-27-reuniao-GT-diversidade-andes-169x300.jpeg 169w, https:\/\/www.adufpb.org.br\/site\/wp-content\/uploads\/2025\/04\/2025.04.24-27-reuniao-GT-diversidade-andes-768x1365.jpeg 768w, https:\/\/www.adufpb.org.br\/site\/wp-content\/uploads\/2025\/04\/2025.04.24-27-reuniao-GT-diversidade-andes-250x444.jpeg 250w, https:\/\/www.adufpb.org.br\/site\/wp-content\/uploads\/2025\/04\/2025.04.24-27-reuniao-GT-diversidade-andes.jpeg 828w\" sizes=\"auto, (max-width: 576px) 100vw, 576px\" \/><\/a><\/p>\n<p>&nbsp;<\/p>\n<p><a class=\"dt-pswp-item\" href=\"https:\/\/www.adufpb.org.br\/site\/wp-content\/uploads\/2025\/04\/2025.04.24-27-reuniao-GT-diversidade-andes-2.jpeg\" data-dt-img-description=\"\" data-large_image_width=\"808\" data-large_image_height=\"600\"><img loading=\"lazy\" decoding=\"async\" class=\"aligncenter size-full wp-image-34096\" src=\"https:\/\/www.adufpb.org.br\/site\/wp-content\/uploads\/2025\/04\/2025.04.24-27-reuniao-GT-diversidade-andes-2.jpeg\" alt=\"\" width=\"808\" height=\"600\" srcset=\"https:\/\/www.adufpb.org.br\/site\/wp-content\/uploads\/2025\/04\/2025.04.24-27-reuniao-GT-diversidade-andes-2.jpeg 808w, https:\/\/www.adufpb.org.br\/site\/wp-content\/uploads\/2025\/04\/2025.04.24-27-reuniao-GT-diversidade-andes-2-300x223.jpeg 300w, https:\/\/www.adufpb.org.br\/site\/wp-content\/uploads\/2025\/04\/2025.04.24-27-reuniao-GT-diversidade-andes-2-768x570.jpeg 768w, https:\/\/www.adufpb.org.br\/site\/wp-content\/uploads\/2025\/04\/2025.04.24-27-reuniao-GT-diversidade-andes-2-250x186.jpeg 250w\" sizes=\"auto, (max-width: 808px) 100vw, 808px\" \/><\/a><\/p>\n","protected":false},"excerpt":{"rendered":"<p>As professoras da Universidade Federal da Para\u00edba (UFPB), Elisangela In\u00e1cio (diretora de Comunica\u00e7\u00e3o da ADUFPB e coordenadora do GTPCEGDS) e Maria da Concei\u00e7\u00e3o F\u00e9lix (docente do curso de Servi\u00e7o Social, integrante do NEABI\/UFPB e participante do GTPCEGDS da ADUFPB), est\u00e3o participando do IV Semin\u00e1rio Integrado do Grupo de Trabalho de Pol\u00edtica de Classe para as&hellip;<\/p>\n","protected":false},"author":3,"featured_media":34096,"comment_status":"closed","ping_status":"closed","sticky":false,"template":"","format":"standard","meta":{"footnotes":""},"categories":[15,417],"tags":[854,865,722,1777,40],"class_list":["post-34095","post","type-post","status-publish","format-standard","has-post-thumbnail","hentry","category-noticias","category-noticias-destaque","tag-diversidade","tag-genero","tag-gtpcegds","tag-sao-paulo","tag-seminario","category-15","category-417","description-off"],"_links":{"self":[{"href":"https:\/\/www.adufpb.org.br\/site\/wp-json\/wp\/v2\/posts\/34095","targetHints":{"allow":["GET"]}}],"collection":[{"href":"https:\/\/www.adufpb.org.br\/site\/wp-json\/wp\/v2\/posts"}],"about":[{"href":"https:\/\/www.adufpb.org.br\/site\/wp-json\/wp\/v2\/types\/post"}],"author":[{"embeddable":true,"href":"https:\/\/www.adufpb.org.br\/site\/wp-json\/wp\/v2\/users\/3"}],"replies":[{"embeddable":true,"href":"https:\/\/www.adufpb.org.br\/site\/wp-json\/wp\/v2\/comments?post=34095"}],"version-history":[{"count":2,"href":"https:\/\/www.adufpb.org.br\/site\/wp-json\/wp\/v2\/posts\/34095\/revisions"}],"predecessor-version":[{"id":34107,"href":"https:\/\/www.adufpb.org.br\/site\/wp-json\/wp\/v2\/posts\/34095\/revisions\/34107"}],"wp:featuredmedia":[{"embeddable":true,"href":"https:\/\/www.adufpb.org.br\/site\/wp-json\/wp\/v2\/media\/34096"}],"wp:attachment":[{"href":"https:\/\/www.adufpb.org.br\/site\/wp-json\/wp\/v2\/media?parent=34095"}],"wp:term":[{"taxonomy":"category","embeddable":true,"href":"https:\/\/www.adufpb.org.br\/site\/wp-json\/wp\/v2\/categories?post=34095"},{"taxonomy":"post_tag","embeddable":true,"href":"https:\/\/www.adufpb.org.br\/site\/wp-json\/wp\/v2\/tags?post=34095"}],"curies":[{"name":"wp","href":"https:\/\/api.w.org\/{rel}","templated":true}]}}