{"id":34092,"date":"2025-04-23T21:49:37","date_gmt":"2025-04-24T00:49:37","guid":{"rendered":"https:\/\/www.adufpb.org.br\/site\/?p=34092"},"modified":"2025-04-30T13:32:24","modified_gmt":"2025-04-30T16:32:24","slug":"adufpb-apoia-evento-sobre-saude-da-pessoa-idosa-nesta-quinta-feira-24","status":"publish","type":"post","link":"https:\/\/www.adufpb.org.br\/site\/adufpb-apoia-evento-sobre-saude-da-pessoa-idosa-nesta-quinta-feira-24\/","title":{"rendered":"ADUFPB apoia evento sobre sa\u00fade da pessoa idosa nesta quinta-feira (24)"},"content":{"rendered":"<p class=\"\" data-start=\"72\" data-end=\"388\"><a class=\"dt-pswp-item\" href=\"https:\/\/www.adufpb.org.br\/site\/wp-content\/uploads\/2025\/04\/2025.04.24-evento-movimento-da-pessoa-idosa.jpeg\" data-dt-img-description=\"\" data-large_image_width=\"1074\" data-large_image_height=\"1080\"><img loading=\"lazy\" decoding=\"async\" class=\"alignright size-medium wp-image-34093\" src=\"https:\/\/www.adufpb.org.br\/site\/wp-content\/uploads\/2025\/04\/2025.04.24-evento-movimento-da-pessoa-idosa-298x300.jpeg\" alt=\"\" width=\"298\" height=\"300\" srcset=\"https:\/\/www.adufpb.org.br\/site\/wp-content\/uploads\/2025\/04\/2025.04.24-evento-movimento-da-pessoa-idosa-298x300.jpeg 298w, https:\/\/www.adufpb.org.br\/site\/wp-content\/uploads\/2025\/04\/2025.04.24-evento-movimento-da-pessoa-idosa-1018x1024.jpeg 1018w, https:\/\/www.adufpb.org.br\/site\/wp-content\/uploads\/2025\/04\/2025.04.24-evento-movimento-da-pessoa-idosa-150x150.jpeg 150w, https:\/\/www.adufpb.org.br\/site\/wp-content\/uploads\/2025\/04\/2025.04.24-evento-movimento-da-pessoa-idosa-768x772.jpeg 768w, https:\/\/www.adufpb.org.br\/site\/wp-content\/uploads\/2025\/04\/2025.04.24-evento-movimento-da-pessoa-idosa-250x251.jpeg 250w, https:\/\/www.adufpb.org.br\/site\/wp-content\/uploads\/2025\/04\/2025.04.24-evento-movimento-da-pessoa-idosa.jpeg 1074w\" sizes=\"auto, (max-width: 298px) 100vw, 298px\" \/><\/a>A UFPB sedia, nesta quinta-feira (24), o evento \u201cA Pot\u00eancia do Movimento para a Sa\u00fade da Pessoa Idosa\u201d, voltado \u00e0 promo\u00e7\u00e3o da sa\u00fade e do bem-estar na terceira idade. A atividade acontece das 8h \u00e0s 10h, no Centro de Viv\u00eancia do campus I, em Jo\u00e3o Pessoa.<\/p>\n<p class=\"\" data-start=\"390\" data-end=\"794\">Organizado no \u00e2mbito da disciplina Atividade F\u00edsica para a Terceira Idade, o evento \u00e9 aberto ao p\u00fablico e contar\u00e1 com uma programa\u00e7\u00e3o voltada \u00e0 valoriza\u00e7\u00e3o do movimento como fator fundamental para a qualidade de vida de pessoas idosas.<\/p>\n<p class=\"\" data-start=\"796\" data-end=\"1024\">A iniciativa tem apoio da ADUFPB e busca tamb\u00e9m fortalecer o v\u00ednculo entre universidade e comunidade, promovendo um espa\u00e7o de troca de experi\u00eancias e incentivo \u00e0 ado\u00e7\u00e3o de h\u00e1bitos saud\u00e1veis.<\/p>\n<p data-start=\"796\" data-end=\"1024\"><em>Fonte: Ascom ADUFPB<\/em><\/p>\n","protected":false},"excerpt":{"rendered":"<p>A UFPB sedia, nesta quinta-feira (24), o evento \u201cA Pot\u00eancia do Movimento para a Sa\u00fade da Pessoa Idosa\u201d, voltado \u00e0 promo\u00e7\u00e3o da sa\u00fade e do bem-estar na terceira idade. A atividade acontece das 8h \u00e0s 10h, no Centro de Viv\u00eancia do campus I, em Jo\u00e3o Pessoa. Organizado no \u00e2mbito da disciplina Atividade F\u00edsica para a&hellip;<\/p>\n","protected":false},"author":3,"featured_media":34093,"comment_status":"closed","ping_status":"closed","sticky":false,"template":"","format":"standard","meta":{"footnotes":""},"categories":[15,417],"tags":[27,155],"class_list":["post-34092","post","type-post","status-publish","format-standard","has-post-thumbnail","hentry","category-noticias","category-noticias-destaque","tag-evento","tag-saude","category-15","category-417","description-off"],"_links":{"self":[{"href":"https:\/\/www.adufpb.org.br\/site\/wp-json\/wp\/v2\/posts\/34092","targetHints":{"allow":["GET"]}}],"collection":[{"href":"https:\/\/www.adufpb.org.br\/site\/wp-json\/wp\/v2\/posts"}],"about":[{"href":"https:\/\/www.adufpb.org.br\/site\/wp-json\/wp\/v2\/types\/post"}],"author":[{"embeddable":true,"href":"https:\/\/www.adufpb.org.br\/site\/wp-json\/wp\/v2\/users\/3"}],"replies":[{"embeddable":true,"href":"https:\/\/www.adufpb.org.br\/site\/wp-json\/wp\/v2\/comments?post=34092"}],"version-history":[{"count":1,"href":"https:\/\/www.adufpb.org.br\/site\/wp-json\/wp\/v2\/posts\/34092\/revisions"}],"predecessor-version":[{"id":34094,"href":"https:\/\/www.adufpb.org.br\/site\/wp-json\/wp\/v2\/posts\/34092\/revisions\/34094"}],"wp:featuredmedia":[{"embeddable":true,"href":"https:\/\/www.adufpb.org.br\/site\/wp-json\/wp\/v2\/media\/34093"}],"wp:attachment":[{"href":"https:\/\/www.adufpb.org.br\/site\/wp-json\/wp\/v2\/media?parent=34092"}],"wp:term":[{"taxonomy":"category","embeddable":true,"href":"https:\/\/www.adufpb.org.br\/site\/wp-json\/wp\/v2\/categories?post=34092"},{"taxonomy":"post_tag","embeddable":true,"href":"https:\/\/www.adufpb.org.br\/site\/wp-json\/wp\/v2\/tags?post=34092"}],"curies":[{"name":"wp","href":"https:\/\/api.w.org\/{rel}","templated":true}]}}