{"id":34004,"date":"2025-04-04T17:13:01","date_gmt":"2025-04-04T20:13:01","guid":{"rendered":"https:\/\/www.adufpb.org.br\/site\/?p=34004"},"modified":"2025-04-09T10:57:17","modified_gmt":"2025-04-09T13:57:17","slug":"adufpb-participa-de-audiencia-publica-da-comissao-dos-direitos-da-mulher-da-alpb-sobre-violencia-obstetrica","status":"publish","type":"post","link":"https:\/\/www.adufpb.org.br\/site\/adufpb-participa-de-audiencia-publica-da-comissao-dos-direitos-da-mulher-da-alpb-sobre-violencia-obstetrica\/","title":{"rendered":"ADUFPB participa de audi\u00eancia p\u00fablica da Comiss\u00e3o dos Direitos da Mulher da ALPB sobre viol\u00eancia obst\u00e9trica"},"content":{"rendered":"<p><a class=\"dt-pswp-item\" href=\"https:\/\/www.adufpb.org.br\/site\/wp-content\/uploads\/2025\/04\/2025.04.03-audiencia-violencia-obstetrica.jpg\" data-dt-img-description=\"\" data-large_image_width=\"1200\" data-large_image_height=\"1200\"><img loading=\"lazy\" decoding=\"async\" class=\"alignright size-medium wp-image-34006\" src=\"https:\/\/www.adufpb.org.br\/site\/wp-content\/uploads\/2025\/04\/2025.04.03-audiencia-violencia-obstetrica-300x300.jpg\" alt=\"\" width=\"300\" height=\"300\" srcset=\"https:\/\/www.adufpb.org.br\/site\/wp-content\/uploads\/2025\/04\/2025.04.03-audiencia-violencia-obstetrica-300x300.jpg 300w, https:\/\/www.adufpb.org.br\/site\/wp-content\/uploads\/2025\/04\/2025.04.03-audiencia-violencia-obstetrica-1024x1024.jpg 1024w, https:\/\/www.adufpb.org.br\/site\/wp-content\/uploads\/2025\/04\/2025.04.03-audiencia-violencia-obstetrica-150x150.jpg 150w, https:\/\/www.adufpb.org.br\/site\/wp-content\/uploads\/2025\/04\/2025.04.03-audiencia-violencia-obstetrica-768x768.jpg 768w, https:\/\/www.adufpb.org.br\/site\/wp-content\/uploads\/2025\/04\/2025.04.03-audiencia-violencia-obstetrica-250x250.jpg 250w, https:\/\/www.adufpb.org.br\/site\/wp-content\/uploads\/2025\/04\/2025.04.03-audiencia-violencia-obstetrica.jpg 1200w\" sizes=\"auto, (max-width: 300px) 100vw, 300px\" \/><\/a>A Comiss\u00e3o dos Direitos da Mulher, da Assembleia Legislativa da Para\u00edba (ALPB) realizou audi\u00eancia p\u00fablica, na quinta-feira (3), proposta pela deputada Cida Ramos, para discutir a viol\u00eancia obst\u00e9trica no estado. O evento aconteceu no plen\u00e1rio \u201cDeputado Jos\u00e9 Mariz\u201d e reuniu agentes p\u00fablicos da \u00e1rea de sa\u00fade, representantes de entidades civis e parentes de v\u00edtimas de viol\u00eancia obst\u00e9trica no Estado. Na solenidade, a ADUFPB foi representada pela vice-presidente da entidade, professora Rita Porto.<\/p>\n<p>Para a deputada Cida Ramos, a viol\u00eancia obst\u00e9trica est\u00e1 relacionada n\u00e3o apenas ao trabalho de profissionais de sa\u00fade, mas tamb\u00e9m a falhas estruturais de cl\u00ednicas, hospitais e do sistema de sa\u00fade como um todo. \u201cOs maus tratos podem incluir viol\u00eancia f\u00edsica ou psicol\u00f3gica, podendo fazer da experi\u00eancia do parto um momento traum\u00e1tico para a mulher ou o beb\u00ea. E o Poder Legislativo tem uma grande responsabilidade nesse processo. Por isso estou incorporando, como deputada, esse papel, para que tenhamos compromisso com as mulheres da Para\u00edba. Para que nenhuma mulher seja morta no parto. A viol\u00eancia obst\u00e9trica, a mortalidade materna, \u00e9 algo inadmiss\u00edvel no s\u00e9culo XXI\u201d, afirmou.<\/p>\n<p><em>Fonte: Assessoria ALPB, com edi\u00e7\u00e3o da ADUFPB<\/em><\/p>\n","protected":false},"excerpt":{"rendered":"<p>A Comiss\u00e3o dos Direitos da Mulher, da Assembleia Legislativa da Para\u00edba (ALPB) realizou audi\u00eancia p\u00fablica, na quinta-feira (3), proposta pela deputada Cida Ramos, para discutir a viol\u00eancia obst\u00e9trica no estado. O evento aconteceu no plen\u00e1rio \u201cDeputado Jos\u00e9 Mariz\u201d e reuniu agentes p\u00fablicos da \u00e1rea de sa\u00fade, representantes de entidades civis e parentes de v\u00edtimas de&hellip;<\/p>\n","protected":false},"author":3,"featured_media":34005,"comment_status":"closed","ping_status":"closed","sticky":false,"template":"","format":"standard","meta":{"footnotes":""},"categories":[1405,15,417],"tags":[1702,816,1769],"class_list":["post-34004","post","type-post","status-publish","format-standard","has-post-thumbnail","hentry","category-chamada-principal","category-noticias","category-noticias-destaque","tag-alpb","tag-assembleia","tag-violencia-obstetrica","category-1405","category-15","category-417","description-off"],"_links":{"self":[{"href":"https:\/\/www.adufpb.org.br\/site\/wp-json\/wp\/v2\/posts\/34004","targetHints":{"allow":["GET"]}}],"collection":[{"href":"https:\/\/www.adufpb.org.br\/site\/wp-json\/wp\/v2\/posts"}],"about":[{"href":"https:\/\/www.adufpb.org.br\/site\/wp-json\/wp\/v2\/types\/post"}],"author":[{"embeddable":true,"href":"https:\/\/www.adufpb.org.br\/site\/wp-json\/wp\/v2\/users\/3"}],"replies":[{"embeddable":true,"href":"https:\/\/www.adufpb.org.br\/site\/wp-json\/wp\/v2\/comments?post=34004"}],"version-history":[{"count":1,"href":"https:\/\/www.adufpb.org.br\/site\/wp-json\/wp\/v2\/posts\/34004\/revisions"}],"predecessor-version":[{"id":34007,"href":"https:\/\/www.adufpb.org.br\/site\/wp-json\/wp\/v2\/posts\/34004\/revisions\/34007"}],"wp:featuredmedia":[{"embeddable":true,"href":"https:\/\/www.adufpb.org.br\/site\/wp-json\/wp\/v2\/media\/34005"}],"wp:attachment":[{"href":"https:\/\/www.adufpb.org.br\/site\/wp-json\/wp\/v2\/media?parent=34004"}],"wp:term":[{"taxonomy":"category","embeddable":true,"href":"https:\/\/www.adufpb.org.br\/site\/wp-json\/wp\/v2\/categories?post=34004"},{"taxonomy":"post_tag","embeddable":true,"href":"https:\/\/www.adufpb.org.br\/site\/wp-json\/wp\/v2\/tags?post=34004"}],"curies":[{"name":"wp","href":"https:\/\/api.w.org\/{rel}","templated":true}]}}