{"id":3378,"date":"2012-06-14T00:19:35","date_gmt":"2012-06-14T04:19:35","guid":{"rendered":"http:\/\/www.adufpb.org.br\/site\/?p=3378"},"modified":"2012-06-14T00:19:35","modified_gmt":"2012-06-14T04:19:35","slug":"governo-se-compromete-a-apresentar-esboco-de-proposta-na-proxima-terca-19","status":"publish","type":"post","link":"https:\/\/www.adufpb.org.br\/site\/governo-se-compromete-a-apresentar-esboco-de-proposta-na-proxima-terca-19\/","title":{"rendered":"Governo se compromete a apresentar esbo\u00e7o de proposta na pr\u00f3xima ter\u00e7a (19)"},"content":{"rendered":"<p><a href=\"http:\/\/www.adufpb.org.br\/site\/wp-content\/uploads\/2012\/06\/reuni\u00e3o-com-MPOG-06.12.jpg\"><img loading=\"lazy\" decoding=\"async\" class=\"alignleft size-medium wp-image-3380\" title=\"reuni\u00e3o com MPOG - 06.12\" src=\"http:\/\/www.adufpb.org.br\/site\/wp-content\/uploads\/2012\/06\/reuni\u00e3o-com-MPOG-06.12-300x200.jpg\" alt=\"\" width=\"300\" height=\"200\" srcset=\"https:\/\/www.adufpb.org.br\/site\/wp-content\/uploads\/2012\/06\/reuni\u00e3o-com-MPOG-06.12-300x200.jpg 300w, https:\/\/www.adufpb.org.br\/site\/wp-content\/uploads\/2012\/06\/reuni\u00e3o-com-MPOG-06.12.jpg 450w\" sizes=\"auto, (max-width: 300px) 100vw, 300px\" \/><\/a>Depois de recuar na proposta de condicionar o avan\u00e7o das negocia\u00e7\u00f5es a uma tr\u00e9gua do movimento grevista, representantes do governo, em reuni\u00e3o realizada nesta ter\u00e7a-feira (12) com as entidades do setor de educa\u00e7\u00e3o, mudaram de posi\u00e7\u00e3o e passaram a aceitar a antecipa\u00e7\u00e3o do prazo para o fechamento de uma proposta. Em uma reuni\u00e3o que durou mais de tr\u00eas horas, o secret\u00e1rio de Rela\u00e7\u00f5es do Trabalho do Minist\u00e9rio do Planejamento (SRT\/MP), S\u00e9rgio Mendon\u00e7a, acordou com o ANDES-SN e com as demais entidades, que na pr\u00f3xima ter\u00e7a-feira (19) haver\u00e1 nova reuni\u00e3o na qual o governo vai apresentar um esbo\u00e7o de um novo plano de carreira. At\u00e9 l\u00e1, a greve dos docentes continua.<\/p>\n<p>\u201cHoje foi um dia vitorioso para o nosso movimento. N\u00e3o s\u00f3 porque realizamos bel\u00edssimas manifesta\u00e7\u00f5es em todo o pa\u00eds, como fizemos o governo mudar a posi\u00e7\u00e3o de que n\u00e3o receberia categorias em greve. Tamb\u00e9m conseguimos que, pela primeira vez, ele aceitasse antecipar o prazo para finalizar as negocia\u00e7\u00f5es. Se antes o limite era 31 de agosto, agora, h\u00e1 uma sinaliza\u00e7\u00e3o de que o processo esteja conclu\u00eddo no come\u00e7o de julho\u201d, avaliou a presidente do ANDES-SN, Marina Barbosa. Durante as mais de tr\u00eas horas de reuni\u00e3o, um grupo de professores da Universidade de Bras\u00edlia (UnB) e do Comando Nacional de Greve (CNG) ficou em frente ao Minist\u00e9rio do Planejamento, como forma de mostrar que a categoria est\u00e1 mobilizada.<\/p>\n<p>&nbsp;<\/p>\n<p><strong><a href=\"http:\/\/www.adufpb.org.br\/site\/wp-content\/uploads\/2012\/06\/reuni\u00e3o-com-MPOG-06.12-3.jpg\"><img loading=\"lazy\" decoding=\"async\" class=\"alignright size-medium wp-image-3381\" title=\"reuni\u00e3o com MPOG - 06.12 - 3\" src=\"http:\/\/www.adufpb.org.br\/site\/wp-content\/uploads\/2012\/06\/reuni\u00e3o-com-MPOG-06.12-3-300x200.jpg\" alt=\"\" width=\"300\" height=\"200\" srcset=\"https:\/\/www.adufpb.org.br\/site\/wp-content\/uploads\/2012\/06\/reuni\u00e3o-com-MPOG-06.12-3-300x200.jpg 300w, https:\/\/www.adufpb.org.br\/site\/wp-content\/uploads\/2012\/06\/reuni\u00e3o-com-MPOG-06.12-3.jpg 450w\" sizes=\"auto, (max-width: 300px) 100vw, 300px\" \/><\/a>Proposta indecente<\/strong><\/p>\n<p>A reuni\u00e3o come\u00e7ou por volta das 18h, com o secret\u00e1rio S\u00e9rgio Mendon\u00e7a afirmando que o governo se dispunha a apresentar uma proposta de re-estrutura\u00e7\u00e3o da carreira docente num prazo de 20 dias, desde que a categoria desse uma tr\u00e9gua e sa\u00edsse da greve. Tamb\u00e9m defenderam o encaminhamento o Secret\u00e1rio de Educa\u00e7\u00e3o Superior do Minist\u00e9rio da Educa\u00e7\u00e3o (Sesu\/MEC), Amaro Lins, e o diretor de Desenvolvimento da Rede Federal de Educa\u00e7\u00e3o Profissional e Tecnol\u00f3gica do MEC (Setec\/MEC), Al\u00e9ssio Barros. Argumentaram que era preciso estabelecer uma rela\u00e7\u00e3o de confian\u00e7a entre o governo e as entidades.<\/p>\n<p>A proposta foi veemente recha\u00e7ada pelas entidades presentes. \u201cEu custo a acreditar no que ouvi. Ontem, na reuni\u00e3o do Comando Nacional de Greve, foi levantada essa possibilidade, mas eu n\u00e3o achei que seria poss\u00edvel. Vim hoje para essa reuni\u00e3o esperando que fosse apresentada uma proposta e que sair\u00edamos daqui para virar a noite estudando o que fosse apresentado \u201d, afirmou a presidente do ANDES-SN, Marina Barbosa.<\/p>\n<p>Ela lembrou que o governo foi avisado in\u00fameras vezes de que a categoria estava insatisfeita. \u201cAgora, n\u00e3o h\u00e1 como negar. Estamos em uma das maiores greve j\u00e1 realizadas no setor, com 55 institui\u00e7\u00f5es paradas, sendo 50 universidades\u201d, afirmou.<\/p>\n<p>Marina argumentou que o governo n\u00e3o podia esperar que a categoria aceitasse dar a tr\u00e9gua, pois h\u00e1 muito tempo que os docentes v\u00eam dando prazos, continuamente descumpridos pelo Minist\u00e9rio do Planejamento.<\/p>\n<p><a href=\"http:\/\/www.adufpb.org.br\/site\/wp-content\/uploads\/2012\/06\/reuni\u00e3o-com-MPOG-06.12-2.jpg\"><img loading=\"lazy\" decoding=\"async\" class=\"alignleft size-medium wp-image-3379\" title=\"reuni\u00e3o com MPOG - 06.12 - 2\" src=\"http:\/\/www.adufpb.org.br\/site\/wp-content\/uploads\/2012\/06\/reuni\u00e3o-com-MPOG-06.12-2-300x200.jpg\" alt=\"\" width=\"300\" height=\"200\" srcset=\"https:\/\/www.adufpb.org.br\/site\/wp-content\/uploads\/2012\/06\/reuni\u00e3o-com-MPOG-06.12-2-300x200.jpg 300w, https:\/\/www.adufpb.org.br\/site\/wp-content\/uploads\/2012\/06\/reuni\u00e3o-com-MPOG-06.12-2.jpg 450w\" sizes=\"auto, (max-width: 300px) 100vw, 300px\" \/><\/a>O 1\u00ba vice-presidente do ANDES-SN, Luiz Henrique Schuch, afirmou que a greve \u00e9 fruto da compreens\u00e3o da categoria de que h\u00e1 uma desvaloriza\u00e7\u00e3o do magist\u00e9rio. \u201cHoje temos uma carreira totalmente desestruturada\u201d, afirmou.<\/p>\n<p>O diretor do Sinasefe, David Lob\u00e3o, criticou o fato de o governo condicionar o avan\u00e7os das negocia\u00e7\u00f5es \u00e0 volta ao trabalho dos grevistas e argumentou que a greve, ao contr\u00e1rio do que diz o governo, pode levar a negocia\u00e7\u00f5es mais r\u00e1pidas, j\u00e1 que a categoria estar\u00e1 em estado de mobiliza\u00e7\u00e3o permanente. Os dirigentes do Proifes lamentaram o fato de o governo ter desmarcado a reuni\u00e3o no dia 28 de maio e informaram que a categoria tem decidido, em plebiscitos, pela greve.<\/p>\n<p>&nbsp;<\/p>\n<p><strong>Tr\u00e9gua<\/strong><\/p>\n<p>Depois das falas das entidades, os representantes do governo pediram um intervalo e voltaram com a proposta de realiza\u00e7\u00e3o de uma reuni\u00e3o na pr\u00f3xima ter\u00e7a-feira (19), em que ser\u00e1 debatido um esbo\u00e7o de um novo plano de carreira. Disseram, tamb\u00e9m, que a proposta vai partir do que foi discutido na reuni\u00e3o do dia 15 de maio e que poder\u00e1 ser utilizado como par\u00e2metro o plano de carreira do pessoal do Minist\u00e9rio da Ci\u00eancia e Tecnologia (MCT). S\u00e9rgio Mendon\u00e7a n\u00e3o quis se comprometer se o piso e o teto ser\u00e3o o mesmo do servidores do MCT.<\/p>\n<p>Os representantes do governo insistiram que as categorias dessem uma tr\u00e9gua e voltassem ao trabalho. Os dirigentes do ANDES-SN foram enf\u00e1ticos ao afirmar que n\u00e3o havia como a categoria recuar. \u201cS\u00f3 podemos dar qualquer posi\u00e7\u00e3o quando conhecermos a proposta do governo. At\u00e9 porque a nossa carreira tem especificidades que n\u00e3o foram contempladas pelo governo\u201d, adiantou Marina Barbosa.<\/p>\n<p>O 1\u00ba vice-presidente da Regional Nordeste II do ANDES-SN, Josevaldo Cunha, perguntou aos representantes governistas se eles poderiam adiantar o teor da proposta. \u201cQueremos saber se haver\u00e1 uma preocupa\u00e7\u00e3o de se fazer uma discuss\u00e3o da estrutura conceitual, para depois se chegar ao impacto or\u00e7ament\u00e1rio. Ou se o governo colocar\u00e1 um limite financeiro, que \u00e9 conjuntural, a sobrepor a organiza\u00e7\u00e3o do plano de carreira\u201d, questionou. S\u00e9rgio Mendon\u00e7a respondeu, apenas, que a proposta levar\u00e1 em considera\u00e7\u00e3o toda a discuss\u00e3o realizada no GT Carreira.<\/p>\n<p>Para o ANDES-SN, a reuni\u00e3o desta ter\u00e7a-feira marcou o in\u00edcio efetivo das negocia\u00e7\u00f5es. \u201cEntendemos que conclu\u00edmos as discuss\u00f5es do GT. Podemos n\u00e3o ter chegado a um denominador comum, mas agora todas as nossas diverg\u00eancias e pontos convergentes ficaram claros. Vamos, ent\u00e3o, partir para outro patamar de discuss\u00e3o, no qual o governo precisa objetivar suas propostas, que ser\u00e3o analisadas pelo movimento\u201d, afirmou Marina Barbosa.<\/p>\n<p>&nbsp;<\/p>\n<p><em>Fonte: ANDES-SN<\/em><\/p>\n","protected":false},"excerpt":{"rendered":"<p>Depois de recuar na proposta de condicionar o avan\u00e7o das negocia\u00e7\u00f5es a uma tr\u00e9gua do movimento grevista, representantes do governo, em reuni\u00e3o realizada nesta ter\u00e7a-feira (12) com as entidades do setor de educa\u00e7\u00e3o, mudaram de posi\u00e7\u00e3o e passaram a aceitar a antecipa\u00e7\u00e3o do prazo para o fechamento de uma proposta. Em uma reuni\u00e3o que durou&hellip;<\/p>\n","protected":false},"author":3,"featured_media":0,"comment_status":"open","ping_status":"open","sticky":false,"template":"","format":"standard","meta":{"footnotes":""},"categories":[15],"tags":[132],"class_list":["post-3378","post","type-post","status-publish","format-standard","hentry","category-noticias","tag-greve","category-15","description-off"],"_links":{"self":[{"href":"https:\/\/www.adufpb.org.br\/site\/wp-json\/wp\/v2\/posts\/3378","targetHints":{"allow":["GET"]}}],"collection":[{"href":"https:\/\/www.adufpb.org.br\/site\/wp-json\/wp\/v2\/posts"}],"about":[{"href":"https:\/\/www.adufpb.org.br\/site\/wp-json\/wp\/v2\/types\/post"}],"author":[{"embeddable":true,"href":"https:\/\/www.adufpb.org.br\/site\/wp-json\/wp\/v2\/users\/3"}],"replies":[{"embeddable":true,"href":"https:\/\/www.adufpb.org.br\/site\/wp-json\/wp\/v2\/comments?post=3378"}],"version-history":[{"count":1,"href":"https:\/\/www.adufpb.org.br\/site\/wp-json\/wp\/v2\/posts\/3378\/revisions"}],"predecessor-version":[{"id":3382,"href":"https:\/\/www.adufpb.org.br\/site\/wp-json\/wp\/v2\/posts\/3378\/revisions\/3382"}],"wp:attachment":[{"href":"https:\/\/www.adufpb.org.br\/site\/wp-json\/wp\/v2\/media?parent=3378"}],"wp:term":[{"taxonomy":"category","embeddable":true,"href":"https:\/\/www.adufpb.org.br\/site\/wp-json\/wp\/v2\/categories?post=3378"},{"taxonomy":"post_tag","embeddable":true,"href":"https:\/\/www.adufpb.org.br\/site\/wp-json\/wp\/v2\/tags?post=3378"}],"curies":[{"name":"wp","href":"https:\/\/api.w.org\/{rel}","templated":true}]}}