{"id":33767,"date":"2025-03-10T14:29:08","date_gmt":"2025-03-10T17:29:08","guid":{"rendered":"https:\/\/www.adufpb.org.br\/site\/?p=33767"},"modified":"2025-03-12T13:45:53","modified_gmt":"2025-03-12T16:45:53","slug":"marco-por-elas-dia-internacional-da-mulher","status":"publish","type":"post","link":"https:\/\/www.adufpb.org.br\/site\/marco-por-elas-dia-internacional-da-mulher\/","title":{"rendered":"Mar\u00e7o Por Elas: Dia Internacional da Mulher!"},"content":{"rendered":"<p style=\"padding-left: 40px;\"><em>ADUFPB Campus I realiza panfletagem e caf\u00e9 da manh\u00e3 nesta ter\u00e7a-feira (11), integra a Audi\u00eancia P\u00fablica sobre a LOA na ALPB e promove palestras nos 4 Campi sobre combate ao ass\u00e9dio!*<\/em><\/p>\n<p><a class=\"dt-pswp-item\" href=\"https:\/\/www.adufpb.org.br\/site\/wp-content\/uploads\/2025\/03\/2025.03.11-cafe-da-manha-dia-da-mulher.jpeg\" data-dt-img-description=\"\" data-large_image_width=\"1081\" data-large_image_height=\"1084\"><img loading=\"lazy\" decoding=\"async\" class=\"alignright size-medium wp-image-33773\" src=\"https:\/\/www.adufpb.org.br\/site\/wp-content\/uploads\/2025\/03\/2025.03.11-cafe-da-manha-dia-da-mulher-300x300.jpeg\" alt=\"\" width=\"300\" height=\"300\" srcset=\"https:\/\/www.adufpb.org.br\/site\/wp-content\/uploads\/2025\/03\/2025.03.11-cafe-da-manha-dia-da-mulher-300x300.jpeg 300w, https:\/\/www.adufpb.org.br\/site\/wp-content\/uploads\/2025\/03\/2025.03.11-cafe-da-manha-dia-da-mulher-1021x1024.jpeg 1021w, https:\/\/www.adufpb.org.br\/site\/wp-content\/uploads\/2025\/03\/2025.03.11-cafe-da-manha-dia-da-mulher-150x150.jpeg 150w, https:\/\/www.adufpb.org.br\/site\/wp-content\/uploads\/2025\/03\/2025.03.11-cafe-da-manha-dia-da-mulher-768x770.jpeg 768w, https:\/\/www.adufpb.org.br\/site\/wp-content\/uploads\/2025\/03\/2025.03.11-cafe-da-manha-dia-da-mulher-250x251.jpeg 250w, https:\/\/www.adufpb.org.br\/site\/wp-content\/uploads\/2025\/03\/2025.03.11-cafe-da-manha-dia-da-mulher.jpeg 1081w\" sizes=\"auto, (max-width: 300px) 100vw, 300px\" \/><\/a>Em celebra\u00e7\u00e3o ao Dia Internacional da Mulher, comemorado no \u00faltimo s\u00e1bado (8), a ADUFPB participou do Ato Festejo Feminista de Carnaval de rua \u201cAinda estamos aqui \u2013 Vivas e festejando!\u201d, no centro da cidade, junto a outras lideran\u00e7as e os movimentos de mulheres da Para\u00edba.<\/p>\n<p>O sindicato apresenta, ainda, para o m\u00eas de mar\u00e7o, uma s\u00e9rie de atividades, com mesas de debates nos quatro campi da Universidade Federal da Para\u00edba e caf\u00e9 da manh\u00e3.<\/p>\n<p>Nesta ter\u00e7a-feira (11), \u00e0s 7:00 horas est\u00e1 inclu\u00edda uma mobiliza\u00e7\u00e3o docente em torno da aprova\u00e7\u00e3o da Lei Or\u00e7ament\u00e1ria Anual (LOA) no Congresso Nacional. A ADUFPB far\u00e1 uma panfletagem nos port\u00f5es de acesso ao campus I, para informar a comunidade universit\u00e1ria sobre o atraso na aprecia\u00e7\u00e3o da LOA, que impacta a recomposi\u00e7\u00e3o or\u00e7ament\u00e1ria das universidades, o financiamento das pesquisas, as bolsas de ensino, pesquisa e extens\u00e3o e a libera\u00e7\u00e3o do reajuste dos(as) professores(as).<\/p>\n<p>Ap\u00f3s a panfletagem, ser\u00e1 servido um caf\u00e9 da manh\u00e3 especial em homenagem \u00e0s mulheres na sede do sindicato, localizada no Centro de Viv\u00eancia do campus I, em Jo\u00e3o Pessoa, a partir das 9h.<br \/>\nNo campus Areia, o caf\u00e9 da manh\u00e3 ser\u00e1 no dia 12 (quarta feira); e em Bananeiras ser\u00e1 dia 13 (quinta feira).<\/p>\n<p>\u00c0 tarde (11\/3), \u00e0s 14:00, a ADUFPB participar\u00e1 da Audi\u00eancia P\u00fablica sobre a LOA, na Assembleia Legislativa (ALPB) e convida a comunidade acad\u00eamica para esta atividade.<\/p>\n<p>Ainda dentro da programa\u00e7\u00e3o do Dia Internacional da Mulher, haver\u00e1 uma s\u00e9rie de palestras para discutir e sensibilizar a todos\/ todas e todes sobre a quest\u00e3o do ass\u00e9dio contra as mulheres na pol\u00edtica e nas Universidades P\u00fablicas.<\/p>\n<p>No dia 17 (segunda-feira), o evento ocorrer\u00e1 no campus IV \u2013 Litoral Norte, a partir das 19:00 horas. No dia 18 (ter\u00e7a-feira), \u00e0s 15:00 horas, o debate ser\u00e1 no audit\u00f3rio da Reitoria, com a presen\u00e7a ilustre das Reitoras no campus I \u2013 Jo\u00e3o Pessoa. No dia 20 (quinta-feira), ser\u00e1 a vez de o campus II \u2013 em Areia promover a mesa de debate. J\u00e1 no campus III, em Bananeiras, o debate o ocorrer\u00e1 no dia 27 (quinta feira), \u00e0s 15:00 horas.<\/p>\n<p><span style=\"font-weight: 400;\">Confira a programa\u00e7\u00e3o dos eventos j\u00e1 agendados:<\/span><\/p>\n<p>&#8212;&#8212;&#8212;&#8212;&#8212;&#8212;&#8212;&#8212;&#8212;&#8212;&#8212;&#8212;&#8212;&#8212;&#8212;&#8212;&#8212;&#8212;&#8212;&#8212;<\/p>\n<p><strong>11\/3 (ter\u00e7a-feira) | Campus I &#8211; Jo\u00e3o Pessoa<\/strong><\/p>\n<ul>\n<li><span style=\"font-weight: 400;\">Hor\u00e1rio: 9h<\/span><\/li>\n<li><em><strong>Caf\u00e9 da manh\u00e3 em homenagem \u00e0s mulheres na\u00a0Sede da ADUFPB<\/strong><\/em><\/li>\n<\/ul>\n<p>&#8212;&#8212;&#8212;&#8212;&#8212;&#8212;&#8212;&#8212;&#8212;&#8212;&#8212;&#8212;&#8212;&#8212;&#8212;&#8212;&#8212;&#8212;&#8212;&#8212;<\/p>\n<p><strong>12\/3 (quarta-feira) | Campus II &#8211; Areia<\/strong><\/p>\n<ul>\n<li><span style=\"font-weight: 400;\">Hor\u00e1rio: 8h<\/span><\/li>\n<li><em><strong>Caf\u00e9 da manh\u00e3 em homenagem \u00e0s mulheres na Sede de Areia<\/strong><\/em><\/li>\n<\/ul>\n<p>&#8212;&#8212;&#8212;&#8212;&#8212;&#8212;&#8212;&#8212;&#8212;&#8212;&#8212;&#8212;&#8212;&#8212;&#8212;&#8212;&#8212;&#8212;&#8212;&#8212;<\/p>\n<p><strong>13\/3 (quinta-feira) | campus III &#8211; Bananeiras<\/strong><\/p>\n<ul>\n<li>Hor\u00e1rio: 8h<\/li>\n<li><em><strong>Caf\u00e9 da manh\u00e3 em homenagem \u00e0s mulheres na Sede de Bananeiras<\/strong><\/em><\/li>\n<\/ul>\n<p>&#8212;&#8212;&#8212;&#8212;&#8212;&#8212;&#8212;&#8212;&#8212;&#8212;&#8212;&#8212;&#8212;&#8212;&#8212;&#8212;&#8212;&#8212;&#8212;&#8212;<\/p>\n<p><strong>17\/3 (segunda-feira) | Campus IV &#8211; Litoral Norte<\/strong><\/p>\n<ul>\n<li><span style=\"font-weight: 400;\">Hor\u00e1rio: das 19h \u00e0s 21h<\/span><\/li>\n<li><em><strong>Mesa de Debate: \u201cMulher, Universidade P\u00fablica e Pol\u00edtica: atua\u00e7\u00e3o feminina e o combate ao ass\u00e9dio\u201d<\/strong><\/em>\n<ul>\n<li><strong>Expositoras:<\/strong>\n<ul>\n<li><span style=\"font-weight: 400;\">Prof.\u00aa Dra. Nicole Pontes \u2013 Docente da Universidade Federal Rural de Pernambuco. Presidente da ADUFERPE<\/span><\/li>\n<li><span style=\"font-weight: 400;\">Prof.\u00aa Dra. Maria Aparecida Ramos de Meneses \u2013 Deputada Estadual e Presidente da CPI do Feminic\u00eddio junto a Assembleia Legislativa da Para\u00edba<\/span><\/li>\n<li><span style=\"font-weight: 400;\">Prof.\u00aa Dra. Fernanda Marques de Almeida Holanda \u2013 Vice-Diretora do CCAE\/UFPB<\/span><\/li>\n<\/ul>\n<\/li>\n<li><strong>Mediadora:\u00a0<\/strong>\n<ul>\n<li><span style=\"font-weight: 400;\">Prof.\u00aa Dra. Rita de C\u00e1ssia Cavalcanti Porto \u2013 Vice-Presidente da ADUFPB. Membro do Movimento Mulheres em Resist\u00eancia-MER\/ DUFPB<\/span><\/li>\n<\/ul>\n<\/li>\n<\/ul>\n<\/li>\n<\/ul>\n<p>&#8212;&#8212;&#8212;&#8212;&#8212;&#8212;&#8212;&#8212;&#8212;&#8212;&#8212;&#8212;&#8212;&#8212;&#8212;&#8212;&#8212;&#8212;&#8212;&#8212;<\/p>\n<p><strong>18\/3 (ter\u00e7a-feira) | Campus I \u2013 Jo\u00e3o Pessoa<\/strong><\/p>\n<ul>\n<li><span style=\"font-weight: 400;\">Hor\u00e1rio: 14h<\/span><\/li>\n<li><em><strong>Mesa solene de abertura:<\/strong><\/em>\n<ul>\n<li style=\"list-style-type: none;\">\n<ul>\n<li><span style=\"font-weight: 400;\">Reitora da UFPB \u2013 prof. Dra. Terezinha Domiciano;\u00a0<\/span><\/li>\n<li><span style=\"font-weight: 400;\">Presidente da ADUFPB \u2013 Prof. Edson Franco;\u00a0<\/span><\/li>\n<li><span style=\"font-weight: 400;\">Representante feminina do DCE (a ser indicada pelo DCE);<\/span><\/li>\n<li><span style=\"font-weight: 400;\">Representante feminina do SINTESP (a ser indicada pelo Sindicato);\u00a0<\/span><\/li>\n<li><span style=\"font-weight: 400;\">Representante do MER \u2013 Mulheres em Resist\u00eancia \u2013 Prof. Dra. Sandra Luna;\u00a0<\/span><\/li>\n<li><span style=\"font-weight: 400;\">Representante da COMU (Comit\u00ea de Pol\u00edticas de Preven\u00e7\u00e3o e Enfrentamento \u00e0 Viol\u00eancia contra as Mulheres na UFPB) \u2013 prof. Dra. Val\u00e9ria Machado Rufino.<\/span><\/li>\n<\/ul>\n<\/li>\n<\/ul>\n<\/li>\n<li><span style=\"font-weight: 400;\">Hor\u00e1rio: 15h<\/span><\/li>\n<li><em><strong>Mesa de debate: \u201cEstamos aqui e somos contra o ass\u00e9dio e todas as formas de viol\u00eancia contra as mulheres: a urg\u00eancia da implanta\u00e7\u00e3o de medidas de enfrentamento nas universidades\u201d<\/strong><\/em>\n<ul>\n<li><strong>Expositoras:<\/strong>\n<ul>\n<li><span style=\"font-weight: 400;\">Prof.\u00aa Dra. M\u00f4nica N\u00f3brega \u2013 Vice Reitora da Universidade Federal da Para\u00edba. J\u00e1 esteve como Diretora do Centro do CCHLA (no per\u00edodo de 2013 a 2021)<\/span><\/li>\n<li><span style=\"font-weight: 400;\">Prof.\u00aa Dra. Maria Aparecida Ramos de Meneses \u2013 Deputada Estadual e Presidente da CPI do Feminic\u00eddio junto a Assembleia Legislativa da Para\u00edba<\/span><\/li>\n<li><span style=\"font-weight: 400;\">Prof. Dra. Patr\u00edcia Rosas \u2013 Docente Adjunta da UFPB, Campus I. Pesquisadora e Escritora<\/span><\/li>\n<\/ul>\n<\/li>\n<li><strong>Mediadora:<\/strong>\n<ul>\n<li><span style=\"font-weight: 400;\">Prof. Dra. Elisangela In\u00e1cio \u2013 Diretora de Comunica\u00e7\u00e3o da ADUFPB e Coordenadora do GT Pol\u00edticas de Classe para as Quest\u00f5es \u00c9tnico-Raciais, de G\u00eanero e Diversidade Sexual<\/span><\/li>\n<\/ul>\n<\/li>\n<\/ul>\n<\/li>\n<\/ul>\n<p>&#8212;&#8212;&#8212;&#8212;&#8212;&#8212;&#8212;&#8212;&#8212;&#8212;&#8212;&#8212;&#8212;&#8212;&#8212;&#8212;&#8212;&#8212;&#8212;&#8212;<\/p>\n<p><strong>20\/3 (quinta-feira) |\u00a0Campus II \u2013 Areia<\/strong><\/p>\n<ul>\n<li><span style=\"font-weight: 400;\">Hor\u00e1rio: das 18h30 \u00e0s 21h<\/span><\/li>\n<li><em><strong>Mesa solene de abertura:<\/strong><\/em>\n<ul>\n<li style=\"list-style-type: none;\">\n<ul>\n<li><span style=\"font-weight: 400;\">Diretor do CCA \u2013 Bruno de Oliveira Dias<\/span><\/li>\n<li><span style=\"font-weight: 400;\">Diretor da ADUFPB AREIA \u2013 Maur\u00edcio Javier De Leon<\/span><\/li>\n<li><span style=\"font-weight: 400;\">Prefeita Constitucional de Areia \u2013 Silvia Cunha Lima<\/span><\/li>\n<li><span style=\"font-weight: 400;\">Representante estudantil feminina do CCA<\/span><\/li>\n<li><span style=\"font-weight: 400;\">Representante Feminina do CAMOPS CCA UFPB<\/span><\/li>\n<\/ul>\n<\/li>\n<\/ul>\n<\/li>\n<li><em><strong>Mesa de debate: \u201cEstamos aqui e somos contra o ass\u00e9dio e todas as formas de viol\u00eancia contra as mulheres: a urg\u00eancia da implanta\u00e7\u00e3o de medidas de enfrentamento nas universidades\u201d<\/strong><\/em>\n<ul>\n<li><strong>Expositoras:<\/strong>\n<ul>\n<li><span style=\"font-weight: 400;\">Prof.\u00aa Dra. Sheila Costa de Farias. Docente do componente curricular l\u00edngua inglesa do DCFS\/CCA\/UFPB, pesquisadora, extensionista, ex-conselheira da CoMu, participante do F\u00f3rum de Mulheres da UFPB e sempre na luta por uma vida sem viol\u00eancia e sem ass\u00e9dio contra as mulheres.<\/span><\/li>\n<li><span style=\"font-weight: 400;\">Prof.\u00aa Dra. Anita L. Pereira dos Santos.\u00a0 Docente Associada da UFPB, Pesquisadora, Extensionista e Militante pelo fim da viol\u00eancia de g\u00eanero, Feminista<\/span><\/li>\n<\/ul>\n<\/li>\n<li><span style=\"font-weight: 400;\"><strong>Mediadora:<\/strong>\u00a0<\/span>\n<ul>\n<li><span style=\"font-weight: 400;\">Prof.\u00aa Dra. Carla Santos. Diretora de Cultura da ADUFPB. Coordenadora do GTCA. Membro do Movimento Mulheres em Resist\u00eancia-MER\/ ADUFPB<\/span><\/li>\n<\/ul>\n<\/li>\n<\/ul>\n<\/li>\n<\/ul>\n<p>&#8212;&#8212;&#8212;&#8212;&#8212;&#8212;&#8212;&#8212;&#8212;&#8212;&#8212;&#8212;&#8212;&#8212;&#8212;&#8212;&#8212;&#8212;&#8212;&#8212;<\/p>\n<p><strong>27\/03 (quinta-feira) | Campus III &#8211; Bananeiras<\/strong><\/p>\n<ul>\n<li>Hor\u00e1rio: 15h<\/li>\n<li>Local:\u00a0CCHSA &#8211; Audit\u00f3rio do CAVN<\/li>\n<li><em><strong>Mesa-debate: \u201cMulher, Universidade P\u00fablica e Pol\u00edtica\u201d<\/strong><\/em>\n<ul>\n<li><strong>Expositoras:<\/strong>\n<ul>\n<li>Prof\u00aa Dr\u00aa Fabr\u00edcia Sousa Montenegro &#8211; Diretora de Centro do CCHSA<\/li>\n<li>Prof\u00aa Dr\u00aa Silvania Maria de Souza Gomes &#8211; Doutora em Engenharia Agr\u00edcola e mestre em Fitotecnia (Produ\u00e7\u00e3o Vegetal)<\/li>\n<li>Prof\u00aa Ms. Tain\u00e1 Amaral Barreto &#8211; Mestre em Ci\u00eancia e Tecnologia de Alimentos.<\/li>\n<li>Supl\u00eancia: Prof\u00aa Ms. Gabriela Coutinho Machado de Souza &#8211; Mestre em Ci\u00eancia da Computa\u00e7\u00e3o<\/li>\n<\/ul>\n<\/li>\n<\/ul>\n<\/li>\n<\/ul>\n<p><em>Fonte: Ascom ADUFPB<\/em><\/p>\n","protected":false},"excerpt":{"rendered":"<p>ADUFPB Campus I realiza panfletagem e caf\u00e9 da manh\u00e3 nesta ter\u00e7a-feira (11), integra a Audi\u00eancia P\u00fablica sobre a LOA na ALPB e promove palestras nos 4 Campi sobre combate ao ass\u00e9dio!* Em celebra\u00e7\u00e3o ao Dia Internacional da Mulher, comemorado no \u00faltimo s\u00e1bado (8), a ADUFPB participou do Ato Festejo Feminista de Carnaval de rua \u201cAinda&hellip;<\/p>\n","protected":false},"author":3,"featured_media":33773,"comment_status":"closed","ping_status":"closed","sticky":false,"template":"","format":"standard","meta":{"footnotes":""},"categories":[1405,15,417],"tags":[121,1165,115,50],"class_list":["post-33767","post","type-post","status-publish","format-standard","has-post-thumbnail","hentry","category-chamada-principal","category-noticias","category-noticias-destaque","tag-8-de-marco","tag-cafe-da-manha","tag-dia-da-mulher","tag-palestra","category-1405","category-15","category-417","description-off"],"_links":{"self":[{"href":"https:\/\/www.adufpb.org.br\/site\/wp-json\/wp\/v2\/posts\/33767","targetHints":{"allow":["GET"]}}],"collection":[{"href":"https:\/\/www.adufpb.org.br\/site\/wp-json\/wp\/v2\/posts"}],"about":[{"href":"https:\/\/www.adufpb.org.br\/site\/wp-json\/wp\/v2\/types\/post"}],"author":[{"embeddable":true,"href":"https:\/\/www.adufpb.org.br\/site\/wp-json\/wp\/v2\/users\/3"}],"replies":[{"embeddable":true,"href":"https:\/\/www.adufpb.org.br\/site\/wp-json\/wp\/v2\/comments?post=33767"}],"version-history":[{"count":8,"href":"https:\/\/www.adufpb.org.br\/site\/wp-json\/wp\/v2\/posts\/33767\/revisions"}],"predecessor-version":[{"id":33785,"href":"https:\/\/www.adufpb.org.br\/site\/wp-json\/wp\/v2\/posts\/33767\/revisions\/33785"}],"wp:featuredmedia":[{"embeddable":true,"href":"https:\/\/www.adufpb.org.br\/site\/wp-json\/wp\/v2\/media\/33773"}],"wp:attachment":[{"href":"https:\/\/www.adufpb.org.br\/site\/wp-json\/wp\/v2\/media?parent=33767"}],"wp:term":[{"taxonomy":"category","embeddable":true,"href":"https:\/\/www.adufpb.org.br\/site\/wp-json\/wp\/v2\/categories?post=33767"},{"taxonomy":"post_tag","embeddable":true,"href":"https:\/\/www.adufpb.org.br\/site\/wp-json\/wp\/v2\/tags?post=33767"}],"curies":[{"name":"wp","href":"https:\/\/api.w.org\/{rel}","templated":true}]}}