{"id":33667,"date":"2025-02-07T16:31:20","date_gmt":"2025-02-07T19:31:20","guid":{"rendered":"https:\/\/www.adufpb.org.br\/site\/?p=33667"},"modified":"2025-02-11T08:42:28","modified_gmt":"2025-02-11T11:42:28","slug":"plenaria-define-comissao-para-realizar-levantamento-sobre-condicoes-de-trabalho-docente","status":"publish","type":"post","link":"https:\/\/www.adufpb.org.br\/site\/plenaria-define-comissao-para-realizar-levantamento-sobre-condicoes-de-trabalho-docente\/","title":{"rendered":"Plen\u00e1ria define comiss\u00e3o para realizar levantamento sobre condi\u00e7\u00f5es de trabalho docente"},"content":{"rendered":"<p><a class=\"dt-pswp-item\" href=\"https:\/\/www.adufpb.org.br\/site\/wp-content\/uploads\/2025\/02\/2025.02.06-plenaria-condicoes-de-trabalho.jpeg\" data-dt-img-description=\"\" data-large_image_width=\"1600\" data-large_image_height=\"1200\"><img loading=\"lazy\" decoding=\"async\" class=\"alignright size-medium wp-image-33668\" src=\"https:\/\/www.adufpb.org.br\/site\/wp-content\/uploads\/2025\/02\/2025.02.06-plenaria-condicoes-de-trabalho-300x225.jpeg\" alt=\"\" width=\"300\" height=\"225\" srcset=\"https:\/\/www.adufpb.org.br\/site\/wp-content\/uploads\/2025\/02\/2025.02.06-plenaria-condicoes-de-trabalho-300x225.jpeg 300w, https:\/\/www.adufpb.org.br\/site\/wp-content\/uploads\/2025\/02\/2025.02.06-plenaria-condicoes-de-trabalho-1024x768.jpeg 1024w, https:\/\/www.adufpb.org.br\/site\/wp-content\/uploads\/2025\/02\/2025.02.06-plenaria-condicoes-de-trabalho-768x576.jpeg 768w, https:\/\/www.adufpb.org.br\/site\/wp-content\/uploads\/2025\/02\/2025.02.06-plenaria-condicoes-de-trabalho-1536x1152.jpeg 1536w, https:\/\/www.adufpb.org.br\/site\/wp-content\/uploads\/2025\/02\/2025.02.06-plenaria-condicoes-de-trabalho-250x188.jpeg 250w, https:\/\/www.adufpb.org.br\/site\/wp-content\/uploads\/2025\/02\/2025.02.06-plenaria-condicoes-de-trabalho.jpeg 1600w\" sizes=\"auto, (max-width: 300px) 100vw, 300px\" \/><\/a>A precariedade das condi\u00e7\u00f5es de trabalho docente na UFPB e como isso afeta o ensino, a pesquisa e a extens\u00e3o foram assuntos que centralizaram os debates da plen\u00e1ria realizada pela ADUFPB na \u00faltima quinta-feira (6), na Sala de Leitura da entidade. Na ocasi\u00e3o, as professoras e os professores presentes tamb\u00e9m discutiram a Nota T\u00e9cnica da Controladoria Geral da Uni\u00e3o (CGU), que est\u00e1 exigindo que os(as) docentes devolvam valores recebidos durante a pandemia referentes a adicionais de periculosidade e insalubridade.<\/p>\n<p>O evento teve in\u00edcio com falas de abertura da vice-presidente da ADUFPB, Rita Porto, e do secret\u00e1rio geral da entidade, Cristiano Bonneau. A mesa contou ainda com a participa\u00e7\u00e3o do presidente do sindicato, Edson Franco. Com cerca de duas horas e meia de dura\u00e7\u00e3o, a plen\u00e1ria reuniu professoras e professores de diversos campi, que relataram problemas estruturais na universidade como falta de ar condicionado, de material de expediente, de equipamentos nos laborat\u00f3rios (obrigando professores a dividirem turmas, de forma a revezar o pouco material dispon\u00edvel), de bibliotecas, entre outros pontos.<\/p>\n<p>Ao fim da reuni\u00e3o, a plen\u00e1ria acatou a proposta de constru\u00e7\u00e3o de um formul\u00e1rio com quest\u00f5es sobre as condi\u00e7\u00f5es de trabalho docente na UFPB. A ideia \u00e9 que comiss\u00f5es formadas por representantes dos diversos centros da universidade levem esses question\u00e1rios para suas unidades de ensino a fim de realizar um levantamento dos principais problemas. Com esses dados, ser\u00e1 produzido um documento a ser apresentado ao Conselho Superior (Consuni), de forma a cobrar melhorias da administra\u00e7\u00e3o central.<\/p>\n<p>Sobre a Nota T\u00e9cnica da CGU que cobra a devolu\u00e7\u00e3o dos pagamentos referentes aos adicionais de periculosidade e insalubridade, principalmente na \u00e1rea da Sa\u00fade, a vice-presidente da ADUFPB, Rita Porto, explicou que o sindicato ir\u00e1 consultar a assessoria jur\u00eddica para decidir o que deve ser feito neste momento. \u201cA ADUFPB ter\u00e1 uma reuni\u00e3o com o advogado Paulo Guedes, da nossa assessoria, para ver qual encaminhamento jur\u00eddico para essa quest\u00e3o, se ser\u00e1 um mandado de seguran\u00e7a ou se demandar\u00e1 outra estrat\u00e9gia\u201d, afirmou.<\/p>\n<p><em>Fonte: Ascom ADUFPB<\/em><\/p>\n","protected":false},"excerpt":{"rendered":"<p>A precariedade das condi\u00e7\u00f5es de trabalho docente na UFPB e como isso afeta o ensino, a pesquisa e a extens\u00e3o foram assuntos que centralizaram os debates da plen\u00e1ria realizada pela ADUFPB na \u00faltima quinta-feira (6), na Sala de Leitura da entidade. Na ocasi\u00e3o, as professoras e os professores presentes tamb\u00e9m discutiram a Nota T\u00e9cnica da&hellip;<\/p>\n","protected":false},"author":3,"featured_media":33668,"comment_status":"closed","ping_status":"closed","sticky":false,"template":"","format":"standard","meta":{"footnotes":""},"categories":[1405,15,417],"tags":[339,102,716],"class_list":["post-33667","post","type-post","status-publish","format-standard","has-post-thumbnail","hentry","category-chamada-principal","category-noticias","category-noticias-destaque","tag-condicoes-de-trabalho","tag-insalubridade","tag-plenaria","category-1405","category-15","category-417","description-off"],"_links":{"self":[{"href":"https:\/\/www.adufpb.org.br\/site\/wp-json\/wp\/v2\/posts\/33667","targetHints":{"allow":["GET"]}}],"collection":[{"href":"https:\/\/www.adufpb.org.br\/site\/wp-json\/wp\/v2\/posts"}],"about":[{"href":"https:\/\/www.adufpb.org.br\/site\/wp-json\/wp\/v2\/types\/post"}],"author":[{"embeddable":true,"href":"https:\/\/www.adufpb.org.br\/site\/wp-json\/wp\/v2\/users\/3"}],"replies":[{"embeddable":true,"href":"https:\/\/www.adufpb.org.br\/site\/wp-json\/wp\/v2\/comments?post=33667"}],"version-history":[{"count":1,"href":"https:\/\/www.adufpb.org.br\/site\/wp-json\/wp\/v2\/posts\/33667\/revisions"}],"predecessor-version":[{"id":33669,"href":"https:\/\/www.adufpb.org.br\/site\/wp-json\/wp\/v2\/posts\/33667\/revisions\/33669"}],"wp:featuredmedia":[{"embeddable":true,"href":"https:\/\/www.adufpb.org.br\/site\/wp-json\/wp\/v2\/media\/33668"}],"wp:attachment":[{"href":"https:\/\/www.adufpb.org.br\/site\/wp-json\/wp\/v2\/media?parent=33667"}],"wp:term":[{"taxonomy":"category","embeddable":true,"href":"https:\/\/www.adufpb.org.br\/site\/wp-json\/wp\/v2\/categories?post=33667"},{"taxonomy":"post_tag","embeddable":true,"href":"https:\/\/www.adufpb.org.br\/site\/wp-json\/wp\/v2\/tags?post=33667"}],"curies":[{"name":"wp","href":"https:\/\/api.w.org\/{rel}","templated":true}]}}