{"id":33651,"date":"2025-02-06T11:27:55","date_gmt":"2025-02-06T14:27:55","guid":{"rendered":"https:\/\/www.adufpb.org.br\/site\/?p=33651"},"modified":"2025-02-10T10:31:16","modified_gmt":"2025-02-10T13:31:16","slug":"nota-de-pesar-luiz-custodio-da-silva","status":"publish","type":"post","link":"https:\/\/www.adufpb.org.br\/site\/nota-de-pesar-luiz-custodio-da-silva\/","title":{"rendered":"NOTA DE PESAR &#8211; Luiz Cust\u00f3dio da Silva"},"content":{"rendered":"<p><span style=\"font-size: 14pt;\"><img loading=\"lazy\" decoding=\"async\" class=\"size-medium wp-image-33654 alignleft\" src=\"https:\/\/www.adufpb.org.br\/site\/wp-content\/uploads\/2025\/02\/Custodio-300x240.jpg\" alt=\"\" width=\"300\" height=\"240\" srcset=\"https:\/\/www.adufpb.org.br\/site\/wp-content\/uploads\/2025\/02\/Custodio-300x240.jpg 300w, https:\/\/www.adufpb.org.br\/site\/wp-content\/uploads\/2025\/02\/Custodio-250x200.jpg 250w, https:\/\/www.adufpb.org.br\/site\/wp-content\/uploads\/2025\/02\/Custodio.jpg 500w\" sizes=\"auto, (max-width: 300px) 100vw, 300px\" \/>Todos que fazem a ADUFPB v\u00eam a p\u00fablico manifestar profundo pesar pelo falecimento de <strong>LUIZ CUST\u00d3DIO DA SILVA<\/strong>, professor aposentado do Departamento de Comunica\u00e7\u00e3o, do Centro de Comunica\u00e7\u00e3o, Turismo e Artes (CCTA), Campus I, da Universidade Federal da Para\u00edba.<\/span><\/p>\n<p><span style=\"font-size: 14pt;\">O vel\u00f3rio acontece em Campina Grande, no Parque da Paz, e o sepultamento est\u00e1 previsto para \u00e0s 16h.<\/span><\/p>\n<p><span style=\"font-size: 14pt;\">O professor <strong>LUIZ CUST\u00d3DIO<\/strong> era sindicalizado da ADUFPB desde 29\/03\/1979. Aos membros da fam\u00edlia e amigos, nossos sentimentos e solidariedade.<\/span><\/p>\n<p>&nbsp;<\/p>\n<p style=\"text-align: center;\"><span style=\"font-size: 14pt;\">Jo\u00e3o Pessoa, 06 de fevereiro de 2025.<\/span><\/p>\n<p style=\"text-align: center;\"><span style=\"font-size: 14pt;\"><strong>DIRETORIA EXECUTIVA e<\/strong><\/span><\/p>\n<p style=\"text-align: center;\"><span style=\"font-size: 14pt;\"><strong>FUNCION\u00c1RIOS DA ADUFPB<\/strong><\/span><\/p>\n","protected":false},"excerpt":{"rendered":"<p>Todos que fazem a ADUFPB v\u00eam a p\u00fablico manifestar profundo pesar pelo falecimento de LUIZ CUST\u00d3DIO DA SILVA, professor aposentado do Departamento de Comunica\u00e7\u00e3o, do Centro de Comunica\u00e7\u00e3o, Turismo e Artes (CCTA), Campus I, da Universidade Federal da Para\u00edba. O vel\u00f3rio acontece em Campina Grande, no Parque da Paz, e o sepultamento est\u00e1 previsto para&hellip;<\/p>\n","protected":false},"author":8,"featured_media":33654,"comment_status":"closed","ping_status":"closed","sticky":false,"template":"","format":"standard","meta":{"footnotes":""},"categories":[1405,15,417],"tags":[895,809,1749,1750],"class_list":["post-33651","post","type-post","status-publish","format-standard","has-post-thumbnail","hentry","category-chamada-principal","category-noticias","category-noticias-destaque","tag-adufpb-2","tag-comunicacao","tag-custodio","tag-luiz-custodio","category-1405","category-15","category-417","description-off"],"_links":{"self":[{"href":"https:\/\/www.adufpb.org.br\/site\/wp-json\/wp\/v2\/posts\/33651","targetHints":{"allow":["GET"]}}],"collection":[{"href":"https:\/\/www.adufpb.org.br\/site\/wp-json\/wp\/v2\/posts"}],"about":[{"href":"https:\/\/www.adufpb.org.br\/site\/wp-json\/wp\/v2\/types\/post"}],"author":[{"embeddable":true,"href":"https:\/\/www.adufpb.org.br\/site\/wp-json\/wp\/v2\/users\/8"}],"replies":[{"embeddable":true,"href":"https:\/\/www.adufpb.org.br\/site\/wp-json\/wp\/v2\/comments?post=33651"}],"version-history":[{"count":3,"href":"https:\/\/www.adufpb.org.br\/site\/wp-json\/wp\/v2\/posts\/33651\/revisions"}],"predecessor-version":[{"id":33656,"href":"https:\/\/www.adufpb.org.br\/site\/wp-json\/wp\/v2\/posts\/33651\/revisions\/33656"}],"wp:featuredmedia":[{"embeddable":true,"href":"https:\/\/www.adufpb.org.br\/site\/wp-json\/wp\/v2\/media\/33654"}],"wp:attachment":[{"href":"https:\/\/www.adufpb.org.br\/site\/wp-json\/wp\/v2\/media?parent=33651"}],"wp:term":[{"taxonomy":"category","embeddable":true,"href":"https:\/\/www.adufpb.org.br\/site\/wp-json\/wp\/v2\/categories?post=33651"},{"taxonomy":"post_tag","embeddable":true,"href":"https:\/\/www.adufpb.org.br\/site\/wp-json\/wp\/v2\/tags?post=33651"}],"curies":[{"name":"wp","href":"https:\/\/api.w.org\/{rel}","templated":true}]}}