{"id":33631,"date":"2025-01-31T22:12:03","date_gmt":"2025-02-01T01:12:03","guid":{"rendered":"https:\/\/www.adufpb.org.br\/site\/?p=33631"},"modified":"2025-02-11T08:42:43","modified_gmt":"2025-02-11T11:42:43","slug":"nota-de-pesar-iracema-de-figueiredo-lucena","status":"publish","type":"post","link":"https:\/\/www.adufpb.org.br\/site\/nota-de-pesar-iracema-de-figueiredo-lucena\/","title":{"rendered":"NOTA DE PESAR &#8211; Iracema de Figueiredo Lucena"},"content":{"rendered":"<p><a class=\"dt-pswp-item\" href=\"https:\/\/www.adufpb.org.br\/site\/wp-content\/uploads\/2025\/01\/IRACEMA-DE-FIGUEIREDO-LUCENA.jpeg\" data-dt-img-description=\"\" data-large_image_width=\"976\" data-large_image_height=\"1283\"><img loading=\"lazy\" decoding=\"async\" class=\"alignnone size-medium wp-image-33633\" src=\"https:\/\/www.adufpb.org.br\/site\/wp-content\/uploads\/2025\/01\/IRACEMA-DE-FIGUEIREDO-LUCENA-228x300.jpeg\" alt=\"\" width=\"228\" height=\"300\" srcset=\"https:\/\/www.adufpb.org.br\/site\/wp-content\/uploads\/2025\/01\/IRACEMA-DE-FIGUEIREDO-LUCENA-228x300.jpeg 228w, https:\/\/www.adufpb.org.br\/site\/wp-content\/uploads\/2025\/01\/IRACEMA-DE-FIGUEIREDO-LUCENA-779x1024.jpeg 779w, https:\/\/www.adufpb.org.br\/site\/wp-content\/uploads\/2025\/01\/IRACEMA-DE-FIGUEIREDO-LUCENA-768x1010.jpeg 768w, https:\/\/www.adufpb.org.br\/site\/wp-content\/uploads\/2025\/01\/IRACEMA-DE-FIGUEIREDO-LUCENA-250x329.jpeg 250w, https:\/\/www.adufpb.org.br\/site\/wp-content\/uploads\/2025\/01\/IRACEMA-DE-FIGUEIREDO-LUCENA.jpeg 976w\" sizes=\"auto, (max-width: 228px) 100vw, 228px\" \/><\/a><a class=\"dt-pswp-item\" href=\"https:\/\/www.adufpb.org.br\/site\/wp-content\/uploads\/2025\/01\/IRACEMA-DE-FIGUEIREDO-LUCENA-2.jpeg\" data-dt-img-description=\"\" data-large_image_width=\"489\" data-large_image_height=\"612\"><img loading=\"lazy\" decoding=\"async\" class=\"alignright size-medium wp-image-33632\" src=\"https:\/\/www.adufpb.org.br\/site\/wp-content\/uploads\/2025\/01\/IRACEMA-DE-FIGUEIREDO-LUCENA-2-240x300.jpeg\" alt=\"\" width=\"240\" height=\"300\" srcset=\"https:\/\/www.adufpb.org.br\/site\/wp-content\/uploads\/2025\/01\/IRACEMA-DE-FIGUEIREDO-LUCENA-2-240x300.jpeg 240w, https:\/\/www.adufpb.org.br\/site\/wp-content\/uploads\/2025\/01\/IRACEMA-DE-FIGUEIREDO-LUCENA-2-250x313.jpeg 250w, https:\/\/www.adufpb.org.br\/site\/wp-content\/uploads\/2025\/01\/IRACEMA-DE-FIGUEIREDO-LUCENA-2.jpeg 489w\" sizes=\"auto, (max-width: 240px) 100vw, 240px\" \/><\/a><\/p>\n<p>&nbsp;<\/p>\n<p><span style=\"font-size: 14pt;\">Todos que fazem a ADUFPB v\u00eam a p\u00fablico manifestar profundo pesar pelo falecimento, ocorrido no dia 31 de janeiro de 2025, de <strong>IRACEMA DE FIGUEIREDO LUCENA,<\/strong> professora aposentada do Departamento de M\u00fasica, do Centro de Comunica\u00e7\u00e3o, Turismo e Artes (CCTA), Campus I, da Universidade Federal da Para\u00edba.\u00a0<\/span><\/p>\n<p><span style=\"font-size: 14pt;\">O vel\u00f3rio ser\u00e1 na Granja Pitumirim, amanh\u00e3, dia 1\u00ba de fevereiro e o enterro ser\u00e1 \u00e0s 16:00, no Parque das Ac\u00e1cias.<\/span><\/p>\n<p><span style=\"font-size: 14pt;\">Ao professor Ricardo Lucena, filho da professora Iracema Lucena, e aos demais membros da fam\u00edlia e amigos, nossos sentimentos e solidariedade.<\/span><\/p>\n<p>&nbsp;<\/p>\n<p style=\"text-align: center;\"><span style=\"font-size: 14pt;\">Jo\u00e3o Pessoa, 31 de janeiro de 2025.<\/span><\/p>\n<p style=\"text-align: center;\"><span style=\"font-size: 14pt;\"><strong>DIRETORIA EXECUTIVA e<\/strong><\/span><\/p>\n<p style=\"text-align: center;\"><span style=\"font-size: 14pt;\"><strong>FUNCION\u00c1RIOS DA ADUFPB<\/strong><\/span><\/p>\n","protected":false},"excerpt":{"rendered":"<p>&nbsp; Todos que fazem a ADUFPB v\u00eam a p\u00fablico manifestar profundo pesar pelo falecimento, ocorrido no dia 31 de janeiro de 2025, de IRACEMA DE FIGUEIREDO LUCENA, professora aposentada do Departamento de M\u00fasica, do Centro de Comunica\u00e7\u00e3o, Turismo e Artes (CCTA), Campus I, da Universidade Federal da Para\u00edba.\u00a0 O vel\u00f3rio ser\u00e1 na Granja Pitumirim, amanh\u00e3,&hellip;<\/p>\n","protected":false},"author":3,"featured_media":33633,"comment_status":"closed","ping_status":"closed","sticky":false,"template":"","format":"standard","meta":{"footnotes":""},"categories":[15,417],"tags":[],"class_list":["post-33631","post","type-post","status-publish","format-standard","has-post-thumbnail","hentry","category-noticias","category-noticias-destaque","category-15","category-417","description-off"],"_links":{"self":[{"href":"https:\/\/www.adufpb.org.br\/site\/wp-json\/wp\/v2\/posts\/33631","targetHints":{"allow":["GET"]}}],"collection":[{"href":"https:\/\/www.adufpb.org.br\/site\/wp-json\/wp\/v2\/posts"}],"about":[{"href":"https:\/\/www.adufpb.org.br\/site\/wp-json\/wp\/v2\/types\/post"}],"author":[{"embeddable":true,"href":"https:\/\/www.adufpb.org.br\/site\/wp-json\/wp\/v2\/users\/3"}],"replies":[{"embeddable":true,"href":"https:\/\/www.adufpb.org.br\/site\/wp-json\/wp\/v2\/comments?post=33631"}],"version-history":[{"count":3,"href":"https:\/\/www.adufpb.org.br\/site\/wp-json\/wp\/v2\/posts\/33631\/revisions"}],"predecessor-version":[{"id":33636,"href":"https:\/\/www.adufpb.org.br\/site\/wp-json\/wp\/v2\/posts\/33631\/revisions\/33636"}],"wp:featuredmedia":[{"embeddable":true,"href":"https:\/\/www.adufpb.org.br\/site\/wp-json\/wp\/v2\/media\/33633"}],"wp:attachment":[{"href":"https:\/\/www.adufpb.org.br\/site\/wp-json\/wp\/v2\/media?parent=33631"}],"wp:term":[{"taxonomy":"category","embeddable":true,"href":"https:\/\/www.adufpb.org.br\/site\/wp-json\/wp\/v2\/categories?post=33631"},{"taxonomy":"post_tag","embeddable":true,"href":"https:\/\/www.adufpb.org.br\/site\/wp-json\/wp\/v2\/tags?post=33631"}],"curies":[{"name":"wp","href":"https:\/\/api.w.org\/{rel}","templated":true}]}}