{"id":33614,"date":"2025-01-28T08:21:24","date_gmt":"2025-01-28T11:21:24","guid":{"rendered":"https:\/\/www.adufpb.org.br\/site\/?p=33614"},"modified":"2025-02-04T16:18:36","modified_gmt":"2025-02-04T19:18:36","slug":"com-poesia-e-saudacao-a-luta-da-categoria-docente-tem-inicio-o-43o-congresso-do-andes-sn","status":"publish","type":"post","link":"https:\/\/www.adufpb.org.br\/site\/com-poesia-e-saudacao-a-luta-da-categoria-docente-tem-inicio-o-43o-congresso-do-andes-sn\/","title":{"rendered":"Com poesia e sauda\u00e7\u00e3o \u00e0 luta da categoria docente, tem in\u00edcio o 43\u00ba Congresso do ANDES-SN"},"content":{"rendered":"<div id=\"attachment_33616\" style=\"width: 1254px\" class=\"wp-caption aligncenter\"><a class=\"dt-pswp-item\" href=\"https:\/\/www.adufpb.org.br\/site\/wp-content\/uploads\/2025\/01\/2025.01.27-43-Congresso-do-ANDES-SN-foto-eline-luz-andes-sn.jpeg\" data-dt-img-description=\"Fotos: Eline Luz \/ Assessoria ANDES-SN\" data-large_image_width=\"1244\" data-large_image_height=\"699\"><img loading=\"lazy\" decoding=\"async\" aria-describedby=\"caption-attachment-33616\" class=\"wp-image-33616 size-large\" src=\"https:\/\/www.adufpb.org.br\/site\/wp-content\/uploads\/2025\/01\/2025.01.27-43-Congresso-do-ANDES-SN-foto-eline-luz-andes-sn-1024x575.jpeg\" alt=\"\" width=\"1024\" height=\"575\" srcset=\"https:\/\/www.adufpb.org.br\/site\/wp-content\/uploads\/2025\/01\/2025.01.27-43-Congresso-do-ANDES-SN-foto-eline-luz-andes-sn-1024x575.jpeg 1024w, https:\/\/www.adufpb.org.br\/site\/wp-content\/uploads\/2025\/01\/2025.01.27-43-Congresso-do-ANDES-SN-foto-eline-luz-andes-sn-300x169.jpeg 300w, https:\/\/www.adufpb.org.br\/site\/wp-content\/uploads\/2025\/01\/2025.01.27-43-Congresso-do-ANDES-SN-foto-eline-luz-andes-sn-768x432.jpeg 768w, https:\/\/www.adufpb.org.br\/site\/wp-content\/uploads\/2025\/01\/2025.01.27-43-Congresso-do-ANDES-SN-foto-eline-luz-andes-sn-250x140.jpeg 250w, https:\/\/www.adufpb.org.br\/site\/wp-content\/uploads\/2025\/01\/2025.01.27-43-Congresso-do-ANDES-SN-foto-eline-luz-andes-sn.jpeg 1244w\" sizes=\"auto, (max-width: 1024px) 100vw, 1024px\" \/><\/a><p id=\"caption-attachment-33616\" class=\"wp-caption-text\">Fotos: Eline Luz \/ Imprensa ANDES-SN<\/p><\/div>\n<p>Com uma batalha de poesia e falas de sauda\u00e7\u00e3o \u00e0 luta da categoria docente, teve in\u00edcio, na manh\u00e3 desta segunda-feira (27), o 43\u00ba Congresso do ANDES-SN.\u00a0Organizado pela Associa\u00e7\u00e3o de Docentes da Universidade Federal do Esp\u00edrito Santo (Adufes \u2013 Se\u00e7\u00e3o Sindical do ANDES-SN), o evento tem como tema central \u201cS\u00f3 o ANDES-SN nos representa: dos locais de trabalho \u00e0s ruas contra a criminaliza\u00e7\u00e3o das lutas\u201d, e re\u00fane mais de 600 docentes de todo o pa\u00eds.<\/p>\n<p><strong>Ufeslam<\/strong><br \/>\nIntegrantes do Ufeslam, um projeto de extens\u00e3o da Ufes que promove competi\u00e7\u00e3o de poesia falada, fizeram a apresenta\u00e7\u00e3o que marcou o in\u00edcio da Plen\u00e1ria de Abertura\u00a043\u00ba Congresso. As performances abordaram as viv\u00eancias e dificuldades enfrentadas no ambiente acad\u00eamico, temas como luta de classe, preconceitos e opress\u00f5es.<\/p>\n<p><a class=\"dt-pswp-item\" href=\"https:\/\/www.adufpb.org.br\/site\/wp-content\/uploads\/2025\/01\/2025.01.27-43-Congresso-do-ANDES-SN-foto-eline-luz-andes-sn-2.jpeg\" data-dt-img-description=\"\" data-large_image_width=\"1272\" data-large_image_height=\"715\"><img loading=\"lazy\" decoding=\"async\" class=\"aligncenter size-large wp-image-33615\" src=\"https:\/\/www.adufpb.org.br\/site\/wp-content\/uploads\/2025\/01\/2025.01.27-43-Congresso-do-ANDES-SN-foto-eline-luz-andes-sn-2-1024x576.jpeg\" alt=\"\" width=\"1024\" height=\"576\" srcset=\"https:\/\/www.adufpb.org.br\/site\/wp-content\/uploads\/2025\/01\/2025.01.27-43-Congresso-do-ANDES-SN-foto-eline-luz-andes-sn-2-1024x576.jpeg 1024w, https:\/\/www.adufpb.org.br\/site\/wp-content\/uploads\/2025\/01\/2025.01.27-43-Congresso-do-ANDES-SN-foto-eline-luz-andes-sn-2-300x169.jpeg 300w, https:\/\/www.adufpb.org.br\/site\/wp-content\/uploads\/2025\/01\/2025.01.27-43-Congresso-do-ANDES-SN-foto-eline-luz-andes-sn-2-768x432.jpeg 768w, https:\/\/www.adufpb.org.br\/site\/wp-content\/uploads\/2025\/01\/2025.01.27-43-Congresso-do-ANDES-SN-foto-eline-luz-andes-sn-2-250x141.jpeg 250w, https:\/\/www.adufpb.org.br\/site\/wp-content\/uploads\/2025\/01\/2025.01.27-43-Congresso-do-ANDES-SN-foto-eline-luz-andes-sn-2.jpeg 1272w\" sizes=\"auto, (max-width: 1024px) 100vw, 1024px\" \/><\/a><\/p>\n<p>&nbsp;<\/p>\n<p><strong>Sauda\u00e7\u00f5es<\/strong><br \/>\nRepresentantes de diversas entidades, como o Movimento Atingidos Por Barragens, o Movimento dos Pequenos Agricultores, o F\u00f3rum de Mulheres do Esp\u00edrito Santo e a Articula\u00e7\u00e3o de Mulheres Brasileiras, o Sindicato de Trabalhadores da Ufes, a Federa\u00e7\u00e3o Nacional de Estudantes T\u00e9cnicos, a Uni\u00e3o Nacional de Estudantes, o Movimento de Trabalhadores Sem Terra e o Movimento Pela Soberania Popular na Minera\u00e7\u00e3o Brasileira, fizeram falas de sauda\u00e7\u00e3o ao ANDES-SN, destacando a import\u00e2ncia da entidade para a luta de classes no Brasil e a relev\u00e2ncia do Sindicato Nacional como aliado nas diversas frentes em defesa dos direitos sociais e no combate ao neofascismo.<\/p>\n<p>Fl\u00e1via C\u00e2ndida do Nascimento de Souza, representante do Sinasefe, falou da import\u00e2ncia de ocupar a universidade, das dificuldades de avan\u00e7ar nas lutas e saudou a apresenta\u00e7\u00e3o de poesia que abriu o evento. \u201cN\u00f3s conseguimos enxergar a pot\u00eancia da juventude negra atrav\u00e9s da apresenta\u00e7\u00e3o do Ufeslam\u201d, afirmou.<\/p>\n<p>\u201cEstamos passando por momentos dif\u00edceis, e \u00e9 muito importante que a gente lembre quem n\u00f3s somos e quem nos representa, mas tamb\u00e9m quem n\u00f3s representamos enquanto dirigentes e sindicatos. N\u00f3s n\u00e3o estamos aqui para representar uma elite que j\u00e1 tem toda uma estrutura social para se ver representada e que defende as suas pautas. N\u00f3s estamos aqui para representar uma sociedade que muitas vezes n\u00e3o tem voz, e a gente precisa ser a voz dessa sociedade\u201d, acrescentou a diretora do Sinasefe.<\/p>\n<p><a class=\"dt-pswp-item\" href=\"https:\/\/www.adufpb.org.br\/site\/wp-content\/uploads\/2025\/01\/2025.01.27-43-Congresso-do-ANDES-SN-foto-eline-luz-andes-sn-3.jpeg\" data-dt-img-description=\"\" data-large_image_width=\"1272\" data-large_image_height=\"715\"><img loading=\"lazy\" decoding=\"async\" class=\"aligncenter size-large wp-image-33617\" src=\"https:\/\/www.adufpb.org.br\/site\/wp-content\/uploads\/2025\/01\/2025.01.27-43-Congresso-do-ANDES-SN-foto-eline-luz-andes-sn-3-1024x576.jpeg\" alt=\"\" width=\"1024\" height=\"576\" srcset=\"https:\/\/www.adufpb.org.br\/site\/wp-content\/uploads\/2025\/01\/2025.01.27-43-Congresso-do-ANDES-SN-foto-eline-luz-andes-sn-3-1024x576.jpeg 1024w, https:\/\/www.adufpb.org.br\/site\/wp-content\/uploads\/2025\/01\/2025.01.27-43-Congresso-do-ANDES-SN-foto-eline-luz-andes-sn-3-300x169.jpeg 300w, https:\/\/www.adufpb.org.br\/site\/wp-content\/uploads\/2025\/01\/2025.01.27-43-Congresso-do-ANDES-SN-foto-eline-luz-andes-sn-3-768x432.jpeg 768w, https:\/\/www.adufpb.org.br\/site\/wp-content\/uploads\/2025\/01\/2025.01.27-43-Congresso-do-ANDES-SN-foto-eline-luz-andes-sn-3-250x141.jpeg 250w, https:\/\/www.adufpb.org.br\/site\/wp-content\/uploads\/2025\/01\/2025.01.27-43-Congresso-do-ANDES-SN-foto-eline-luz-andes-sn-3.jpeg 1272w\" sizes=\"auto, (max-width: 1024px) 100vw, 1024px\" \/><\/a><\/p>\n<p>&nbsp;<\/p>\n<p>Adriana da Silva, representante do F\u00f3rum Nacional de Mulheres Negras e da Unegro, lembrou a todas e todos duas grandes tarefas e responsabilidades postas para os movimentos sociais e sindicais: derrotar o fascismo e colocar um milh\u00e3o de mulheres negras nas ruas, na 2\u00aa Marcha de Mulheres Negras, que ocorrer\u00e1 em novembro de 2025, em Bras\u00edlia (DF).<\/p>\n<p>\u201cUm milh\u00e3o de mulheres negras na rua \u00e9 um grande desafio. E n\u00f3s estamos aqui, com o ANDES-SN, com uma parceria fundamentada para que, de fato, aconte\u00e7a, e a gente consiga estruturar nossas bases, tanto as bases das mulheres negras quanto dos movimentos sociais e dos sindicatos, para, assim, fortalecermos a luta das mulheres negras no Brasil. E a\u00ed n\u00f3s convidamos a todos voc\u00eas para estar com a gente nessa tarefa\u201d, conclamou, lembrando que as mulheres negras s\u00e3o uma das parcelas da sociedade que mais sofrem com a ascens\u00e3o do fascismo no mundo.<\/p>\n<p>Leomar Honorato L\u00edrio, representante do Movimento dos Pequenos Agricultores (MPA), considerou o 43\u00ba Congresso do ANDES-SN um espa\u00e7o para afiar as ferramentas. Trouxe a sauda\u00e7\u00e3o das camponesas e dos camponeses e ressaltou a import\u00e2ncia de avan\u00e7ar nas parcerias entre os pequenos agricultores e as entidades sindicais. \u201cQue a gente sele cada vez mais alian\u00e7as de classe, n\u00e3o s\u00f3 no debate, n\u00e3o s\u00f3 nas rela\u00e7\u00f5es altru\u00edstas, mas, de fato, fazendo com que a produ\u00e7\u00e3o da agricultura camponesa possa abastecer os nossos sindicatos, os nossos postos de trabalho e as nossas casas. Assim, a gente vai estar, de fato, concretizando essa rela\u00e7\u00e3o camponesa e oper\u00e1ria\u201d, acrescentou.<\/p>\n<p>Iracema Martins Pompermayer, do Comit\u00ea de Solidariedade \u00e0 Palestina, lembrou que a Palestina existe h\u00e1 5 mil anos e que, depois da II Guerra Mundial, Israel come\u00e7ou a se apropriar e tomar o territ\u00f3rio da Palestina, e assim continua at\u00e9 hoje. \u201cO problema ali n\u00e3o \u00e9 religioso. O problema ali \u00e9 de expansionismo, limpeza \u00e9tnica e roubo de patrim\u00f4nio e das riquezas dos palestinos. O que acontece hoje l\u00e1 \u00e9 um holocausto, \u00e9 um genoc\u00eddio\u201d, afirmou, lembrando que quase 70% das v\u00edtimas fatais s\u00e3o mulheres e crian\u00e7as.<\/p>\n<p>Ela ressaltou a fragilidade do acordo de cessar-fogo, j\u00e1 descumprido por Israel, e convocou todas e todos a lutarem juntos em defesa do povo palestino. \u201cN\u00e3o nos esque\u00e7amos de que a nossa arma \u00e9 a luta, e vamos resistir. Viva o povo palestino!\u201d.<\/p>\n<p><a class=\"dt-pswp-item\" href=\"https:\/\/www.adufpb.org.br\/site\/wp-content\/uploads\/2025\/01\/2025.01.27-43-Congresso-do-ANDES-SN-foto-eline-luz-andes-sn-4.jpeg\" data-dt-img-description=\"\" data-large_image_width=\"1272\" data-large_image_height=\"715\"><img loading=\"lazy\" decoding=\"async\" class=\"aligncenter size-large wp-image-33618\" src=\"https:\/\/www.adufpb.org.br\/site\/wp-content\/uploads\/2025\/01\/2025.01.27-43-Congresso-do-ANDES-SN-foto-eline-luz-andes-sn-4-1024x576.jpeg\" alt=\"\" width=\"1024\" height=\"576\" srcset=\"https:\/\/www.adufpb.org.br\/site\/wp-content\/uploads\/2025\/01\/2025.01.27-43-Congresso-do-ANDES-SN-foto-eline-luz-andes-sn-4-1024x576.jpeg 1024w, https:\/\/www.adufpb.org.br\/site\/wp-content\/uploads\/2025\/01\/2025.01.27-43-Congresso-do-ANDES-SN-foto-eline-luz-andes-sn-4-300x169.jpeg 300w, https:\/\/www.adufpb.org.br\/site\/wp-content\/uploads\/2025\/01\/2025.01.27-43-Congresso-do-ANDES-SN-foto-eline-luz-andes-sn-4-768x432.jpeg 768w, https:\/\/www.adufpb.org.br\/site\/wp-content\/uploads\/2025\/01\/2025.01.27-43-Congresso-do-ANDES-SN-foto-eline-luz-andes-sn-4-250x141.jpeg 250w, https:\/\/www.adufpb.org.br\/site\/wp-content\/uploads\/2025\/01\/2025.01.27-43-Congresso-do-ANDES-SN-foto-eline-luz-andes-sn-4.jpeg 1272w\" sizes=\"auto, (max-width: 1024px) 100vw, 1024px\" \/><\/a><\/p>\n<p>&nbsp;<\/p>\n<p>Ana Carolina Galv\u00e3o, presidenta da Adufes SSind., destacou que a reitoria da Ufes foi convidada a estar presente na abertura do Congresso, mas informou que, devido a um compromisso previamente agendado, o reitor n\u00e3o poderia comparecer.<\/p>\n<p>\u201cN\u00e3o \u00e9 a primeira vez que a reitoria usa o texto para explicar ou tentar justificar um contexto. N\u00f3s vimos isso acontecer repetidamente durante a greve. Vimos isso acontecer no p\u00f3s-greve, como se o reitor n\u00e3o pudesse ser representado por outra pessoa, o que sabemos que \u00e9 poss\u00edvel. E aconteceu em v\u00e1rias situa\u00e7\u00f5es e ocasi\u00f5es. Ent\u00e3o, n\u00e3o se trata de agenda. N\u00e3o \u00e9 sobre isso. \u00c9 sobre n\u00f3s termos nos dilacerado como comunidade acad\u00eamica, tendo sido a Ufes uma das mais de 20 institui\u00e7\u00f5es federais que sofreu interven\u00e7\u00e3o na nomea\u00e7\u00e3o da reitora eleita. E \u00e9 lament\u00e1vel que, depois dessa experi\u00eancia t\u00e3o traum\u00e1tica nacionalmente, nenhum dedo tenha sido mexido pelo governo Lula para acabar com esse processo [de interfer\u00eancia na escolha de reitores]\u201d, afirmou.<\/p>\n<p>\u201cN\u00e3o adianta falar de democracia, e acertadamente reivindicar que n\u00e3o haja anistia para golpistas, quando se mant\u00e9m cabresto \u00e0s administra\u00e7\u00f5es das institui\u00e7\u00f5es, o que j\u00e1 demonstrou seu efeito perverso. N\u00e3o adianta reivindicar a democracia e tentar criminalizar as nossas lutas com o envio, \u00e0 nossa se\u00e7\u00e3o sindical, de boletos para pagar a\u00e7\u00f5es de greve. Porque \u00e9 assim que a Adufes SSind. est\u00e1 sendo tratada nesse momento\u201d, criticou.<\/p>\n<p>Ana Carolina concluiu citando os versos de uma m\u00fasica da cantora Iza, como desejo para o 43\u00ba Congresso. \u201cF\u00e9 para quem \u00e9 forte. F\u00e9 para quem \u00e9 foda. F\u00e9 para quem n\u00e3o foge \u00e0 luta. F\u00e9 para quem n\u00e3o perde o foco. F\u00e9 para enfrentar esses \u2018filhos da puta\u2019\u201d.<\/p>\n<p>Em sua fala, Gustavo Seferian, presidente do ANDES-SN, lembrou que a data de in\u00edcio do 43\u00ba Congresso, 27 de janeiro, marca tamb\u00e9m a Revolu\u00e7\u00e3o Finlandesa, no ano de 1958, e, nessa data, em 1945, o povo trabalhador russo libertou os prisioneiros do campo de Auschwitz, dando um golpe fatal no nazismo.<\/p>\n<p><a class=\"dt-pswp-item\" href=\"https:\/\/www.adufpb.org.br\/site\/wp-content\/uploads\/2025\/01\/2025.01.27-43-Congresso-do-ANDES-SN-foto-eline-luz-andes-sn-6.jpeg\" data-dt-img-description=\"\" data-large_image_width=\"1272\" data-large_image_height=\"715\"><img loading=\"lazy\" decoding=\"async\" class=\"aligncenter size-large wp-image-33619\" src=\"https:\/\/www.adufpb.org.br\/site\/wp-content\/uploads\/2025\/01\/2025.01.27-43-Congresso-do-ANDES-SN-foto-eline-luz-andes-sn-6-1024x576.jpeg\" alt=\"\" width=\"1024\" height=\"576\" srcset=\"https:\/\/www.adufpb.org.br\/site\/wp-content\/uploads\/2025\/01\/2025.01.27-43-Congresso-do-ANDES-SN-foto-eline-luz-andes-sn-6-1024x576.jpeg 1024w, https:\/\/www.adufpb.org.br\/site\/wp-content\/uploads\/2025\/01\/2025.01.27-43-Congresso-do-ANDES-SN-foto-eline-luz-andes-sn-6-300x169.jpeg 300w, https:\/\/www.adufpb.org.br\/site\/wp-content\/uploads\/2025\/01\/2025.01.27-43-Congresso-do-ANDES-SN-foto-eline-luz-andes-sn-6-768x432.jpeg 768w, https:\/\/www.adufpb.org.br\/site\/wp-content\/uploads\/2025\/01\/2025.01.27-43-Congresso-do-ANDES-SN-foto-eline-luz-andes-sn-6-250x141.jpeg 250w, https:\/\/www.adufpb.org.br\/site\/wp-content\/uploads\/2025\/01\/2025.01.27-43-Congresso-do-ANDES-SN-foto-eline-luz-andes-sn-6.jpeg 1272w\" sizes=\"auto, (max-width: 1024px) 100vw, 1024px\" \/><\/a><\/p>\n<p>&nbsp;<\/p>\n<p>\u201cE sabemos que \u00e9 somente por meio da rela\u00e7\u00e3o unit\u00e1ria dos conjuntos de trabalhadores e trabalhadoras, impulsionando os seus mais radicais anseios, que venceremos, assim como temos imprimido uma s\u00e9rie de derrotas, em nosso pa\u00eds e em outros setores, \u00e0 extrema direita e \u00e0s express\u00f5es de neofascismo. Ainda assim, essa quadra hist\u00f3rica que se abre, e na qual nos colocamos neste Congresso, \u00e9 marcada por uma s\u00e9rie de ataques e viol\u00eancias que, fundamentalmente, se intensificaram com a posse de Donald Trump, nos Estados Unidos, e com a amplia\u00e7\u00e3o da a\u00e7\u00e3o imperialista em escala planet\u00e1ria. Isso nos imp\u00f5e, na constru\u00e7\u00e3o deste Congresso e nas a\u00e7\u00f5es que certamente levaremos como tarefa fundamental em nosso espa\u00e7o deliberativo, a necessidade de refletirmos e fortalecermos essa ferramenta preciosa para o conjunto da classe trabalhadora: o Sindicato Nacional\u201d, afirmou.<\/p>\n<p>Gustavo lembrou ainda do contexto marcado por profundas contradi\u00e7\u00f5es e ataques, que deixaram marcas duras no meio ambiente e na popula\u00e7\u00e3o, como o desastre-crime de Mariana (MG), que afetou drasticamente a realidade de Minas Gerais e teve tamb\u00e9m uma s\u00e9rie de efeitos na realidade capixaba. \u201cO fortalecimento da nossa classe e de suas ferramentas passa pela aten\u00e7\u00e3o necess\u00e1ria \u00e0s quest\u00f5es socioambientais e pela constru\u00e7\u00e3o de um horizonte de vida em que a humanidade possa, de forma harm\u00f4nica, lidar com a natureza n\u00e3o-humana\u201d, disse. \u201cAs nossas agendas para este Congresso s\u00e3o diversas\u201d, acrescentou.<\/p>\n<p>\u201cEste \u00e9 um momento importante de troca, partilha e constru\u00e7\u00e3o, que, n\u00e3o tenho a menor d\u00favida, ser\u00e1 de m\u00e1ximo proveito para todos n\u00f3s\u201d, ressaltou, declarando aberto o 43\u00ba Congresso.<\/p>\n<p><a class=\"dt-pswp-item\" href=\"https:\/\/www.adufpb.org.br\/site\/wp-content\/uploads\/2025\/01\/2025.01.27-43-Congresso-do-ANDES-SN-foto-eline-luz-andes-sn-7.jpeg\" data-dt-img-description=\"\" data-large_image_width=\"1272\" data-large_image_height=\"715\"><img loading=\"lazy\" decoding=\"async\" class=\"aligncenter size-large wp-image-33620\" src=\"https:\/\/www.adufpb.org.br\/site\/wp-content\/uploads\/2025\/01\/2025.01.27-43-Congresso-do-ANDES-SN-foto-eline-luz-andes-sn-7-1024x576.jpeg\" alt=\"\" width=\"1024\" height=\"576\" srcset=\"https:\/\/www.adufpb.org.br\/site\/wp-content\/uploads\/2025\/01\/2025.01.27-43-Congresso-do-ANDES-SN-foto-eline-luz-andes-sn-7-1024x576.jpeg 1024w, https:\/\/www.adufpb.org.br\/site\/wp-content\/uploads\/2025\/01\/2025.01.27-43-Congresso-do-ANDES-SN-foto-eline-luz-andes-sn-7-300x169.jpeg 300w, https:\/\/www.adufpb.org.br\/site\/wp-content\/uploads\/2025\/01\/2025.01.27-43-Congresso-do-ANDES-SN-foto-eline-luz-andes-sn-7-768x432.jpeg 768w, https:\/\/www.adufpb.org.br\/site\/wp-content\/uploads\/2025\/01\/2025.01.27-43-Congresso-do-ANDES-SN-foto-eline-luz-andes-sn-7-250x141.jpeg 250w, https:\/\/www.adufpb.org.br\/site\/wp-content\/uploads\/2025\/01\/2025.01.27-43-Congresso-do-ANDES-SN-foto-eline-luz-andes-sn-7.jpeg 1272w\" sizes=\"auto, (max-width: 1024px) 100vw, 1024px\" \/><\/a><\/p>\n<p>&nbsp;<\/p>\n<p><strong>Lan\u00e7amentos<\/strong><br \/>\nDurante a plen\u00e1ria, foram lan\u00e7ados o n\u00famero 75 da revista Universidade e Sociedade, a cartilha atualizada de combate aos ass\u00e9dios moral e sexual e ao racismo, o Plano Nacional de Comunica\u00e7\u00e3o do ANDES-SN e o livro Educa\u00e7\u00e3o, Pedagogia Hist\u00f3rico-Cr\u00edtica e BNCC, do professor Demerval Saviani, publicado pela Express\u00e3o Popular em parceria com o ANDES-SN.<\/p>\n<p><strong>Document\u00e1rio e campanha \u201cSou Docente Antirracista\u201d<\/strong><br \/>\nDurante a plen\u00e1ria de abertura, tamb\u00e9m foi apresentado o trailer do document\u00e1rio &#8220;Povo Negro Fica! A luta por cotas \u00e9tnico-raciais&#8221;. O v\u00eddeo ser\u00e1 lan\u00e7ado ap\u00f3s o Congresso e integra a campanha \u201cSou Docente Antirracista\u201d.<\/p>\n<p>&nbsp;<\/p>\n<p><iframe loading=\"lazy\" title=\"YouTube video player\" src=\"https:\/\/www.youtube.com\/embed\/xNI4SQt5Hyg?si=Jc8okzSyGeXjkXQC\" width=\"560\" height=\"315\" frameborder=\"0\"><\/iframe><\/p>\n<p>&nbsp;<\/p>\n<p><em>Fonte: Andes-SN<\/em><\/p>\n","protected":false},"excerpt":{"rendered":"<p>Com uma batalha de poesia e falas de sauda\u00e7\u00e3o \u00e0 luta da categoria docente, teve in\u00edcio, na manh\u00e3 desta segunda-feira (27), o 43\u00ba Congresso do ANDES-SN.\u00a0Organizado pela Associa\u00e7\u00e3o de Docentes da Universidade Federal do Esp\u00edrito Santo (Adufes \u2013 Se\u00e7\u00e3o Sindical do ANDES-SN), o evento tem como tema central \u201cS\u00f3 o ANDES-SN nos representa: dos locais&hellip;<\/p>\n","protected":false},"author":3,"featured_media":33616,"comment_status":"closed","ping_status":"closed","sticky":false,"template":"","format":"standard","meta":{"footnotes":""},"categories":[15,417],"tags":[1741,269],"class_list":["post-33614","post","type-post","status-publish","format-standard","has-post-thumbnail","hentry","category-noticias","category-noticias-destaque","tag-43-congresso-do-andes","tag-congresso-do-andes","category-15","category-417","description-off"],"_links":{"self":[{"href":"https:\/\/www.adufpb.org.br\/site\/wp-json\/wp\/v2\/posts\/33614","targetHints":{"allow":["GET"]}}],"collection":[{"href":"https:\/\/www.adufpb.org.br\/site\/wp-json\/wp\/v2\/posts"}],"about":[{"href":"https:\/\/www.adufpb.org.br\/site\/wp-json\/wp\/v2\/types\/post"}],"author":[{"embeddable":true,"href":"https:\/\/www.adufpb.org.br\/site\/wp-json\/wp\/v2\/users\/3"}],"replies":[{"embeddable":true,"href":"https:\/\/www.adufpb.org.br\/site\/wp-json\/wp\/v2\/comments?post=33614"}],"version-history":[{"count":1,"href":"https:\/\/www.adufpb.org.br\/site\/wp-json\/wp\/v2\/posts\/33614\/revisions"}],"predecessor-version":[{"id":33621,"href":"https:\/\/www.adufpb.org.br\/site\/wp-json\/wp\/v2\/posts\/33614\/revisions\/33621"}],"wp:featuredmedia":[{"embeddable":true,"href":"https:\/\/www.adufpb.org.br\/site\/wp-json\/wp\/v2\/media\/33616"}],"wp:attachment":[{"href":"https:\/\/www.adufpb.org.br\/site\/wp-json\/wp\/v2\/media?parent=33614"}],"wp:term":[{"taxonomy":"category","embeddable":true,"href":"https:\/\/www.adufpb.org.br\/site\/wp-json\/wp\/v2\/categories?post=33614"},{"taxonomy":"post_tag","embeddable":true,"href":"https:\/\/www.adufpb.org.br\/site\/wp-json\/wp\/v2\/tags?post=33614"}],"curies":[{"name":"wp","href":"https:\/\/api.w.org\/{rel}","templated":true}]}}