{"id":3306,"date":"2012-06-05T02:41:16","date_gmt":"2012-06-05T06:41:16","guid":{"rendered":"http:\/\/www.adufpb.org.br\/site\/?p=3306"},"modified":"2012-06-05T02:41:16","modified_gmt":"2012-06-05T06:41:16","slug":"docentes-em-greve-participam-de-marcha-unificada-em-brasilia-nesta-terca-5","status":"publish","type":"post","link":"https:\/\/www.adufpb.org.br\/site\/docentes-em-greve-participam-de-marcha-unificada-em-brasilia-nesta-terca-5\/","title":{"rendered":"Docentes em greve participam de marcha unificada em Bras\u00edlia nesta ter\u00e7a (5)"},"content":{"rendered":"<p>Os professores federais em greve desde 17 de maio participam nesta ter\u00e7a-feira (5\/6) da Marcha Unificada dos Servidores P\u00fablicos Federais, na Esplanada dos Minist\u00e9rios, em Bras\u00edlia. Caravanas com professores de todas as Institui\u00e7\u00f5es Federais de Ensino em greve s\u00e3o esperadas para o ato, que deve reunir cerca de 20 mil trabalhadores federais de todo o Brasil.<\/p>\n<p>Ap\u00f3s a marcha, ser\u00e1 realizada uma plen\u00e1ria ampliada dos servidores, \u00e0s 15h, na Esplanada, para votar a greve geral do funcionalismo federal, a partir de 11 de junho. Na tarde desta segunda (4), os SPF promovem uma coletiva de imprensa na sede do ANDES-SN para explicar os motivos que podem desencadear a maior greve da hist\u00f3ria do setor p\u00fablico.<\/p>\n<p>&nbsp;<\/p>\n<p><strong>Reivindica\u00e7\u00f5es dos servidores<\/strong><\/p>\n<p>A pauta de reivindica\u00e7\u00e3o inclui sete eixos, entre os quais o reajuste de 22,08% (referente \u00e0 infla\u00e7\u00e3o e varia\u00e7\u00e3o do PIB desde 2010), em conjunto com uma pol\u00edtica salarial permanente, com reposi\u00e7\u00e3o inflacion\u00e1ria, valoriza\u00e7\u00e3o do sal\u00e1rio-base e incorpora\u00e7\u00e3o das gratifica\u00e7\u00f5es. Os servidores tamb\u00e9m pedem a implementa\u00e7\u00e3o de negocia\u00e7\u00e3o coletiva no setor p\u00fablico, com defini\u00e7\u00e3o de data-base e o cumprimento, por parte do governo, dos acordos firmados e n\u00e3o cumpridos.<\/p>\n<p>Al\u00e9m disso, os servidores v\u00eam enfrentando a precariza\u00e7\u00e3o das condi\u00e7\u00f5es de trabalho e ataques aos direitos b\u00e1sicos, como a recente privatiza\u00e7\u00e3o da previd\u00eancia, com a cria\u00e7\u00e3o da Funpresp.<\/p>\n<p>Na sexta-feira (1\/6), o F\u00f3rum das Entidades Nacionais dos SPF participaram da oitava reuni\u00e3o do ano com representantes do Minist\u00e9rio do Planejamento, sem registrar avan\u00e7os. Os dirigentes sindicais das 32 entidades dos servidores que comp\u00f5em o F\u00f3rum propuseram a flexibiliza\u00e7\u00e3o do \u00edndice de reajuste reivindicado, mas ainda n\u00e3o obtiveram resposta do governo.<\/p>\n<p>&nbsp;<\/p>\n<p>Professores em greve<\/p>\n<p>A greve dos professores das Institui\u00e7\u00f5es Federais de Ensino completou 18 dias nesta segunda-feira (4). Desde a deflagra\u00e7\u00e3o da paralisa\u00e7\u00e3o nacional por tempo indeterminado em 17 de maio, docentes de 49 institui\u00e7\u00f5es j\u00e1 suspenderam as atividades. Veja aqui a lista atualizada.<\/p>\n<p>O movimento \u00e9 considerado pelo Comando Nacional de Greve (CNG) do ANDES-SN um dos mais fortes j\u00e1 ocorridos nas Ifes. A expectativa agora \u00e9 intensificar as a\u00e7\u00f5es de mobiliza\u00e7\u00e3o para pressionar o governo a abrir negocia\u00e7\u00e3o com a categoria.<\/p>\n<p>\u201cA palavra de ordem do nosso movimento agora, mais do que nunca, \u00e9 negocia\u00e7\u00e3o. Queremos o agendamento de reuni\u00f5es com interlocutores credenciados, com urg\u00eancia, para buscarmos uma solu\u00e7\u00e3o positiva ao impasse estabelecido o mais rapidamente poss\u00edvel\u201d, disse Luiz Henrique Schuch, 1\u00ba vice-presidente do ANDES-SN e representante do CNG.<\/p>\n<p>&nbsp;<\/p>\n<p><em>Fonte: ANDES-SN<\/em><\/p>\n","protected":false},"excerpt":{"rendered":"<p>Os professores federais em greve desde 17 de maio participam nesta ter\u00e7a-feira (5\/6) da Marcha Unificada dos Servidores P\u00fablicos Federais, na Esplanada dos Minist\u00e9rios, em Bras\u00edlia. Caravanas com professores de todas as Institui\u00e7\u00f5es Federais de Ensino em greve s\u00e3o esperadas para o ato, que deve reunir cerca de 20 mil trabalhadores federais de todo o&hellip;<\/p>\n","protected":false},"author":3,"featured_media":0,"comment_status":"open","ping_status":"open","sticky":false,"template":"","format":"standard","meta":{"footnotes":""},"categories":[15],"tags":[132],"class_list":["post-3306","post","type-post","status-publish","format-standard","hentry","category-noticias","tag-greve","category-15","description-off"],"_links":{"self":[{"href":"https:\/\/www.adufpb.org.br\/site\/wp-json\/wp\/v2\/posts\/3306","targetHints":{"allow":["GET"]}}],"collection":[{"href":"https:\/\/www.adufpb.org.br\/site\/wp-json\/wp\/v2\/posts"}],"about":[{"href":"https:\/\/www.adufpb.org.br\/site\/wp-json\/wp\/v2\/types\/post"}],"author":[{"embeddable":true,"href":"https:\/\/www.adufpb.org.br\/site\/wp-json\/wp\/v2\/users\/3"}],"replies":[{"embeddable":true,"href":"https:\/\/www.adufpb.org.br\/site\/wp-json\/wp\/v2\/comments?post=3306"}],"version-history":[{"count":1,"href":"https:\/\/www.adufpb.org.br\/site\/wp-json\/wp\/v2\/posts\/3306\/revisions"}],"predecessor-version":[{"id":3307,"href":"https:\/\/www.adufpb.org.br\/site\/wp-json\/wp\/v2\/posts\/3306\/revisions\/3307"}],"wp:attachment":[{"href":"https:\/\/www.adufpb.org.br\/site\/wp-json\/wp\/v2\/media?parent=3306"}],"wp:term":[{"taxonomy":"category","embeddable":true,"href":"https:\/\/www.adufpb.org.br\/site\/wp-json\/wp\/v2\/categories?post=3306"},{"taxonomy":"post_tag","embeddable":true,"href":"https:\/\/www.adufpb.org.br\/site\/wp-json\/wp\/v2\/tags?post=3306"}],"curies":[{"name":"wp","href":"https:\/\/api.w.org\/{rel}","templated":true}]}}