{"id":3298,"date":"2012-06-04T23:52:22","date_gmt":"2012-06-05T03:52:22","guid":{"rendered":"http:\/\/www.adufpb.org.br\/site\/?p=3298"},"modified":"2012-06-04T23:52:22","modified_gmt":"2012-06-05T03:52:22","slug":"senado-aprova-criacao-de-mais-de-43-mil-cargos-para-professor-federal","status":"publish","type":"post","link":"https:\/\/www.adufpb.org.br\/site\/senado-aprova-criacao-de-mais-de-43-mil-cargos-para-professor-federal\/","title":{"rendered":"Senado aprova cria\u00e7\u00e3o de mais de 43 mil cargos para professor federal"},"content":{"rendered":"<p>O Plen\u00e1rio do Senado aprovou, nesta quarta-feira (30), o projeto de lei da C\u00e2mara (PLC 36\/2012) que autoriza o Minist\u00e9rio da Educa\u00e7\u00e3o a criar mais de 77 mil cargos e fun\u00e7\u00f5es a serem preenchidos deste ano at\u00e9 2014. A mat\u00e9ria j\u00e1 tinha sido aprovada pelas comiss\u00f5es de Constitui\u00e7\u00e3o, Justi\u00e7a e Cidadania (CCJ) e de Educa\u00e7\u00e3o, Cultura e Esporte (CE).<\/p>\n<p>Segundo a proposta, s\u00e3o institu\u00eddos 43.875 cargos de professor, dos quais 19.569 da carreira de magist\u00e9rio superior e 24.306 do magist\u00e9rio do ensino b\u00e1sico, t\u00e9cnico e tecnol\u00f3gico. S\u00e3o criados ainda 27.714 cargos de t\u00e9cnico administrativo, al\u00e9m de 1.608 cargos de dire\u00e7\u00e3o e 3.981 fun\u00e7\u00f5es gratificadas.<\/p>\n<p>A cria\u00e7\u00e3o de cargos na carreira de professores e de t\u00e9cnico administrativos faz parte da pauta de reivindica\u00e7\u00f5es do setor das Institui\u00e7\u00f5es Federais de Ensino Superior (Ifes) como condi\u00e7\u00e3o do padr\u00e3o de qualidade nas universidades e vem sendo constantemente cobrada pelo ANDES-SN.<\/p>\n<p>\u201cAtuamos politicamente para que essa cria\u00e7\u00e3o de cargos se desse com urg\u00eancia, por\u00e9m com s\u00e9rias cr\u00edticas a alguns crit\u00e9rios embutidos pelo governo no projeto de lei. A luta agora \u00e9 para que haja transpar\u00eancia nos crit\u00e9rios de distribui\u00e7\u00e3o desses cargos entre as Ifes e, internamente, a cada institui\u00e7\u00e3o\u201d, ressalta Luiz Henrique Schuch, 1\u00ba vice-presidente do ANDES-SN.<\/p>\n<p>De acordo com o diretor do Sindicato Nacional, a expectativa \u00e9 que os concursos e contrata\u00e7\u00f5es sejam autorizados imediatamente para cobrir \u201ca car\u00eancia evidente de pessoal demonstrada na pr\u00e1tica pelas in\u00fameras disciplinas a descoberto nos \u00faltimos semestres letivos\u201d.<\/p>\n<p>A mat\u00e9ria vai agora \u00e0 san\u00e7\u00e3o presidencial.<\/p>\n<p>Com informa\u00e7\u00f5es da Ag\u00eancia Senado<\/p>\n<p>&nbsp;<\/p>\n<p><em>Fonte: ANDES-SN<\/em><\/p>\n","protected":false},"excerpt":{"rendered":"<p>O Plen\u00e1rio do Senado aprovou, nesta quarta-feira (30), o projeto de lei da C\u00e2mara (PLC 36\/2012) que autoriza o Minist\u00e9rio da Educa\u00e7\u00e3o a criar mais de 77 mil cargos e fun\u00e7\u00f5es a serem preenchidos deste ano at\u00e9 2014. A mat\u00e9ria j\u00e1 tinha sido aprovada pelas comiss\u00f5es de Constitui\u00e7\u00e3o, Justi\u00e7a e Cidadania (CCJ) e de Educa\u00e7\u00e3o,&hellip;<\/p>\n","protected":false},"author":3,"featured_media":0,"comment_status":"open","ping_status":"open","sticky":false,"template":"","format":"standard","meta":{"footnotes":""},"categories":[15],"tags":[132],"class_list":["post-3298","post","type-post","status-publish","format-standard","hentry","category-noticias","tag-greve","category-15","description-off"],"_links":{"self":[{"href":"https:\/\/www.adufpb.org.br\/site\/wp-json\/wp\/v2\/posts\/3298","targetHints":{"allow":["GET"]}}],"collection":[{"href":"https:\/\/www.adufpb.org.br\/site\/wp-json\/wp\/v2\/posts"}],"about":[{"href":"https:\/\/www.adufpb.org.br\/site\/wp-json\/wp\/v2\/types\/post"}],"author":[{"embeddable":true,"href":"https:\/\/www.adufpb.org.br\/site\/wp-json\/wp\/v2\/users\/3"}],"replies":[{"embeddable":true,"href":"https:\/\/www.adufpb.org.br\/site\/wp-json\/wp\/v2\/comments?post=3298"}],"version-history":[{"count":1,"href":"https:\/\/www.adufpb.org.br\/site\/wp-json\/wp\/v2\/posts\/3298\/revisions"}],"predecessor-version":[{"id":3299,"href":"https:\/\/www.adufpb.org.br\/site\/wp-json\/wp\/v2\/posts\/3298\/revisions\/3299"}],"wp:attachment":[{"href":"https:\/\/www.adufpb.org.br\/site\/wp-json\/wp\/v2\/media?parent=3298"}],"wp:term":[{"taxonomy":"category","embeddable":true,"href":"https:\/\/www.adufpb.org.br\/site\/wp-json\/wp\/v2\/categories?post=3298"},{"taxonomy":"post_tag","embeddable":true,"href":"https:\/\/www.adufpb.org.br\/site\/wp-json\/wp\/v2\/tags?post=3298"}],"curies":[{"name":"wp","href":"https:\/\/api.w.org\/{rel}","templated":true}]}}