{"id":3296,"date":"2012-06-04T23:44:04","date_gmt":"2012-06-05T03:44:04","guid":{"rendered":"http:\/\/www.adufpb.org.br\/site\/?p=3296"},"modified":"2014-02-19T16:08:33","modified_gmt":"2014-02-19T20:08:33","slug":"as-contradicoes-salariais-no-brasil","status":"publish","type":"post","link":"https:\/\/www.adufpb.org.br\/site\/as-contradicoes-salariais-no-brasil\/","title":{"rendered":"As contradi\u00e7\u00f5es salariais no Brasil"},"content":{"rendered":"<p>Os professores universit\u00e1rios das universidades federais e dos CEFETs est\u00e3o em greve desde 15 de maio. Estamos lutando pelo plano da carreira, melhores sal\u00e1rios, incorpora\u00e7\u00e3o da gratifica\u00e7\u00e3o ao sal\u00e1rio, entre outras.<\/p>\n<p>Por qu\u00ea o governo n\u00e3o escuta os professores, j\u00e1 que transmitem o conhecimento para a popula\u00e7\u00e3o e consequentemente melhoram o pa\u00eds? Um dos motivos \u00e9 que uma parcela da popula\u00e7\u00e3o n\u00e3o valoriza a educa\u00e7\u00e3o e nem os professores (os pol\u00edticos s\u00e3o espelho do povo). Outro \u00e9 que o governo acha que j\u00e1 remunera muito bem.<\/p>\n<p>O reconhecimento do Minist\u00e9rio da Educa\u00e7\u00e3o quanto ao poder da educa\u00e7\u00e3o e consequentemente do valor do professor neste contexto \u00e9 essencial. Dilma, quando foi aos EUA, visitou centros de excel\u00eancia em ensino e ficou admirada.<\/p>\n<p>A imprensa fica muda diante da greve dos professores. N\u00e3o fazem reportagens, n\u00e3o entrevistam presidentes das associa\u00e7\u00f5es docentes. Nada, nada. \u00c9 como n\u00e3o exist\u00edssemos. A educa\u00e7\u00e3o e o papel do professor na forma\u00e7\u00e3o do povo n\u00e3o d\u00e3o ibope.<\/p>\n<p>Muitos n\u00e3o sabem que um professor universit\u00e1rio que trabalha 40 horas por semana (de segunda a sexta, manh\u00e3 e tarde) tem uma remunera\u00e7\u00e3o b\u00e1sica de aproximadamente R$ 1500,00. Se tiver mestrado e doutorado \u00e9 acrescido R$ 1200,00. Recebem tamb\u00e9m uma gratifica\u00e7\u00e3o de R$ 1500,00 (que n\u00e3o entra na aposentadoria), totalizando R$ 4200,00. Se o professor for dedica\u00e7\u00e3o exclusiva, recebe um pouco mais. E esse sal\u00e1rio \u00e9 pago depois de anos de trabalho (20 anos). O professor iniciante recebe muito menos. E ainda fui generosa com os valores que citei.<\/p>\n<p>Ser\u00e1 que os professores dos centros de excel\u00eancia dos EUA ganham isso?<\/p>\n<p>O curso de medicina requer uma responsabilidade muito grande. Ensinamos os alunos a serem m\u00e9dicos, os quais v\u00e3o atender a popula\u00e7\u00e3o. Para isso consultamos os pacientes para demonstrar as v\u00e1rias etapas de uma consulta. Devemos passar a \u00e9tica no trato com o indiv\u00edduo, a import\u00e2ncia da rela\u00e7\u00e3o m\u00e9dico-paciente, diagnosticar e tratar. Temos responsabilidade com o paciente e com o aluno. Prepararamos aulas. Temos que nos atualizar constantemente, pois os avan\u00e7os da medicina s\u00e3o quase que di\u00e1rios.<\/p>\n<p>H\u00e1 tanto tempo que o trabalho do professor \u00e9 desvalorizado, que at\u00e9 esquecemos da sua import\u00e2ncia e cansamos de lutar. A maioria trabalha por gostar de ser professor. Alguns para dizer que s\u00e3o professores universit\u00e1rios, como status. Mas isso \u00e9 o de menos. Na verdade os professores est\u00e3o lutando por dignidade e reconhecimento do seu valor atrav\u00e9s do seu trabalho!<\/p>\n<p>Abra\u00e7os, Isabel (professora h\u00e1 29 anos)<\/p>\n<p><em>* Artigo encaminhado por e-mail<\/em><\/p>\n","protected":false},"excerpt":{"rendered":"<p>Os professores universit\u00e1rios das universidades federais e dos CEFETs est\u00e3o em greve desde 15 de maio. Estamos lutando pelo plano da carreira, melhores sal\u00e1rios, incorpora\u00e7\u00e3o da gratifica\u00e7\u00e3o ao sal\u00e1rio, entre outras. Por qu\u00ea o governo n\u00e3o escuta os professores, j\u00e1 que transmitem o conhecimento para a popula\u00e7\u00e3o e consequentemente melhoram o pa\u00eds? Um dos motivos&hellip;<\/p>\n","protected":false},"author":3,"featured_media":0,"comment_status":"open","ping_status":"open","sticky":false,"template":"","format":"standard","meta":{"footnotes":""},"categories":[16],"tags":[132],"class_list":["post-3296","post","type-post","status-publish","format-standard","hentry","category-artigos","tag-greve","category-16","description-off"],"_links":{"self":[{"href":"https:\/\/www.adufpb.org.br\/site\/wp-json\/wp\/v2\/posts\/3296","targetHints":{"allow":["GET"]}}],"collection":[{"href":"https:\/\/www.adufpb.org.br\/site\/wp-json\/wp\/v2\/posts"}],"about":[{"href":"https:\/\/www.adufpb.org.br\/site\/wp-json\/wp\/v2\/types\/post"}],"author":[{"embeddable":true,"href":"https:\/\/www.adufpb.org.br\/site\/wp-json\/wp\/v2\/users\/3"}],"replies":[{"embeddable":true,"href":"https:\/\/www.adufpb.org.br\/site\/wp-json\/wp\/v2\/comments?post=3296"}],"version-history":[{"count":2,"href":"https:\/\/www.adufpb.org.br\/site\/wp-json\/wp\/v2\/posts\/3296\/revisions"}],"predecessor-version":[{"id":8019,"href":"https:\/\/www.adufpb.org.br\/site\/wp-json\/wp\/v2\/posts\/3296\/revisions\/8019"}],"wp:attachment":[{"href":"https:\/\/www.adufpb.org.br\/site\/wp-json\/wp\/v2\/media?parent=3296"}],"wp:term":[{"taxonomy":"category","embeddable":true,"href":"https:\/\/www.adufpb.org.br\/site\/wp-json\/wp\/v2\/categories?post=3296"},{"taxonomy":"post_tag","embeddable":true,"href":"https:\/\/www.adufpb.org.br\/site\/wp-json\/wp\/v2\/tags?post=3296"}],"curies":[{"name":"wp","href":"https:\/\/api.w.org\/{rel}","templated":true}]}}