{"id":32836,"date":"1993-05-09T16:51:16","date_gmt":"1993-05-09T19:51:16","guid":{"rendered":"https:\/\/www.adufpb.org.br\/site\/?p=32836"},"modified":"2024-11-09T16:55:07","modified_gmt":"2024-11-09T19:55:07","slug":"boletim-ad-informa-greve-maio-de-1993","status":"publish","type":"post","link":"https:\/\/www.adufpb.org.br\/site\/boletim-ad-informa-greve-maio-de-1993\/","title":{"rendered":"Boletim AD Informa Greve | Maio de 1993"},"content":{"rendered":"<div class=\"wpb-content-wrapper\"><p>[vc_row][vc_column width=&#8221;1\/6&#8243;][\/vc_column][vc_column width=&#8221;2\/3&#8243;][vc_empty_space height=&#8221;40px&#8221;][vc_single_image image=&#8221;32837&#8243; img_size=&#8221;&#8221; alignment=&#8221;center&#8221;][vc_empty_space height=&#8221;20px&#8221;][vc_column_text]<\/p>\n<p style=\"text-align: center;\">Acesse a publica\u00e7\u00e3o.<\/p>\n<p style=\"text-align: center;\"><a href=\"https:\/\/www.adufpb.org.br\/site\/wp-content\/uploads\/2024\/11\/1993-05-BOLETIM-ADInforma-GREVE.pdf\" target=\"_blank\" rel=\"noopener\">Vers\u00e3o PDF<\/a>.<\/p>\n<p>[\/vc_column_text][\/vc_column][vc_column width=&#8221;1\/6&#8243;][\/vc_column][\/vc_row]<\/p>\n<\/div>","protected":false},"excerpt":{"rendered":"<p>[vc_row][vc_column width=&#8221;1\/6&#8243;][\/vc_column][vc_column width=&#8221;2\/3&#8243;][vc_empty_space height=&#8221;40px&#8221;][vc_single_image image=&#8221;32837&#8243; img_size=&#8221;&#8221; alignment=&#8221;center&#8221;][vc_empty_space height=&#8221;20px&#8221;][vc_column_text] Acesse a publica\u00e7\u00e3o. Vers\u00e3o PDF. [\/vc_column_text][\/vc_column][vc_column width=&#8221;1\/6&#8243;][\/vc_column][\/vc_row]<\/p>\n","protected":false},"author":1,"featured_media":32837,"comment_status":"closed","ping_status":"closed","sticky":false,"template":"","format":"standard","meta":{"footnotes":""},"categories":[1734,19],"tags":[],"class_list":["post-32836","post","type-post","status-publish","format-standard","has-post-thumbnail","hentry","category-acervo-1990-a-2000","category-aduf-informa","category-1734","category-19","description-off"],"_links":{"self":[{"href":"https:\/\/www.adufpb.org.br\/site\/wp-json\/wp\/v2\/posts\/32836","targetHints":{"allow":["GET"]}}],"collection":[{"href":"https:\/\/www.adufpb.org.br\/site\/wp-json\/wp\/v2\/posts"}],"about":[{"href":"https:\/\/www.adufpb.org.br\/site\/wp-json\/wp\/v2\/types\/post"}],"author":[{"embeddable":true,"href":"https:\/\/www.adufpb.org.br\/site\/wp-json\/wp\/v2\/users\/1"}],"replies":[{"embeddable":true,"href":"https:\/\/www.adufpb.org.br\/site\/wp-json\/wp\/v2\/comments?post=32836"}],"version-history":[{"count":1,"href":"https:\/\/www.adufpb.org.br\/site\/wp-json\/wp\/v2\/posts\/32836\/revisions"}],"predecessor-version":[{"id":32840,"href":"https:\/\/www.adufpb.org.br\/site\/wp-json\/wp\/v2\/posts\/32836\/revisions\/32840"}],"wp:featuredmedia":[{"embeddable":true,"href":"https:\/\/www.adufpb.org.br\/site\/wp-json\/wp\/v2\/media\/32837"}],"wp:attachment":[{"href":"https:\/\/www.adufpb.org.br\/site\/wp-json\/wp\/v2\/media?parent=32836"}],"wp:term":[{"taxonomy":"category","embeddable":true,"href":"https:\/\/www.adufpb.org.br\/site\/wp-json\/wp\/v2\/categories?post=32836"},{"taxonomy":"post_tag","embeddable":true,"href":"https:\/\/www.adufpb.org.br\/site\/wp-json\/wp\/v2\/tags?post=32836"}],"curies":[{"name":"wp","href":"https:\/\/api.w.org\/{rel}","templated":true}]}}