{"id":3281,"date":"2012-06-03T10:01:10","date_gmt":"2012-06-03T14:01:10","guid":{"rendered":"http:\/\/www.adufpb.org.br\/site\/?p=3281"},"modified":"2012-06-03T10:08:16","modified_gmt":"2012-06-03T14:08:16","slug":"confira-as-imagens-dos-eventos-da-semana-e-o-calendario-de-atividades","status":"publish","type":"post","link":"https:\/\/www.adufpb.org.br\/site\/confira-as-imagens-dos-eventos-da-semana-e-o-calendario-de-atividades\/","title":{"rendered":"Confira as atividades realizadas na \u00faltima semana"},"content":{"rendered":"<p><a href=\"http:\/\/www.adufpb.org.br\/site\/wp-content\/uploads\/2012\/06\/ATO-P\u00daBLICO-CLG_ADUFPB-02.jpg\"><img loading=\"lazy\" decoding=\"async\" class=\"alignleft size-medium wp-image-3283\" title=\"ATO P\u00daBLICO CLG_ADUFPB 02\" src=\"http:\/\/www.adufpb.org.br\/site\/wp-content\/uploads\/2012\/06\/ATO-P\u00daBLICO-CLG_ADUFPB-02-300x187.jpg\" alt=\"\" width=\"300\" height=\"187\" srcset=\"https:\/\/www.adufpb.org.br\/site\/wp-content\/uploads\/2012\/06\/ATO-P\u00daBLICO-CLG_ADUFPB-02-300x187.jpg 300w, https:\/\/www.adufpb.org.br\/site\/wp-content\/uploads\/2012\/06\/ATO-P\u00daBLICO-CLG_ADUFPB-02-1024x641.jpg 1024w\" sizes=\"auto, (max-width: 300px) 100vw, 300px\" \/><\/a>O Comando Local de Greve dos professores da UFPB realizou na quarta-feira (30\/5) pela manh\u00e3 um ato p\u00fablico em frente ao port\u00e3o principal da universidade para conscientizar a popula\u00e7\u00e3o sobre o movimento que parou as atividades em 48 institui\u00e7\u00f5es federais de ensino do Pa\u00eds.<\/p>\n<p>Cerca de 50 pessoas, entre professores e estudantes, participaram da mobiliza\u00e7\u00e3o distribuindo panfletos, informativos e adesivos. Em um carro de som, os integrantes do movimento falavam \u00e0 comunidade sobre as reivindica\u00e7\u00f5es do movimento e chamavam todos a participarem da luta.<\/p>\n<p><a href=\"http:\/\/www.adufpb.org.br\/site\/wp-content\/uploads\/2012\/06\/ATO-P\u00daBLICO-CLG_ADUFPB-06.jpg\"><img loading=\"lazy\" decoding=\"async\" class=\"alignright size-medium wp-image-3284\" title=\"ATO P\u00daBLICO CLG_ADUFPB 06\" src=\"http:\/\/www.adufpb.org.br\/site\/wp-content\/uploads\/2012\/06\/ATO-P\u00daBLICO-CLG_ADUFPB-06-300x225.jpg\" alt=\"\" width=\"300\" height=\"225\" srcset=\"https:\/\/www.adufpb.org.br\/site\/wp-content\/uploads\/2012\/06\/ATO-P\u00daBLICO-CLG_ADUFPB-06-300x225.jpg 300w, https:\/\/www.adufpb.org.br\/site\/wp-content\/uploads\/2012\/06\/ATO-P\u00daBLICO-CLG_ADUFPB-06-1024x768.jpg 1024w\" sizes=\"auto, (max-width: 300px) 100vw, 300px\" \/><\/a>Na opini\u00e3o do estudante de Ci\u00eancias Sociais Yuri Ezequiel, que atual situa\u00e7\u00e3o dos alunos das universidades federais, que precisam lidar diariamente com falta de laborat\u00f3rios, turmas superlotadas e instala\u00e7\u00f5es prec\u00e1rias, \u00e9 consequ\u00eancia da falta de investimento nas institui\u00e7\u00f5es de ensino. \u201cPor isso essa luta dos professores \u00e9 de todos n\u00f3s\u201d, afirma.<\/p>\n<p>Ele diz que falta estrutura b\u00e1sica aos cursos da UFPB. \u201cA minha sala tem 65 alunos, quando o normal seriam 30. As salas s\u00e3o muito quentes, n\u00e3o temos recursos de multim\u00eddia e nem mesmo cadeira para sentar \u00e0s vezes\u201d, desabafa.<\/p>\n<p style=\"text-align: center;\"><a href=\"http:\/\/www.adufpb.org.br\/site\/wp-content\/uploads\/2012\/06\/ATO-P\u00daBLICO-CLG_ADUFPB-01.jpg\"><img loading=\"lazy\" decoding=\"async\" class=\"aligncenter size-medium wp-image-3282\" title=\"ATO P\u00daBLICO CLG_ADUFPB 01\" src=\"http:\/\/www.adufpb.org.br\/site\/wp-content\/uploads\/2012\/06\/ATO-P\u00daBLICO-CLG_ADUFPB-01-300x182.jpg\" alt=\"\" width=\"300\" height=\"182\" srcset=\"https:\/\/www.adufpb.org.br\/site\/wp-content\/uploads\/2012\/06\/ATO-P\u00daBLICO-CLG_ADUFPB-01-300x182.jpg 300w, https:\/\/www.adufpb.org.br\/site\/wp-content\/uploads\/2012\/06\/ATO-P\u00daBLICO-CLG_ADUFPB-01-1024x623.jpg 1024w\" sizes=\"auto, (max-width: 300px) 100vw, 300px\" \/><\/a><\/p>\n<p><strong>Movimento fortalecido<\/strong><\/p>\n<p>Ao longo da semana os professores do Comando Local de Greve realizaram visitas aos departamentos para convidar toda a comunidade universit\u00e1ria a apoiar a luta dos docentes. A semana encerrou com 48 institui\u00e7\u00f5es de ensino em greve em todo o Brasil. A mais recente ades\u00e3o foi da UFBA.<\/p>\n<div id=\"attachment_3285\" style=\"width: 310px\" class=\"wp-caption alignleft\"><a href=\"http:\/\/www.adufpb.org.br\/site\/wp-content\/uploads\/2012\/06\/CONSUNI-VOTA-NOTA-DE-APOIO.jpg\"><img loading=\"lazy\" decoding=\"async\" aria-describedby=\"caption-attachment-3285\" class=\"size-medium wp-image-3285\" title=\"CONSUNI VOTA NOTA DE APOIO\" src=\"http:\/\/www.adufpb.org.br\/site\/wp-content\/uploads\/2012\/06\/CONSUNI-VOTA-NOTA-DE-APOIO-300x225.jpg\" alt=\"\" width=\"300\" height=\"225\" srcset=\"https:\/\/www.adufpb.org.br\/site\/wp-content\/uploads\/2012\/06\/CONSUNI-VOTA-NOTA-DE-APOIO-300x225.jpg 300w, https:\/\/www.adufpb.org.br\/site\/wp-content\/uploads\/2012\/06\/CONSUNI-VOTA-NOTA-DE-APOIO-1024x768.jpg 1024w\" sizes=\"auto, (max-width: 300px) 100vw, 300px\" \/><\/a><p id=\"caption-attachment-3285\" class=\"wp-caption-text\">Consuni aprova mo\u00e7\u00e3o de apoio \u00e0 greve<\/p><\/div>\n<p>Dois fatos importantes aconteceram esta semana refor\u00e7am ainda mais a luta. Na segunda-feira (28\/5), o Conselho Universit\u00e1rio (Consuni) da UFPB aprovou uma mo\u00e7\u00e3o de apoio \u00e0 greve e \u00e0s reivindica\u00e7\u00f5es dos docentes.<\/p>\n<p>J\u00e1 na quarta-feira (30\/5), os servidores t\u00e9cnico-administrativos da Para\u00edba aprovaram indicativo de greve para o dia 11 de junho. No dia 5, eles v\u00e3o realizar uma manifesta\u00e7\u00e3o no Busto de Tamandar\u00e9. J\u00e1 no dia 6, haver\u00e1 paralisa\u00e7\u00e3o do Hospital Universit\u00e1rio.<\/p>\n<p>&nbsp;<\/p>\n<p><strong>Atividades culturais<\/strong><\/p>\n<p>Dentro do calend\u00e1rio de atividades, o Comando Local de Greve realizou dois eventos culturais esta semana. Na quarta-feira \u00e0 tarde, ocorreu a primeira edi\u00e7\u00e3o do Cineclube, com a apresenta\u00e7\u00e3o do document\u00e1ria &#8220;La Revoluci\u00f3n de los Pinguinos&#8221;, sobre o levante dos estudantes secundaristas chilenos, no Centro de Viv\u00eancia.<\/p>\n<p><a href=\"http:\/\/www.adufpb.org.br\/site\/wp-content\/uploads\/2012\/06\/FORRO-DA-GREVE-ADUFPB-WEB-10.jpg\"><img loading=\"lazy\" decoding=\"async\" class=\"alignright size-medium wp-image-3286\" title=\"FORRO DA GREVE ADUFPB WEB 10\" src=\"http:\/\/www.adufpb.org.br\/site\/wp-content\/uploads\/2012\/06\/FORRO-DA-GREVE-ADUFPB-WEB-10-300x212.jpg\" alt=\"\" width=\"300\" height=\"212\" srcset=\"https:\/\/www.adufpb.org.br\/site\/wp-content\/uploads\/2012\/06\/FORRO-DA-GREVE-ADUFPB-WEB-10-300x212.jpg 300w, https:\/\/www.adufpb.org.br\/site\/wp-content\/uploads\/2012\/06\/FORRO-DA-GREVE-ADUFPB-WEB-10-1024x724.jpg 1024w\" sizes=\"auto, (max-width: 300px) 100vw, 300px\" \/><\/a>J\u00e1 na sexta-feira (1\/6), o Comando Local de Greve realizou Forr\u00f3 da Greve, tamb\u00e9m no Centro de Viv\u00eancia. A festa come\u00e7ou ao meio-dia e contou com a participa\u00e7\u00e3o da Banda de Jos\u00e9 Limeira, que tocou grande sucessos do forr\u00f3 p\u00e9 de serra.<\/p>\n<p>Entre os integrantes da mobiliza\u00e7\u00e3o est\u00e1 a professora Aparecida Ramos, de Servi\u00e7o Social. Atualmente ela \u00e9 secret\u00e1ria estadual de Desenvolvimento Humano da Para\u00edba e j\u00e1 foi integrante da diretoria executiva da ADUFPB por tr\u00eas gest\u00e3os. \u201cUma mobiliza\u00e7\u00e3o e organiza\u00e7\u00e3o dos professores neste momento \u00e9 muito importante para reafirmar a necessidade de reestrutura\u00e7\u00e3o da carreira\u201d, afirma Aparecida Ramos.<\/p>\n<p>De acordo com ela, os sal\u00e1rios dos professores federais est\u00e3o defasados e as condi\u00e7\u00f5es de trabalho cada vez mais prec\u00e1rias. \u201cDa forma como a coisa est\u00e1, n\u00e3o \u00e9 poss\u00edvel falar hoje em dia em educa\u00e7\u00e3o de qualidade, em forma\u00e7\u00e3o de profissionais para o crescimento do Pa\u00eds, declara.<\/p>\n<p>&nbsp;<\/p>\n<p style=\"text-align: center;\"><a href=\"http:\/\/www.adufpb.org.br\/site\/wp-content\/uploads\/2012\/06\/FORRO-DA-GREVE-ADUFPB-WEB-11.jpg\"><img loading=\"lazy\" decoding=\"async\" class=\"aligncenter size-medium wp-image-3287\" title=\"FORRO DA GREVE ADUFPB WEB 11\" src=\"http:\/\/www.adufpb.org.br\/site\/wp-content\/uploads\/2012\/06\/FORRO-DA-GREVE-ADUFPB-WEB-11-300x146.jpg\" alt=\"\" width=\"300\" height=\"146\" srcset=\"https:\/\/www.adufpb.org.br\/site\/wp-content\/uploads\/2012\/06\/FORRO-DA-GREVE-ADUFPB-WEB-11-300x146.jpg 300w, https:\/\/www.adufpb.org.br\/site\/wp-content\/uploads\/2012\/06\/FORRO-DA-GREVE-ADUFPB-WEB-11-1024x499.jpg 1024w\" sizes=\"auto, (max-width: 300px) 100vw, 300px\" \/><\/a><\/p>\n<p style=\"text-align: center;\"><a href=\"http:\/\/www.adufpb.org.br\/site\/wp-content\/uploads\/2012\/06\/FORRO-DA-GREVE-ADUFPB-WEB-09.jpg\"><img loading=\"lazy\" decoding=\"async\" class=\"aligncenter size-medium wp-image-3288\" title=\"FORRO DA GREVE ADUFPB WEB 09\" src=\"http:\/\/www.adufpb.org.br\/site\/wp-content\/uploads\/2012\/06\/FORRO-DA-GREVE-ADUFPB-WEB-09-300x179.jpg\" alt=\"\" width=\"300\" height=\"179\" srcset=\"https:\/\/www.adufpb.org.br\/site\/wp-content\/uploads\/2012\/06\/FORRO-DA-GREVE-ADUFPB-WEB-09-300x179.jpg 300w, https:\/\/www.adufpb.org.br\/site\/wp-content\/uploads\/2012\/06\/FORRO-DA-GREVE-ADUFPB-WEB-09-1024x610.jpg 1024w, https:\/\/www.adufpb.org.br\/site\/wp-content\/uploads\/2012\/06\/FORRO-DA-GREVE-ADUFPB-WEB-09-250x150.jpg 250w\" sizes=\"auto, (max-width: 300px) 100vw, 300px\" \/><\/a><\/p>\n<p><em>Fonte: Ascom ADUFPB<\/em><\/p>\n","protected":false},"excerpt":{"rendered":"<p>O Comando Local de Greve dos professores da UFPB realizou na quarta-feira (30\/5) pela manh\u00e3 um ato p\u00fablico em frente ao port\u00e3o principal da universidade para conscientizar a popula\u00e7\u00e3o sobre o movimento que parou as atividades em 48 institui\u00e7\u00f5es federais de ensino do Pa\u00eds. Cerca de 50 pessoas, entre professores e estudantes, participaram da mobiliza\u00e7\u00e3o&hellip;<\/p>\n","protected":false},"author":3,"featured_media":0,"comment_status":"open","ping_status":"open","sticky":false,"template":"","format":"standard","meta":{"footnotes":""},"categories":[15],"tags":[132],"class_list":["post-3281","post","type-post","status-publish","format-standard","hentry","category-noticias","tag-greve","category-15","description-off"],"_links":{"self":[{"href":"https:\/\/www.adufpb.org.br\/site\/wp-json\/wp\/v2\/posts\/3281","targetHints":{"allow":["GET"]}}],"collection":[{"href":"https:\/\/www.adufpb.org.br\/site\/wp-json\/wp\/v2\/posts"}],"about":[{"href":"https:\/\/www.adufpb.org.br\/site\/wp-json\/wp\/v2\/types\/post"}],"author":[{"embeddable":true,"href":"https:\/\/www.adufpb.org.br\/site\/wp-json\/wp\/v2\/users\/3"}],"replies":[{"embeddable":true,"href":"https:\/\/www.adufpb.org.br\/site\/wp-json\/wp\/v2\/comments?post=3281"}],"version-history":[{"count":4,"href":"https:\/\/www.adufpb.org.br\/site\/wp-json\/wp\/v2\/posts\/3281\/revisions"}],"predecessor-version":[{"id":3292,"href":"https:\/\/www.adufpb.org.br\/site\/wp-json\/wp\/v2\/posts\/3281\/revisions\/3292"}],"wp:attachment":[{"href":"https:\/\/www.adufpb.org.br\/site\/wp-json\/wp\/v2\/media?parent=3281"}],"wp:term":[{"taxonomy":"category","embeddable":true,"href":"https:\/\/www.adufpb.org.br\/site\/wp-json\/wp\/v2\/categories?post=3281"},{"taxonomy":"post_tag","embeddable":true,"href":"https:\/\/www.adufpb.org.br\/site\/wp-json\/wp\/v2\/tags?post=3281"}],"curies":[{"name":"wp","href":"https:\/\/api.w.org\/{rel}","templated":true}]}}