{"id":32565,"date":"2024-10-23T21:50:22","date_gmt":"2024-10-24T00:50:22","guid":{"rendered":"https:\/\/www.adufpb.org.br\/site\/?p=32565"},"modified":"2024-11-01T10:22:12","modified_gmt":"2024-11-01T13:22:12","slug":"adufpb-realiza-reuniao-com-reitora-eleita-para-discutir-reivindicacoes-da-categoria","status":"publish","type":"post","link":"https:\/\/www.adufpb.org.br\/site\/adufpb-realiza-reuniao-com-reitora-eleita-para-discutir-reivindicacoes-da-categoria\/","title":{"rendered":"ADUFPB realiza reuni\u00e3o com reitora eleita para discutir reivindica\u00e7\u00f5es da categoria"},"content":{"rendered":"<p>&nbsp;<\/p>\n<p><a class=\"dt-pswp-item\" href=\"https:\/\/www.adufpb.org.br\/site\/wp-content\/uploads\/2024\/10\/terezinha_domiciano.jpeg\" data-dt-img-description=\"\" data-large_image_width=\"1536\" data-large_image_height=\"798\"><img loading=\"lazy\" decoding=\"async\" class=\"alignright size-medium wp-image-32567\" src=\"https:\/\/www.adufpb.org.br\/site\/wp-content\/uploads\/2024\/10\/terezinha_domiciano-300x156.jpeg\" alt=\"\" width=\"300\" height=\"156\" srcset=\"https:\/\/www.adufpb.org.br\/site\/wp-content\/uploads\/2024\/10\/terezinha_domiciano-300x156.jpeg 300w, https:\/\/www.adufpb.org.br\/site\/wp-content\/uploads\/2024\/10\/terezinha_domiciano-1024x532.jpeg 1024w, https:\/\/www.adufpb.org.br\/site\/wp-content\/uploads\/2024\/10\/terezinha_domiciano-768x399.jpeg 768w, https:\/\/www.adufpb.org.br\/site\/wp-content\/uploads\/2024\/10\/terezinha_domiciano-250x130.jpeg 250w, https:\/\/www.adufpb.org.br\/site\/wp-content\/uploads\/2024\/10\/terezinha_domiciano.jpeg 1536w\" sizes=\"auto, (max-width: 300px) 100vw, 300px\" \/><\/a>Nesta quinta-feira (24), a ADUFPB realizar\u00e1 uma reuni\u00e3o com a reitora eleita e rec\u00e9m-nomeada da Universidade Federal da Para\u00edba (UFPB), a Profa. Dra. Terezinha Domiciano. Durante o encontro, marcado para acontecer \u00e0s 15h, a Diretoria Executiva do sindicato ir\u00e1 entregar \u00e0 nova reitora um documento contendo demandas hist\u00f3ricas da categoria na UFPB e outras que foram definidas ao longo da greve deste ano, incluindo a pauta local de reivindica\u00e7\u00f5es dos(as) docentes da UFPB.<\/p>\n<p>As demandas incluem quest\u00f5es relacionadas \u00e0s condi\u00e7\u00f5es de trabalho, progress\u00f5es funcionais, infraestrutura universit\u00e1ria, pol\u00edticas de valoriza\u00e7\u00e3o do ensino superior e criminaliza\u00e7\u00e3o de docentes e de movimentos sociais na UFPB. A expectativa \u00e9 de que o encontro seja um espa\u00e7o para dialogar sobre os desafios enfrentados pela comunidade acad\u00eamica, buscando alternativas que contemplem as necessidades no \u00e2mbito de nossa universidade.<\/p>\n<p><em>Fonte: Ascom ADUFPB<\/em><\/p>\n","protected":false},"excerpt":{"rendered":"<p>&nbsp; Nesta quinta-feira (24), a ADUFPB realizar\u00e1 uma reuni\u00e3o com a reitora eleita e rec\u00e9m-nomeada da Universidade Federal da Para\u00edba (UFPB), a Profa. Dra. Terezinha Domiciano. Durante o encontro, marcado para acontecer \u00e0s 15h, a Diretoria Executiva do sindicato ir\u00e1 entregar \u00e0 nova reitora um documento contendo demandas hist\u00f3ricas da categoria na UFPB e outras&hellip;<\/p>\n","protected":false},"author":3,"featured_media":32567,"comment_status":"closed","ping_status":"closed","sticky":false,"template":"","format":"standard","meta":{"footnotes":""},"categories":[15],"tags":[618,567,1721],"class_list":["post-32565","post","type-post","status-publish","format-standard","has-post-thumbnail","hentry","category-noticias","tag-reitora","tag-reuniao","tag-terezinha-domiciano","category-15","description-off"],"_links":{"self":[{"href":"https:\/\/www.adufpb.org.br\/site\/wp-json\/wp\/v2\/posts\/32565","targetHints":{"allow":["GET"]}}],"collection":[{"href":"https:\/\/www.adufpb.org.br\/site\/wp-json\/wp\/v2\/posts"}],"about":[{"href":"https:\/\/www.adufpb.org.br\/site\/wp-json\/wp\/v2\/types\/post"}],"author":[{"embeddable":true,"href":"https:\/\/www.adufpb.org.br\/site\/wp-json\/wp\/v2\/users\/3"}],"replies":[{"embeddable":true,"href":"https:\/\/www.adufpb.org.br\/site\/wp-json\/wp\/v2\/comments?post=32565"}],"version-history":[{"count":2,"href":"https:\/\/www.adufpb.org.br\/site\/wp-json\/wp\/v2\/posts\/32565\/revisions"}],"predecessor-version":[{"id":32568,"href":"https:\/\/www.adufpb.org.br\/site\/wp-json\/wp\/v2\/posts\/32565\/revisions\/32568"}],"wp:featuredmedia":[{"embeddable":true,"href":"https:\/\/www.adufpb.org.br\/site\/wp-json\/wp\/v2\/media\/32567"}],"wp:attachment":[{"href":"https:\/\/www.adufpb.org.br\/site\/wp-json\/wp\/v2\/media?parent=32565"}],"wp:term":[{"taxonomy":"category","embeddable":true,"href":"https:\/\/www.adufpb.org.br\/site\/wp-json\/wp\/v2\/categories?post=32565"},{"taxonomy":"post_tag","embeddable":true,"href":"https:\/\/www.adufpb.org.br\/site\/wp-json\/wp\/v2\/tags?post=32565"}],"curies":[{"name":"wp","href":"https:\/\/api.w.org\/{rel}","templated":true}]}}